{"id":247445,"date":"2023-08-03T08:58:04","date_gmt":"2023-08-03T12:58:04","guid":{"rendered":"https:\/\/www.ocorreionews.com.br\/acervo-correio\/?p=247445"},"modified":"2023-08-03T09:13:41","modified_gmt":"2023-08-03T13:13:41","slug":"fm-paraiso-comemora-aniversario-com-super-show-gratuito-neste-sabado","status":"publish","type":"post","link":"https:\/\/www.ocorreionews.com.br\/acervo-correio\/?p=247445","title":{"rendered":"FM Para\u00edso comemora anivers\u00e1rio com super show neste s\u00e1bado"},"content":{"rendered":"<p>Em comemora\u00e7\u00e3o a seus 8 anos no ar, a R\u00e1dio Comunit\u00e1ria FM Para\u00edso 87,9 traz para Para\u00edso das \u00c1guas um super evento para este fim de semana de feriado prolongado.<\/p>\n<p>No s\u00e1bado, 5 de agosto, a partir das 20 horas, na Pra\u00e7a Francisco R. Cunha, ser\u00e1 montada uma grande festa com apresenta\u00e7\u00f5es musicais e pra\u00e7a de alimenta\u00e7\u00e3o. A atra\u00e7\u00e3o da noite fica por conta do show com o Grupo Z\u00edngaro.<\/p>\n<p>A comemora\u00e7\u00e3o ser\u00e1 realizada por meio de parceria entre Prefeitura, C\u00e2mara de Vereadores, Funda\u00e7\u00e3o de Cultura e Governo do Estado de Mato Grosso do Sul.<\/p>\n<p>A FM Para\u00edso nasceu em 01 de agosto de 2015 com a soma de esfor\u00e7os entre a Prefeitura Municipal, Legislativo Municipal, sociedade e profissionais de comunica\u00e7\u00e3o que viam na r\u00e1dio uma ferramenta indispens\u00e1vel para a difus\u00e3o do conhecimento, da cultura, e da informa\u00e7\u00e3o.<\/p>\n<p>Um de seus idealizadores, o jornalista Fernando de Brito, fala da import\u00e2ncia desse ve\u00edculo de comunica\u00e7\u00e3o para o desenvolvimento de Para\u00edso das \u00c1guas.<\/p>\n<p>\u201cNossa r\u00e1dio \u00e9 a materializa\u00e7\u00e3o de um sonho por conta da uni\u00e3o de toda uma comunidade. Atualmente a FM Para\u00edso \u00e9 sintonizada em todos os cantos do munic\u00edpio pois estamos no ar tamb\u00e9m pela internet. Nossa programa\u00e7\u00e3o conta com notici\u00e1rios di\u00e1rios, programa\u00e7\u00e3o musical, programa\u00e7\u00e3o religiosa, presta\u00e7\u00e3o de servi\u00e7os comunit\u00e1rios, al\u00e9m das transmiss\u00f5es das sess\u00f5es da C\u00e2mara Municipal de Vereadores todas as ter\u00e7as-feiras\u201d, afirmou Brito.<\/p>\n<p>O prefeito de Para\u00edso das \u00c1guas, An\u00edzio Andrade, lembrou da import\u00e2ncia da r\u00e1dio como uma ferramenta poderosa de comunica\u00e7\u00e3o em momentos hist\u00f3ricos do munic\u00edpio.<\/p>\n<p>\u201cDurante as elei\u00e7\u00f5es a FM Para\u00edso faz um trabalho objetivo e respons\u00e1vel de apura\u00e7\u00e3o, fazendo com que a popula\u00e7\u00e3o acompanhe em tempo real os primeiros resultados da primeira elei\u00e7\u00e3o de nossa cidade. A FM Para\u00edso \u00e9 um patrim\u00f4nio do povo de nossa cidade\u201d, afirmou An\u00edzio.<\/p>\n<p>ASCOm PMPA<\/p>\n","protected":false},"excerpt":{"rendered":"<p>Em comemora\u00e7\u00e3o a seus 8 anos no ar, a R\u00e1dio Comunit\u00e1ria FM Para\u00edso 87,9 traz para Para\u00edso das \u00c1guas um super evento para este fim de semana de feriado prolongado. No s\u00e1bado, 5 de agosto, a partir das 20 horas, na Pra\u00e7a Francisco R. Cunha, ser\u00e1 montada uma grande festa com apresenta\u00e7\u00f5es musicais e pra\u00e7a [&hellip;]<\/p>\n","protected":false},"author":4,"featured_media":247447,"comment_status":"closed","ping_status":"closed","sticky":false,"template":"","format":"standard","meta":{"footnotes":""},"categories":[36],"tags":[],"class_list":["post-247445","post","type-post","status-publish","format-standard","has-post-thumbnail","hentry","category-paraiso-das-aguas"],"_links":{"self":[{"href":"https:\/\/www.ocorreionews.com.br\/acervo-correio\/index.php?rest_route=\/wp\/v2\/posts\/247445","targetHints":{"allow":["GET"]}}],"collection":[{"href":"https:\/\/www.ocorreionews.com.br\/acervo-correio\/index.php?rest_route=\/wp\/v2\/posts"}],"about":[{"href":"https:\/\/www.ocorreionews.com.br\/acervo-correio\/index.php?rest_route=\/wp\/v2\/types\/post"}],"author":[{"embeddable":true,"href":"https:\/\/www.ocorreionews.com.br\/acervo-correio\/index.php?rest_route=\/wp\/v2\/users\/4"}],"replies":[{"embeddable":true,"href":"https:\/\/www.ocorreionews.com.br\/acervo-correio\/index.php?rest_route=%2Fwp%2Fv2%2Fcomments&post=247445"}],"version-history":[{"count":3,"href":"https:\/\/www.ocorreionews.com.br\/acervo-correio\/index.php?rest_route=\/wp\/v2\/posts\/247445\/revisions"}],"predecessor-version":[{"id":247453,"href":"https:\/\/www.ocorreionews.com.br\/acervo-correio\/index.php?rest_route=\/wp\/v2\/posts\/247445\/revisions\/247453"}],"wp:featuredmedia":[{"embeddable":true,"href":"https:\/\/www.ocorreionews.com.br\/acervo-correio\/index.php?rest_route=\/wp\/v2\/media\/247447"}],"wp:attachment":[{"href":"https:\/\/www.ocorreionews.com.br\/acervo-correio\/index.php?rest_route=%2Fwp%2Fv2%2Fmedia&parent=247445"}],"wp:term":[{"taxonomy":"category","embeddable":true,"href":"https:\/\/www.ocorreionews.com.br\/acervo-correio\/index.php?rest_route=%2Fwp%2Fv2%2Fcategories&post=247445"},{"taxonomy":"post_tag","embeddable":true,"href":"https:\/\/www.ocorreionews.com.br\/acervo-correio\/index.php?rest_route=%2Fwp%2Fv2%2Ftags&post=247445"}],"curies":[{"name":"wp","href":"https:\/\/api.w.org\/{rel}","templated":true}]}}