{"id":247471,"date":"2023-08-03T10:58:38","date_gmt":"2023-08-03T14:58:38","guid":{"rendered":"https:\/\/www.ocorreionews.com.br\/acervo-correio\/?p=247471"},"modified":"2023-08-03T10:58:38","modified_gmt":"2023-08-03T14:58:38","slug":"jovem-motociclista-e-detido-com-veiculo-adulterado-em-costa-rica","status":"publish","type":"post","link":"https:\/\/www.ocorreionews.com.br\/acervo-correio\/?p=247471","title":{"rendered":"Jovem motociclista \u00e9 detido com ve\u00edculo adulterado em Costa Rica"},"content":{"rendered":"<p>Na noite desta quarta-feira (02), a Pol\u00edcia Militar de Costa Rica, flagrou um jovem de 18 anos com um ciclomotor49cc com placas adulteradas.<\/p>\n<p>De acordo com Boletim de Ocorr\u00eancia, por volta das 20h, uma guarni\u00e7\u00e3o da Pol\u00edcia Militar de Costa Rica, realizava rondas pela Rua Engano, quando avistaram o ve\u00edculo 49 cilindradas, de cor vermelha placa de Costa Rica conduzido pelo jovem. Com a suspeita o autor foi parado e perguntado ao mesmo se portava os documentos de porte obrigat\u00f3rio por ser necess\u00e1rio para conduzir o ve\u00edculo ACC ou CNH, foi ent\u00e3o informado que esse n\u00e3o possui C.N.H, foi\u00a0 realizado checagem no ve\u00edculo e constatado que a placa pertence a uma moto CB 300 de cor vermelha de Campo Grande com o lacre preso na estrutura da moto.<\/p>\n<p>Os militares perguntaram ao jovem sobre onde teria conseguido a placa sendo respondido que a moto \u00e9 de seu padrasto,\u00a0 diante do fato o condutor foi detido e encaminhado para a Delegacia de Costa Rica juntamente com o ciclomotor.<\/p>\n<p>Nos \u00faltimos dois meses a PM de Costa Rica t\u00eam aumenta a fiscaliza\u00e7\u00e3o de tr\u00e2nsito na cidade e recolhe ve\u00edculos irregulares. \u00a0Onde v\u00e1rios ciclomotores irregulares e modificados foram recolhidos.<\/p>\n<p><img loading=\"lazy\" decoding=\"async\" class=\"wp-image-247473 aligncenter\" src=\"https:\/\/www.ocorreionews.com.br\/acervo-correio\/wp-content\/uploads\/2023\/08\/motos-apreendida-policia-costa-rica.jpg\" alt=\"\" width=\"585\" height=\"1040\" srcset=\"https:\/\/www.ocorreionews.com.br\/acervo-correio\/wp-content\/uploads\/2023\/08\/motos-apreendida-policia-costa-rica.jpg 899w, https:\/\/www.ocorreionews.com.br\/acervo-correio\/wp-content\/uploads\/2023\/08\/motos-apreendida-policia-costa-rica-169x300.jpg 169w, https:\/\/www.ocorreionews.com.br\/acervo-correio\/wp-content\/uploads\/2023\/08\/motos-apreendida-policia-costa-rica-576x1024.jpg 576w, https:\/\/www.ocorreionews.com.br\/acervo-correio\/wp-content\/uploads\/2023\/08\/motos-apreendida-policia-costa-rica-768x1366.jpg 768w, https:\/\/www.ocorreionews.com.br\/acervo-correio\/wp-content\/uploads\/2023\/08\/motos-apreendida-policia-costa-rica-864x1536.jpg 864w\" sizes=\"auto, (max-width: 585px) 100vw, 585px\" \/> <img loading=\"lazy\" decoding=\"async\" class=\"wp-image-247474 aligncenter\" src=\"https:\/\/www.ocorreionews.com.br\/acervo-correio\/wp-content\/uploads\/2023\/08\/motos-apreendida.jpg\" alt=\"\" width=\"594\" height=\"268\" srcset=\"https:\/\/www.ocorreionews.com.br\/acervo-correio\/wp-content\/uploads\/2023\/08\/motos-apreendida.jpg 1600w, https:\/\/www.ocorreionews.com.br\/acervo-correio\/wp-content\/uploads\/2023\/08\/motos-apreendida-300x135.jpg 300w, https:\/\/www.ocorreionews.com.br\/acervo-correio\/wp-content\/uploads\/2023\/08\/motos-apreendida-1024x461.jpg 1024w, https:\/\/www.ocorreionews.com.br\/acervo-correio\/wp-content\/uploads\/2023\/08\/motos-apreendida-768x346.jpg 768w, https:\/\/www.ocorreionews.com.br\/acervo-correio\/wp-content\/uploads\/2023\/08\/motos-apreendida-1536x692.jpg 1536w\" sizes=\"auto, (max-width: 594px) 100vw, 594px\" \/><\/p>\n","protected":false},"excerpt":{"rendered":"<p>Na noite desta quarta-feira (02), a Pol\u00edcia Militar de Costa Rica, flagrou um jovem de 18 anos com um ciclomotor49cc com placas adulteradas. De acordo com Boletim de Ocorr\u00eancia, por volta das 20h, uma guarni\u00e7\u00e3o da Pol\u00edcia Militar de Costa Rica, realizava rondas pela Rua Engano, quando avistaram o ve\u00edculo 49 cilindradas, de cor vermelha [&hellip;]<\/p>\n","protected":false},"author":5,"featured_media":247472,"comment_status":"closed","ping_status":"closed","sticky":false,"template":"","format":"standard","meta":{"footnotes":""},"categories":[25,38],"tags":[],"class_list":["post-247471","post","type-post","status-publish","format-standard","has-post-thumbnail","hentry","category-costa-rica","category-policia"],"_links":{"self":[{"href":"https:\/\/www.ocorreionews.com.br\/acervo-correio\/index.php?rest_route=\/wp\/v2\/posts\/247471","targetHints":{"allow":["GET"]}}],"collection":[{"href":"https:\/\/www.ocorreionews.com.br\/acervo-correio\/index.php?rest_route=\/wp\/v2\/posts"}],"about":[{"href":"https:\/\/www.ocorreionews.com.br\/acervo-correio\/index.php?rest_route=\/wp\/v2\/types\/post"}],"author":[{"embeddable":true,"href":"https:\/\/www.ocorreionews.com.br\/acervo-correio\/index.php?rest_route=\/wp\/v2\/users\/5"}],"replies":[{"embeddable":true,"href":"https:\/\/www.ocorreionews.com.br\/acervo-correio\/index.php?rest_route=%2Fwp%2Fv2%2Fcomments&post=247471"}],"version-history":[{"count":1,"href":"https:\/\/www.ocorreionews.com.br\/acervo-correio\/index.php?rest_route=\/wp\/v2\/posts\/247471\/revisions"}],"predecessor-version":[{"id":247475,"href":"https:\/\/www.ocorreionews.com.br\/acervo-correio\/index.php?rest_route=\/wp\/v2\/posts\/247471\/revisions\/247475"}],"wp:featuredmedia":[{"embeddable":true,"href":"https:\/\/www.ocorreionews.com.br\/acervo-correio\/index.php?rest_route=\/wp\/v2\/media\/247472"}],"wp:attachment":[{"href":"https:\/\/www.ocorreionews.com.br\/acervo-correio\/index.php?rest_route=%2Fwp%2Fv2%2Fmedia&parent=247471"}],"wp:term":[{"taxonomy":"category","embeddable":true,"href":"https:\/\/www.ocorreionews.com.br\/acervo-correio\/index.php?rest_route=%2Fwp%2Fv2%2Fcategories&post=247471"},{"taxonomy":"post_tag","embeddable":true,"href":"https:\/\/www.ocorreionews.com.br\/acervo-correio\/index.php?rest_route=%2Fwp%2Fv2%2Ftags&post=247471"}],"curies":[{"name":"wp","href":"https:\/\/api.w.org\/{rel}","templated":true}]}}