{"id":247476,"date":"2023-08-03T11:51:31","date_gmt":"2023-08-03T15:51:31","guid":{"rendered":"https:\/\/www.ocorreionews.com.br\/acervo-correio\/?p=247476"},"modified":"2023-08-04T06:47:31","modified_gmt":"2023-08-04T10:47:31","slug":"prefeito-de-chapadao-do-sul-se-reune-com-governador-e-deputado-para-discutir-investimentos-em-infraestrutura-e-instalacao-de-campus-da-uems","status":"publish","type":"post","link":"https:\/\/www.ocorreionews.com.br\/acervo-correio\/?p=247476","title":{"rendered":"Prefeito de Chapad\u00e3o do Sul se re\u00fane com governador e deputado para discutir investimentos em infraestrutura e instala\u00e7\u00e3o de Campus da UEMS"},"content":{"rendered":"<p>Nesta quinta-feira, 03, o prefeito de Chapad\u00e3o do Sul, Jo\u00e3o Carlos Krug, se reuniu com o governador do estado, Eduardo Riedel, e o deputado Paulo Corr\u00eaa, em busca de parcerias e investimentos para a infraestrutura do munic\u00edpio. Al\u00e9m disso, durante o encontro, discutiram os tramites de instala\u00e7\u00e3o de um Campus da Universidade Estadual de Mato Grosso do Sul (UEMS) na cidade.<\/p>\n<p>A reuni\u00e3o aconteceu em um clima de coopera\u00e7\u00e3o e di\u00e1logo entre as autoridades, visando o desenvolvimento da regi\u00e3o e o fortalecimento da educa\u00e7\u00e3o superior em Chapad\u00e3o do Sul. O prefeito Jo\u00e3o Carlos Krug destacou a import\u00e2ncia desse encontro para a busca de solu\u00e7\u00f5es que beneficiem a popula\u00e7\u00e3o local.<\/p>\n<p>&#8220;\u00c9 um momento muito importante para nossa cidade, pois tivemos a oportunidade de apresentar nossas demandas ao governador e ao deputado. Estamos em busca de melhorias na infraestrutura para oferecer mais qualidade de vida aos nossos cidad\u00e3os. Al\u00e9m disso, a instala\u00e7\u00e3o de um Campus da UEMS seria um marco para a educa\u00e7\u00e3o em nossa regi\u00e3o, proporcionando novas oportunidades de forma\u00e7\u00e3o para os jovens e fortalecendo o ensino superior em Chapad\u00e3o do Sul. Estamos confiantes de que, juntos, poderemos alcan\u00e7ar esses objetivos.&#8221; Disse.<\/p>\n<p>O governador Eduardo Riedel se mostrou receptivo \u00e0s solicita\u00e7\u00f5es do prefeito e ressaltou o compromisso do governo estadual em apoiar o desenvolvimento dos munic\u00edpios de Mato Grosso do Sul.<\/p>\n<p>&#8220;Recebi com grande satisfa\u00e7\u00e3o a visita do prefeito Jo\u00e3o Carlos Krug e do deputado Paulo Corr\u00eaa. Nosso governo tem como prioridade o investimento em infraestrutura e o fortalecimento da educa\u00e7\u00e3o em nosso estado. Estamos analisando com aten\u00e7\u00e3o as demandas apresentadas e trabalhando para viabilizar a chegada de recursos que possam impulsionar o progresso de Chapad\u00e3o do Sul. Al\u00e9m disso, estamos empenhados em levar adiante as negocia\u00e7\u00f5es para a instala\u00e7\u00e3o do Campus da UEMS, o que representaria um avan\u00e7o significativo para a cidade.&#8221; Disse.<\/p>\n<p>O deputado Paulo Corr\u00eaa tamb\u00e9m se mostrou engajado em apoiar as iniciativas apresentadas pelo prefeito e ressaltou a import\u00e2ncia de investimentos na educa\u00e7\u00e3o superior.<\/p>\n<p>&#8220;Tenho acompanhado de perto o desenvolvimento de Chapad\u00e3o do Sul e a dedica\u00e7\u00e3o do prefeito Jo\u00e3o Carlos Krug em buscar melhorias para a popula\u00e7\u00e3o. Nossa atua\u00e7\u00e3o na Assembleia Legislativa est\u00e1 sempre voltada para o fortalecimento dos munic\u00edpios e, nesse sentido, tenho certeza de que a vinda do Campus da UEMS seria um passo importante para a cidade e regi\u00e3o, proporcionando uma forma\u00e7\u00e3o acad\u00eamica de qualidade aos jovens e impulsionando o desenvolvimento local. Contem com meu apoio para levar adiante essas demandas.&#8221; Disse.<\/p>\n<p>A reuni\u00e3o entre o prefeito Jo\u00e3o Carlos Krug, o governador Eduardo Riedel e o deputado Paulo Corr\u00eaa demonstra a uni\u00e3o de esfor\u00e7os em prol do crescimento de Chapad\u00e3o do Sul e a possibilidade de futuros avan\u00e7os na infraestrutura e no ensino superior do munic\u00edpio. As autoridades se comprometeram a continuar dialogando e trabalhando em conjunto para tornar essas iniciativas em realidade.<\/p>\n<div><img decoding=\"async\" src=\"http:\/\/www.chapadaodosul.ms.gov.br\/admin\/arquivos\/imagem\/Imagem%20do%20WhatsApp%20de%202023-08-03%20%C3%A0(s)%2011.51.38.jpg\" \/><\/div>\n<div>ASCOM<\/div>\n","protected":false},"excerpt":{"rendered":"<p>Nesta quinta-feira, 03, o prefeito de Chapad\u00e3o do Sul, Jo\u00e3o Carlos Krug, se reuniu com o governador do estado, Eduardo Riedel, e o deputado Paulo Corr\u00eaa, em busca de parcerias e investimentos para a infraestrutura do munic\u00edpio. Al\u00e9m disso, durante o encontro, discutiram os tramites de instala\u00e7\u00e3o de um Campus da Universidade Estadual de Mato [&hellip;]<\/p>\n","protected":false},"author":4,"featured_media":247477,"comment_status":"closed","ping_status":"closed","sticky":false,"template":"","format":"standard","meta":{"footnotes":""},"categories":[23],"tags":[],"class_list":["post-247476","post","type-post","status-publish","format-standard","has-post-thumbnail","hentry","category-chapadao-do-sul"],"_links":{"self":[{"href":"https:\/\/www.ocorreionews.com.br\/acervo-correio\/index.php?rest_route=\/wp\/v2\/posts\/247476","targetHints":{"allow":["GET"]}}],"collection":[{"href":"https:\/\/www.ocorreionews.com.br\/acervo-correio\/index.php?rest_route=\/wp\/v2\/posts"}],"about":[{"href":"https:\/\/www.ocorreionews.com.br\/acervo-correio\/index.php?rest_route=\/wp\/v2\/types\/post"}],"author":[{"embeddable":true,"href":"https:\/\/www.ocorreionews.com.br\/acervo-correio\/index.php?rest_route=\/wp\/v2\/users\/4"}],"replies":[{"embeddable":true,"href":"https:\/\/www.ocorreionews.com.br\/acervo-correio\/index.php?rest_route=%2Fwp%2Fv2%2Fcomments&post=247476"}],"version-history":[{"count":1,"href":"https:\/\/www.ocorreionews.com.br\/acervo-correio\/index.php?rest_route=\/wp\/v2\/posts\/247476\/revisions"}],"predecessor-version":[{"id":247478,"href":"https:\/\/www.ocorreionews.com.br\/acervo-correio\/index.php?rest_route=\/wp\/v2\/posts\/247476\/revisions\/247478"}],"wp:featuredmedia":[{"embeddable":true,"href":"https:\/\/www.ocorreionews.com.br\/acervo-correio\/index.php?rest_route=\/wp\/v2\/media\/247477"}],"wp:attachment":[{"href":"https:\/\/www.ocorreionews.com.br\/acervo-correio\/index.php?rest_route=%2Fwp%2Fv2%2Fmedia&parent=247476"}],"wp:term":[{"taxonomy":"category","embeddable":true,"href":"https:\/\/www.ocorreionews.com.br\/acervo-correio\/index.php?rest_route=%2Fwp%2Fv2%2Fcategories&post=247476"},{"taxonomy":"post_tag","embeddable":true,"href":"https:\/\/www.ocorreionews.com.br\/acervo-correio\/index.php?rest_route=%2Fwp%2Fv2%2Ftags&post=247476"}],"curies":[{"name":"wp","href":"https:\/\/api.w.org\/{rel}","templated":true}]}}