{"id":247479,"date":"2023-08-03T13:55:06","date_gmt":"2023-08-03T17:55:06","guid":{"rendered":"https:\/\/www.ocorreionews.com.br\/acervo-correio\/?p=247479"},"modified":"2023-08-03T13:55:06","modified_gmt":"2023-08-03T17:55:06","slug":"jovens-ficam-com-o-corpo-coberto-por-chamas-apos-acenderem-carvao-de-narguile-utilizando-alcool","status":"publish","type":"post","link":"https:\/\/www.ocorreionews.com.br\/acervo-correio\/?p=247479","title":{"rendered":"Jovens ficam com o corpo coberto por chamas ap\u00f3s acenderem carv\u00e3o de narguil\u00e9 utilizando \u00e1lcool"},"content":{"rendered":"<div id=\"chunk-9anas\">\n<div class=\"mc-column content-text active-extra-styles \" data-block-type=\"unstyled\" data-block-weight=\"36\" data-block-id=\"3\">\n<p class=\"content-text__container \" data-track-category=\"Link no Texto\" data-track-links=\"\">Dois jovens, de 25 e 21 anos, tiveram o corpo cobertos por chamas ap\u00f3s acenderam o carv\u00e3o de narguil\u00e9 usando \u00e1lcool. O acidente aconteceu na noite dessa quarta-feira (2), no Jardim Batist\u00e3o, em Campo Grande &#8211; MS.<\/p>\n<p data-track-category=\"Link no Texto\" data-track-links=\"\">\n<\/div>\n<\/div>\n<div class=\"wall protected-content\">\n<div id=\"chunk-bho1n\">\n<div class=\"mc-column content-text active-extra-styles \" data-block-type=\"unstyled\" data-block-weight=\"28\" data-block-id=\"4\">\n<p class=\"content-text__container \" data-track-category=\"Link no Texto\" data-track-links=\"\">Os primos estavam sozinhos na resid\u00eancia quando o fogo se alastrou. Desesperados com as chamas, o mais velho correu para de baixo do chuveiro para tentar apagar.<\/p>\n<p data-track-category=\"Link no Texto\" data-track-links=\"\">\n<\/div>\n<\/div>\n<div id=\"chunk-3i65m\">\n<div class=\"mc-column content-text active-extra-styles \" data-block-type=\"unstyled\" data-block-weight=\"53\" data-block-id=\"5\">\n<p class=\"content-text__container \" data-track-category=\"Link no Texto\" data-track-links=\"\">O Corpo de Bombeiros foi acionado pela av\u00f3 dos jovens. Eles foram socorridos at\u00e9 Santa Casa de Campo Grande, onde seguem internados. Conforme o hospital, o mais novo teve queimaduras de segundo grau na regi\u00e3o posterior da perna direita, at\u00e9 a altura da coxa. Ele est\u00e1 consciente, orientado e recebendo medica\u00e7\u00f5es para dor.<\/p>\n<p data-track-category=\"Link no Texto\" data-track-links=\"\">\n<\/div>\n<\/div>\n<div id=\"chunk-cmggl\">\n<div class=\"mc-column content-text active-extra-styles \" data-block-type=\"unstyled\" data-block-weight=\"23\" data-block-id=\"7\">\n<p class=\"content-text__container \" data-track-category=\"Link no Texto\" data-track-links=\"\">J\u00e1 o mais velho, teve queimaduras mais graves, de acordo com familiares, e est\u00e1 internado na emerg\u00eancia do hospital, aguardando avalia\u00e7\u00e3o m\u00e9dica.<\/p>\n<p data-track-category=\"Link no Texto\" data-track-links=\"\">\n<\/div>\n<\/div>\n<\/div>\n<p data-track-category=\"Link no Texto\" data-track-links=\"\">\n<p data-track-category=\"Link no Texto\" data-track-links=\"\">\n<div class=\"wall protected-content\">\n<div id=\"chunk-cmggl\">\n<div class=\"mc-column content-text active-extra-styles \" data-block-type=\"unstyled\" data-block-weight=\"23\" data-block-id=\"7\">\n<p class=\"content-publication-data__from\" title=\"D\u00e9bora Ricalde, Adriano Fernandes e Vin\u00edcius Souza, g1 MS e TV Morena\">Por D\u00e9bora Ricalde, Adriano Fernandes e Vin\u00edcius Souza, g1 MS e TV Morena<\/p>\n<\/div>\n<\/div>\n<\/div>\n","protected":false},"excerpt":{"rendered":"<p>Dois jovens, de 25 e 21 anos, tiveram o corpo cobertos por chamas ap\u00f3s acenderam o carv\u00e3o de narguil\u00e9 usando \u00e1lcool. O acidente aconteceu na noite dessa quarta-feira (2), no Jardim Batist\u00e3o, em Campo Grande &#8211; MS. Os primos estavam sozinhos na resid\u00eancia quando o fogo se alastrou. Desesperados com as chamas, o mais velho [&hellip;]<\/p>\n","protected":false},"author":5,"featured_media":247482,"comment_status":"closed","ping_status":"closed","sticky":false,"template":"","format":"standard","meta":{"footnotes":""},"categories":[38],"tags":[],"class_list":["post-247479","post","type-post","status-publish","format-standard","has-post-thumbnail","hentry","category-policia"],"_links":{"self":[{"href":"https:\/\/www.ocorreionews.com.br\/acervo-correio\/index.php?rest_route=\/wp\/v2\/posts\/247479","targetHints":{"allow":["GET"]}}],"collection":[{"href":"https:\/\/www.ocorreionews.com.br\/acervo-correio\/index.php?rest_route=\/wp\/v2\/posts"}],"about":[{"href":"https:\/\/www.ocorreionews.com.br\/acervo-correio\/index.php?rest_route=\/wp\/v2\/types\/post"}],"author":[{"embeddable":true,"href":"https:\/\/www.ocorreionews.com.br\/acervo-correio\/index.php?rest_route=\/wp\/v2\/users\/5"}],"replies":[{"embeddable":true,"href":"https:\/\/www.ocorreionews.com.br\/acervo-correio\/index.php?rest_route=%2Fwp%2Fv2%2Fcomments&post=247479"}],"version-history":[{"count":2,"href":"https:\/\/www.ocorreionews.com.br\/acervo-correio\/index.php?rest_route=\/wp\/v2\/posts\/247479\/revisions"}],"predecessor-version":[{"id":247484,"href":"https:\/\/www.ocorreionews.com.br\/acervo-correio\/index.php?rest_route=\/wp\/v2\/posts\/247479\/revisions\/247484"}],"wp:featuredmedia":[{"embeddable":true,"href":"https:\/\/www.ocorreionews.com.br\/acervo-correio\/index.php?rest_route=\/wp\/v2\/media\/247482"}],"wp:attachment":[{"href":"https:\/\/www.ocorreionews.com.br\/acervo-correio\/index.php?rest_route=%2Fwp%2Fv2%2Fmedia&parent=247479"}],"wp:term":[{"taxonomy":"category","embeddable":true,"href":"https:\/\/www.ocorreionews.com.br\/acervo-correio\/index.php?rest_route=%2Fwp%2Fv2%2Fcategories&post=247479"},{"taxonomy":"post_tag","embeddable":true,"href":"https:\/\/www.ocorreionews.com.br\/acervo-correio\/index.php?rest_route=%2Fwp%2Fv2%2Ftags&post=247479"}],"curies":[{"name":"wp","href":"https:\/\/api.w.org\/{rel}","templated":true}]}}