{"id":247485,"date":"2023-08-03T14:22:49","date_gmt":"2023-08-03T18:22:49","guid":{"rendered":"https:\/\/www.ocorreionews.com.br\/acervo-correio\/?p=247485"},"modified":"2023-08-03T14:23:33","modified_gmt":"2023-08-03T18:23:33","slug":"helicoptero-cai-com-dois-ocupantes-em-mata-fechada-de-ms-foi-encontrado-r32-mil-em-especie","status":"publish","type":"post","link":"https:\/\/www.ocorreionews.com.br\/acervo-correio\/?p=247485","title":{"rendered":"Helic\u00f3ptero cai com dois ocupantes em mata fechada de MS. Foi encontrado R$32 mil em esp\u00e9cie"},"content":{"rendered":"<p>Helic\u00f3ptero caiu na manh\u00e3 desta quinta-feira (3), na regi\u00e3o do Parque Estadual das V\u00e1rzeas do Rio Ivinhema, localizado na regi\u00e3o de Navira\u00ed, distante 366 quil\u00f4metros de Campo Grande. A aeronave ficou completamente destru\u00edda, mas os dois ocupantes da aeronave sofreram ferimentos leves e foram socorridos pela PMA (Pol\u00edcia Miliar Ambiental).<\/p>\n<p>Conforme a pol\u00edcia, a equipe foi acionada por comunica\u00e7\u00e3o via sat\u00e9lite. Pr\u00f3ximo ao local indicado, um drone foi utilizado para localizar o sinal e ap\u00f3s alguns minutos foi visualizado um helic\u00f3ptero em meio \u00e0 vegeta\u00e7\u00e3o de v\u00e1rzeas, \u00e1rea alagada.<\/p>\n<p>Os policiais desembarcaram e entraram na mata fechada, \u00e0s margens do rio, e ap\u00f3s andar por cerca de 15 minutos, ouviram gritos de pedido de socorro e assobios.<\/p>\n<p>Eram dois homens, assustados, com sinais de desidrata\u00e7\u00e3o, fadiga, muitas dores pelo corpo e algumas escoria\u00e7\u00f5es nas m\u00e3os e p\u00e9s. Eles contaram que eram tripulantes do helic\u00f3ptero que caiu e j\u00e1 estavam no local h\u00e1 cerca de 5 horas.<\/p>\n<figure style=\"width: 599px\" class=\"wp-caption aligncenter\"><img loading=\"lazy\" decoding=\"async\" class=\"img-fluid\" src=\"https:\/\/cdn6.campograndenews.com.br\/uploads\/noticias\/2023\/08\/03\/n7sabyl6wqm7.png\" sizes=\"auto, (min-width: 1024px) calc(.5 * (100vw - 21.875em)), 100vw\" srcset=\"https:\/\/cdn6.campograndenews.com.br\/uploads\/noticias\/2023\/08\/03\/2tu0v4jztfi8o.png 1024w, https:\/\/cdn6.campograndenews.com.br\/uploads\/noticias\/2023\/08\/03\/1dof9mzo1zcaf.png 640w, https:\/\/cdn6.campograndenews.com.br\/uploads\/noticias\/2023\/08\/03\/n7sabyl6wqm7.png 320w\" alt=\"Helic\u00f3ptero ficou destru\u00eddo (Foto: divulga\u00e7\u00e3o \/ PMA)\" width=\"599\" height=\"419\" \/><figcaption class=\"wp-caption-text\">Helic\u00f3ptero ficou destru\u00eddo (Foto: divulga\u00e7\u00e3o \/ PMA)<\/figcaption><\/figure>\n<p>&nbsp;<\/p>\n<p>A aeronave, ano 2003, modelo R22 BETA, ficou totalmente destru\u00edda. O piloto n\u00e3o soube definir o motivo da queda. Ele disse que havia sa\u00eddo de Siqueira Campos, Paran\u00e1, com destino \u00e0 cidade de F\u00e1tima do Sul, onde o helic\u00f3ptero seria levado para uma oficina.<\/p>\n<p>Os dois foram resgatados pelos policiais e levados para a sede do Parque Estadual das V\u00e1rzeas do Rio Ivinhema para cuidados m\u00e9dicos. Com as v\u00edtimas foram encontrados R$ 32 mil, distribu\u00eddos em notas de R$ 100.<\/p>\n<p>Questionados sobre o dinheiro, relataram que o valor seria usado para custeio das despesas e manuten\u00e7\u00e3o da aeronave. O caso foi registrado na Delegacia de Pol\u00edcia Civil de Navira\u00ed, onde ser\u00e1 investigado.<\/p>\n<p>&nbsp;<\/p>\n<p>Por Viviane Oliveira &#8211; Campo Grande News<\/p>\n","protected":false},"excerpt":{"rendered":"<p>Helic\u00f3ptero caiu na manh\u00e3 desta quinta-feira (3), na regi\u00e3o do Parque Estadual das V\u00e1rzeas do Rio Ivinhema, localizado na regi\u00e3o de Navira\u00ed, distante 366 quil\u00f4metros de Campo Grande. A aeronave ficou completamente destru\u00edda, mas os dois ocupantes da aeronave sofreram ferimentos leves e foram socorridos pela PMA (Pol\u00edcia Miliar Ambiental). Conforme a pol\u00edcia, a equipe [&hellip;]<\/p>\n","protected":false},"author":5,"featured_media":247486,"comment_status":"closed","ping_status":"closed","sticky":false,"template":"","format":"standard","meta":{"footnotes":""},"categories":[38],"tags":[],"class_list":["post-247485","post","type-post","status-publish","format-standard","has-post-thumbnail","hentry","category-policia"],"_links":{"self":[{"href":"https:\/\/www.ocorreionews.com.br\/acervo-correio\/index.php?rest_route=\/wp\/v2\/posts\/247485","targetHints":{"allow":["GET"]}}],"collection":[{"href":"https:\/\/www.ocorreionews.com.br\/acervo-correio\/index.php?rest_route=\/wp\/v2\/posts"}],"about":[{"href":"https:\/\/www.ocorreionews.com.br\/acervo-correio\/index.php?rest_route=\/wp\/v2\/types\/post"}],"author":[{"embeddable":true,"href":"https:\/\/www.ocorreionews.com.br\/acervo-correio\/index.php?rest_route=\/wp\/v2\/users\/5"}],"replies":[{"embeddable":true,"href":"https:\/\/www.ocorreionews.com.br\/acervo-correio\/index.php?rest_route=%2Fwp%2Fv2%2Fcomments&post=247485"}],"version-history":[{"count":2,"href":"https:\/\/www.ocorreionews.com.br\/acervo-correio\/index.php?rest_route=\/wp\/v2\/posts\/247485\/revisions"}],"predecessor-version":[{"id":247488,"href":"https:\/\/www.ocorreionews.com.br\/acervo-correio\/index.php?rest_route=\/wp\/v2\/posts\/247485\/revisions\/247488"}],"wp:featuredmedia":[{"embeddable":true,"href":"https:\/\/www.ocorreionews.com.br\/acervo-correio\/index.php?rest_route=\/wp\/v2\/media\/247486"}],"wp:attachment":[{"href":"https:\/\/www.ocorreionews.com.br\/acervo-correio\/index.php?rest_route=%2Fwp%2Fv2%2Fmedia&parent=247485"}],"wp:term":[{"taxonomy":"category","embeddable":true,"href":"https:\/\/www.ocorreionews.com.br\/acervo-correio\/index.php?rest_route=%2Fwp%2Fv2%2Fcategories&post=247485"},{"taxonomy":"post_tag","embeddable":true,"href":"https:\/\/www.ocorreionews.com.br\/acervo-correio\/index.php?rest_route=%2Fwp%2Fv2%2Ftags&post=247485"}],"curies":[{"name":"wp","href":"https:\/\/api.w.org\/{rel}","templated":true}]}}