{"id":247499,"date":"2023-08-03T18:51:51","date_gmt":"2023-08-03T22:51:51","guid":{"rendered":"https:\/\/www.ocorreionews.com.br\/acervo-correio\/?p=247499"},"modified":"2023-08-03T18:51:51","modified_gmt":"2023-08-03T22:51:51","slug":"prefeito-de-chapadao-do-sul-se-reune-com-secretario-de-infraestrutura-e-logistica-para-discutir-melhorias-nas-estradas-estaduais","status":"publish","type":"post","link":"https:\/\/www.ocorreionews.com.br\/acervo-correio\/?p=247499","title":{"rendered":"Prefeito de Chapad\u00e3o do Sul se re\u00fane com Secret\u00e1rio de Infraestrutura e Log\u00edstica para discutir melhorias nas estradas estaduais"},"content":{"rendered":"<p>Em uma importante reuni\u00e3o realizada hoje, 03 de agosto, o prefeito de Chapad\u00e3o do Sul se encontrou com o Secret\u00e1rio de Infraestrutura e Log\u00edstica do estado, H\u00e9lio Peluffo. O encontro teve como foco discutir projetos e melhorias nas estradas estaduais que atravessam a regi\u00e3o de Chapad\u00e3o do Sul.<\/p>\n<p>Durante a reuni\u00e3o, foram debatidas medidas para aprimorar a infraestrutura vi\u00e1ria, visando a seguran\u00e7a dos motoristas e o desenvolvimento econ\u00f4mico da localidade. O prefeito destacou a relev\u00e2ncia das estradas estaduais para a mobilidade intermunicipal, al\u00e9m da import\u00e2ncia estrat\u00e9gica para o escoamento de produtos e servi\u00e7os da regi\u00e3o.<\/p>\n<p>O Secret\u00e1rio H\u00e9lio Peluffo expressou o compromisso do governo estadual em apoiar os munic\u00edpios na melhoria das rodovias. Ele ressaltou a parceria com as prefeituras para a viabiliza\u00e7\u00e3o de recursos e a execu\u00e7\u00e3o eficiente dos projetos de infraestrutura.<\/p>\n<p>Os principais pontos discutidos na reuni\u00e3o incluem a revitaliza\u00e7\u00e3o de trechos cr\u00edticos das estradas, a implanta\u00e7\u00e3o de novos dispositivos de seguran\u00e7a, como sinaliza\u00e7\u00f5es e redutores de velocidade, e a\u00e7\u00f5es para garantir a manuten\u00e7\u00e3o constante das vias.<\/p>\n<p>O prefeito e o secret\u00e1rio reafirmaram a import\u00e2ncia da coopera\u00e7\u00e3o entre os entes governamentais para promover o progresso e a qualidade de vida dos cidad\u00e3os de Chapad\u00e3o do Sul. A parceria entre a prefeitura de Chapad\u00e3o do Sul e o governo estadual se mostra fundamental para impulsionar o desenvolvimento socioecon\u00f4mico local e promover um tr\u00e2nsito mais seguro e eficiente para todos.<\/p>\n<p>As a\u00e7\u00f5es resultantes dessa reuni\u00e3o devem beneficiar n\u00e3o apenas os moradores de Chapad\u00e3o do Sul, mas tamb\u00e9m os visitantes e comerciantes que utilizam as estradas estaduais em suas atividades di\u00e1rias. O trabalho conjunto entre os \u00f3rg\u00e3os governamentais \u00e9 essencial para alcan\u00e7ar um futuro mais promissor para a regi\u00e3o.<\/p>\n<p>ascom<\/p>\n","protected":false},"excerpt":{"rendered":"<p>Em uma importante reuni\u00e3o realizada hoje, 03 de agosto, o prefeito de Chapad\u00e3o do Sul se encontrou com o Secret\u00e1rio de Infraestrutura e Log\u00edstica do estado, H\u00e9lio Peluffo. O encontro teve como foco discutir projetos e melhorias nas estradas estaduais que atravessam a regi\u00e3o de Chapad\u00e3o do Sul. Durante a reuni\u00e3o, foram debatidas medidas para [&hellip;]<\/p>\n","protected":false},"author":4,"featured_media":247502,"comment_status":"closed","ping_status":"closed","sticky":false,"template":"","format":"standard","meta":{"footnotes":""},"categories":[23,41],"tags":[],"class_list":["post-247499","post","type-post","status-publish","format-standard","has-post-thumbnail","hentry","category-chapadao-do-sul","category-destaque"],"_links":{"self":[{"href":"https:\/\/www.ocorreionews.com.br\/acervo-correio\/index.php?rest_route=\/wp\/v2\/posts\/247499","targetHints":{"allow":["GET"]}}],"collection":[{"href":"https:\/\/www.ocorreionews.com.br\/acervo-correio\/index.php?rest_route=\/wp\/v2\/posts"}],"about":[{"href":"https:\/\/www.ocorreionews.com.br\/acervo-correio\/index.php?rest_route=\/wp\/v2\/types\/post"}],"author":[{"embeddable":true,"href":"https:\/\/www.ocorreionews.com.br\/acervo-correio\/index.php?rest_route=\/wp\/v2\/users\/4"}],"replies":[{"embeddable":true,"href":"https:\/\/www.ocorreionews.com.br\/acervo-correio\/index.php?rest_route=%2Fwp%2Fv2%2Fcomments&post=247499"}],"version-history":[{"count":1,"href":"https:\/\/www.ocorreionews.com.br\/acervo-correio\/index.php?rest_route=\/wp\/v2\/posts\/247499\/revisions"}],"predecessor-version":[{"id":247503,"href":"https:\/\/www.ocorreionews.com.br\/acervo-correio\/index.php?rest_route=\/wp\/v2\/posts\/247499\/revisions\/247503"}],"wp:featuredmedia":[{"embeddable":true,"href":"https:\/\/www.ocorreionews.com.br\/acervo-correio\/index.php?rest_route=\/wp\/v2\/media\/247502"}],"wp:attachment":[{"href":"https:\/\/www.ocorreionews.com.br\/acervo-correio\/index.php?rest_route=%2Fwp%2Fv2%2Fmedia&parent=247499"}],"wp:term":[{"taxonomy":"category","embeddable":true,"href":"https:\/\/www.ocorreionews.com.br\/acervo-correio\/index.php?rest_route=%2Fwp%2Fv2%2Fcategories&post=247499"},{"taxonomy":"post_tag","embeddable":true,"href":"https:\/\/www.ocorreionews.com.br\/acervo-correio\/index.php?rest_route=%2Fwp%2Fv2%2Ftags&post=247499"}],"curies":[{"name":"wp","href":"https:\/\/api.w.org\/{rel}","templated":true}]}}