{"id":247506,"date":"2023-08-04T06:26:17","date_gmt":"2023-08-04T10:26:17","guid":{"rendered":"https:\/\/www.ocorreionews.com.br\/acervo-correio\/?p=247506"},"modified":"2023-08-04T06:26:17","modified_gmt":"2023-08-04T10:26:17","slug":"amplavisao-eleicoes-o-raio-pode-cair-duas-vezes-no-mesmo-lugar","status":"publish","type":"post","link":"https:\/\/www.ocorreionews.com.br\/acervo-correio\/?p=247506","title":{"rendered":"Amplavis\u00e3o &#8211; Elei\u00e7\u00f5es: o raio pode cair duas vezes no mesmo lugar?"},"content":{"rendered":"<p><strong><u>MINEIRA?<\/u><\/strong>\u00a0Aparentemente t\u00edmida, mas corajosa e eficiente, a prefeita Adriane Lopes (PP) vai ganhando estatura pol\u00edtica ap\u00f3s caminhar um per\u00edodo sobre cristais. Os n\u00fameros de pesquisas recentes a colocam em condi\u00e7\u00f5es de disputar o 2\u00ba turno para a prefeitura da capital. Por enquanto ela \u00e9 a grande novidade no cen\u00e1rio para 2024.<\/p>\n<p><strong><u>MINEIRO?\u00a0<\/u><\/strong> Ao seu estilo conciliador o deputado L\u00eddio Lopes (Patriota) agrada como articulador pol\u00edtico da administra\u00e7\u00e3o de sua mulher Adriane, atraindo apoios e viabilizando condi\u00e7\u00f5es da gest\u00e3o. Experiente, prefere continuar atuando nos bastidores e acredita piamente num conjunto de fatores para viabilizar a vit\u00f3ria em 2024.<\/p>\n<p><strong><u>MEIA VOLTA?\u00a0<\/u><\/strong>\u00a0\u00a0N\u00e3o, ela fica! \u00a0Na pol\u00edtica o status do cargo vale mais do que a coer\u00eancia. Situa\u00e7\u00e3o no m\u00ednimo desconfort\u00e1vel da ministra Simone Tebet (MDB) pelo esvaziamento de sua pasta, onde restou pouco a fazer.\u00a0 A nomea\u00e7\u00e3o do presidente do IBGE sem ela ser ao menos consultada mostra seu desprest\u00edgio no Governo.<\/p>\n<p><strong><u>ESB\u00d3RNIA:\u00a0<\/u><\/strong>\u00a0Senadores e deputados sem motivos para reclamar da generosidade do Governo Lula que \u00e0s v\u00e9speras da vota\u00e7\u00e3o do tal arcabou\u00e7o fiscal liberou nada menos que R$7,5 bilh\u00f5es em emendas. O surreal do ato \u00e9 que os Governos Estaduais e prefeitos poder\u00e3o gastar esse dinheiro \u00e0 vontade \u2013 isto \u00e9 \u2013 como e onde bem entenderem.<\/p>\n<p><strong><u>SEM PESO!\u00a0<\/u><\/strong>\u00a0Duvido que o TCU faria o mesmo se o interessado fosse um estado como S\u00e3o Paulo. A sua decis\u00e3o suspeita em pr\u00f3l da CCRMsVia nos casos da BR-163 e da ferrovia Malha Oeste mostra \u2018os esquemas do sistema\u2019 viciado vencendo nossa pequena representa\u00e7\u00e3o pol\u00edtica no cen\u00e1rio nacional. Vamos engolir mais esse sapo?<\/p>\n<p><strong><u>A GUERRA:<\/u><\/strong>\u00a0Os deputados Pedrossian Neto (PSD) e Junior Mochi (MDB) querem reverter essa decis\u00e3o maligna e t\u00eam feito manifesta\u00e7\u00f5es esclarecedoras com subs\u00eddios \u00a0jur\u00eddicos pertinentes\u00a0 sobre as irregularidades com a coniv\u00eancia do poder p\u00fablico (leia-se ANTT). Neste dia 8 ter\u00e3o audi\u00eancia com o governador Riedel exclusivamente sobre o problema.<\/p>\n<p><strong><u>POL\u00caMICA:<\/u><\/strong>\u00a0\u00a0A decis\u00e3o do STF pela descriminaliza\u00e7\u00e3o do uso pessoal da maconha pode abrir portas para consequ\u00eancias perigosas. Se aqui esculhambam leis e preceitos \u2013 \u00e9 preciso questionar: \u2018estaremos preparados? \u2019 O senador Rodrigo Pacheco (PSD), presidente do Senado, j\u00e1 lembrou que o papel \u00e9 do Congresso e\u00a0 jamais do STF.<\/p>\n<p><strong><u>LEMBRETE:<\/u><\/strong>\u00a0O raio pode cair duas vezes no mesmo lugar? Na pol\u00edtica\u00a0<strong>recordar \u00e9 alertar<\/strong>. Nas \u2018memor\u00e1veis\u2019 elei\u00e7\u00f5es prefeiturais de Campo Grande em 2012 tivemos 7 candidatos ao Executivo e 501 postulantes ao legislativo. Portanto, o eleitor n\u00e3o podia alegar falta de op\u00e7\u00f5es diante da generosa quantidade e diversidade de postulantes.<\/p>\n<p><strong><u>VEJA BEM:<\/u><\/strong>\u00a0O arco de alian\u00e7as em prol do candidato Edson Giroto (MDB) reuniu cerca de\u00a0<strong>246 candidatos<\/strong>\u00a0a verean\u00e7a em 16 partidos de tend\u00eancias diversas: PCdoB, PR, PDT, DEM, PTdoB, PPL, PSB, PSL, PTC, PRTB, PRB, PRP, PSC, PSDC e PSD. Detalhe: quase a metade dos 501 aspirantes a verean\u00e7a apoiavam o candidato Giroto, al\u00e9m do prefeito Nelson Trad\u00a0 e do governador Andr\u00e9 Puccielli (MDB)<\/p>\n<p><strong><u>A DIFEREN\u00c7A:<\/u><\/strong>\u00a0J\u00e1 os demais candidatos tinham menor estrutura com menos partidos e candidatos \u00e0 verean\u00e7a.\u00a0 Sem aliados, Alcides Bernal (PP) lan\u00e7ou s\u00f3 28 pretendentes ao legislativo. Quem mais se aproximou do candidato Giroto foi Reinaldo Azambuja (PSDB): 137 candidatos \u00e0 verean\u00e7a distribu\u00eddos tamb\u00e9m no PPS, PHS, PMN e PTB.<\/p>\n<p><strong><u>AS CAUSAS:<\/u><\/strong>\u00a0At\u00e9 hoje comentadas: Imposi\u00e7\u00e3o do ent\u00e3o governador Andr\u00e9 Puccinelli (MDB); a fadiga do velho grupo no poder; a falta de renova\u00e7\u00e3o facilitando o dom\u00ednio dos mesmos personagens. Enfim, embora o pleito de 2024 esteja no horizonte, vale expor esse fato eleitoral como exemplo, li\u00e7\u00e3o e alerta.<\/p>\n<p><strong><u>CONFISS\u00c3O:<\/u><\/strong>\u00a0As pesquisas mostram v\u00e1rios aspectos da elei\u00e7\u00e3o, at\u00e9 induzem.\u00a0 Mas \u00e0s vezes escondem singularidades preciosas que acabam passando ao largo do leitor. Evidente, ap\u00f3s 2012 o cen\u00e1rio mudou. Mas fatores \u2018question\u00e1veis\u2019 \u00a0\u00a0omitidos pela m\u00eddia podem influenciar a opini\u00e3o p\u00fablica.\u00a0<strong>Para o bom entendedor\u2026<\/strong><\/p>\n<p><strong><u>OTIMISTA:<\/u><\/strong>\u00a0Caf\u00e9 amigo com o prefeito Jo\u00e3o C. Krug de Chapad\u00e3o do Sul sobre a realidade econ\u00f4mica da sua regi\u00e3o. Lembra que as mudan\u00e7as iniciaram no 2\u00ba mandato do governador Reinaldo \u2013 com reflexos que melhoraram o nivel econ\u00f4mico. Entende que h\u00e1 espa\u00e7o para o soja, algod\u00e3o, eucalipto, seringa, milho, cana e pastagens em menor escala.<\/p>\n<p><strong><u>TEREZA CRISTINA:<\/u><\/strong>\u00a0No sagu\u00e3o da Assembleia Legislativa a senadora (PP) foi elogiada por pol\u00edticos do interior. Eles entendem que a proje\u00e7\u00e3o nacional dela ter\u00e1 peso nas elei\u00e7\u00f5es, notadamente em Campo Grande. Mas tamb\u00e9m elogiaram as boas rela\u00e7\u00f5es dela com o governador Riedel e o ex-governador Reinaldo Azambuja \u2013 ambos do PSDB. Ali\u00e1s, impressiona o tr\u00e2nsito f\u00e1cil dela por v\u00e1rios grupos e partidos. Isso conta!<\/p>\n<p><strong><u>PESAD\u00caLO:<\/u><\/strong>\u00a0Persistem as d\u00favidas e diverg\u00eancias sobre a reforma fiscal. O fantasma do imposto na heran\u00e7a e do imposto de renda assustam. Nesta hora conv\u00e9m bater na tecla de que \u00e9 preciso \u2018salvar as galinhas\u2019 sob pena de n\u00e3o termos mais os ovos na mesa. E com toda essa gana o governo afugentar\u00e1 os investidores.\u00a0<strong>Dinheiro n\u00e3o tem p\u00e1tria.<\/strong><\/p>\n<p><strong><u>NOVO CAP\u00cdTULO:\u00a0<\/u><\/strong>\u00a0A m\u00e3o forte do Tribunal de Contas sobre obras rodovi\u00e1rias no Pantanal ganhando dimens\u00e3o nacional. Guiado pelo bom senso o Governo Estadual entendeu a postura da Corte e sinaliza disposi\u00e7\u00e3o de rever os seus empreendimentos para adequar as licen\u00e7as ambientais. Bem, com di\u00e1logo tudo se resolve.\u00a0<strong>\u00a0<\/strong><\/p>\n<p><strong><u>EUCALIPTO:<\/u><\/strong>\u00a0Falsa a tese do MST de que ele n\u00e3o \u00e9 alimento. A tripa que reveste salsichas e lingui\u00e7as \u00e9 de celulose solvente. Tamb\u00e9m usam o produto:\u00a0 os sorvetes, iogurtes, doces, bolos e sopas. Comparando: Os cafezais brasileiros ocupam \u00e1rea total de 1,82 milh\u00e3o de hectares, as florestas de eucaliptos ocupam 70 milh\u00f5es de hectares.<\/p>\n<p><strong><u>FOLCLORE:<\/u><\/strong>\u00a0No regime militar havia vigil\u00e2ncia contra o cinema, m\u00fasica e teatro. Ent\u00e3o policiais foram destacados para prender o autor da pe\u00e7a em cartaz Electra, tida como subversiva. Mas os agentes retornaram frustrados ao saberem que a pe\u00e7a, vers\u00e3o da obra do grego Eur\u00edpedes, fora escrita pelo fil\u00f3sofo grego S\u00f3focles,\u00a0<strong>falecido 406 AC<\/strong>.<\/p>\n<p>\u2018<strong><u>PAQUIDERME\u2019:<\/u><\/strong>\u00a0 \u2018Quanto maior o n\u00famero de minist\u00e9rios no governo federal, mais lentas se tornam as decis\u00f5es e as a\u00e7\u00f5es para a resolu\u00e7\u00e3o de um problema, o que deixa transparecer que os titulares das pastas, ou n\u00e3o t\u00eam autonomia, ou carecem de iniciativas\u2026(-)\u2026\u2019 (Benedito Rodrigues da Costa \u2013 Economista \u2013 Campo Grande)<\/p>\n<p><strong><u>EL MATADOR\u2019:<\/u><\/strong>\u00a0O celular \u00e9 pior que a bomba at\u00f4mica.\u00a0<strong>Matou<\/strong>\u00a0o telefone fixo, a TV, o computador, o rel\u00f3gio, a c\u00e2mera fotogr\u00e1fica, o r\u00e1dio, a lanterna, o espelho, as revistas, os livros, o videogame, a carteira, o calend\u00e1rio de mesa, o cart\u00e3o do banco, o jornal, o di\u00e1logo, os casamentos e fam\u00edlias, os olhos, a coluna cervical e matar\u00e1 a pr\u00f3xima gera\u00e7\u00e3o.\u00a0<strong>Pense nisso.<\/strong><\/p>\n<p><strong><u>P\u00c9ROLA FINAL:<\/u><\/strong><\/p>\n<p><strong>Penso muito durante meus momentos de solidez. (ex-ministro Rog\u00e9rio Magri)<\/strong><\/p>\n","protected":false},"excerpt":{"rendered":"<p>MINEIRA?\u00a0Aparentemente t\u00edmida, mas corajosa e eficiente, a prefeita Adriane Lopes (PP) vai ganhando estatura pol\u00edtica ap\u00f3s caminhar um per\u00edodo sobre cristais. Os n\u00fameros de pesquisas recentes a colocam em condi\u00e7\u00f5es de disputar o 2\u00ba turno para a prefeitura da capital. Por enquanto ela \u00e9 a grande novidade no cen\u00e1rio para 2024. MINEIRO?\u00a0 Ao seu estilo [&hellip;]<\/p>\n","protected":false},"author":4,"featured_media":57642,"comment_status":"closed","ping_status":"closed","sticky":false,"template":"","format":"standard","meta":{"footnotes":""},"categories":[37],"tags":[],"class_list":["post-247506","post","type-post","status-publish","format-standard","has-post-thumbnail","hentry","category-politica"],"_links":{"self":[{"href":"https:\/\/www.ocorreionews.com.br\/acervo-correio\/index.php?rest_route=\/wp\/v2\/posts\/247506","targetHints":{"allow":["GET"]}}],"collection":[{"href":"https:\/\/www.ocorreionews.com.br\/acervo-correio\/index.php?rest_route=\/wp\/v2\/posts"}],"about":[{"href":"https:\/\/www.ocorreionews.com.br\/acervo-correio\/index.php?rest_route=\/wp\/v2\/types\/post"}],"author":[{"embeddable":true,"href":"https:\/\/www.ocorreionews.com.br\/acervo-correio\/index.php?rest_route=\/wp\/v2\/users\/4"}],"replies":[{"embeddable":true,"href":"https:\/\/www.ocorreionews.com.br\/acervo-correio\/index.php?rest_route=%2Fwp%2Fv2%2Fcomments&post=247506"}],"version-history":[{"count":1,"href":"https:\/\/www.ocorreionews.com.br\/acervo-correio\/index.php?rest_route=\/wp\/v2\/posts\/247506\/revisions"}],"predecessor-version":[{"id":247507,"href":"https:\/\/www.ocorreionews.com.br\/acervo-correio\/index.php?rest_route=\/wp\/v2\/posts\/247506\/revisions\/247507"}],"wp:featuredmedia":[{"embeddable":true,"href":"https:\/\/www.ocorreionews.com.br\/acervo-correio\/index.php?rest_route=\/wp\/v2\/media\/57642"}],"wp:attachment":[{"href":"https:\/\/www.ocorreionews.com.br\/acervo-correio\/index.php?rest_route=%2Fwp%2Fv2%2Fmedia&parent=247506"}],"wp:term":[{"taxonomy":"category","embeddable":true,"href":"https:\/\/www.ocorreionews.com.br\/acervo-correio\/index.php?rest_route=%2Fwp%2Fv2%2Fcategories&post=247506"},{"taxonomy":"post_tag","embeddable":true,"href":"https:\/\/www.ocorreionews.com.br\/acervo-correio\/index.php?rest_route=%2Fwp%2Fv2%2Ftags&post=247506"}],"curies":[{"name":"wp","href":"https:\/\/api.w.org\/{rel}","templated":true}]}}