{"id":247534,"date":"2023-08-04T09:33:29","date_gmt":"2023-08-04T13:33:29","guid":{"rendered":"https:\/\/www.ocorreionews.com.br\/acervo-correio\/?p=247534"},"modified":"2023-08-04T09:33:29","modified_gmt":"2023-08-04T13:33:29","slug":"prefeitura-de-costa-rica-promove-consulta-publica-para-fomentar-cultura-local","status":"publish","type":"post","link":"https:\/\/www.ocorreionews.com.br\/acervo-correio\/?p=247534","title":{"rendered":"Prefeitura de Costa Rica promove consulta p\u00fablica para fomentar cultura local"},"content":{"rendered":"<div class=\"ntc_cont_descricao_noticia sw_txteditor\">A Prefeitura de Costa Rica, por meio da Secretaria de Turismo, Meio Ambiente, Esporte e Cultura (SEMTMA), realizar\u00e1 uma consulta p\u00fablica voltada para os fazedores de cultura do munic\u00edpio. O evento acontecer\u00e1 no pr\u00f3ximo dia 9, \u00e0s 18h, no plen\u00e1rio das delibera\u00e7\u00f5es vereador Simino Jorge de Oliveira, na C\u00e2mara Municipal.<\/p>\n<p>O objetivo da consulta \u00e9 discutir e promover o fomento de atividades e produtos culturais por meio da Lei Complementar n\u00ba 195, conhecida como Lei Paulo Gustavo. Essa legisla\u00e7\u00e3o, sancionada em 8 de julho de 2022, busca impulsionar e fortalecer o setor cultural, garantindo incentivos e apoio aos produtores e artistas locais.<\/p>\n<p>O encontro \u00e9 aberto a todos os fazedores de cultura do munic\u00edpio, sejam eles m\u00fasicos, artistas pl\u00e1sticos, escritores, dan\u00e7arinos, produtores de eventos, entre outros. A participa\u00e7\u00e3o da comunidade \u00e9 essencial para que haja um amplo debate e para que sejam ouvidas as demandas e ideias dos agentes culturais.<\/p>\n<p>Durante a consulta, ser\u00e3o apresentados os principais pontos da Lei Paulo Gustavo, destacando os benef\u00edcios e as formas de acesso aos recursos disponibilizados. Al\u00e9m disso, ser\u00e3o abordados as diretrizes e os crit\u00e9rios para a sele\u00e7\u00e3o dos projetos culturais a serem contemplados com os incentivos previstos na lei.<\/p>\n<p>A expectativa \u00e9 que a consulta p\u00fablica seja um espa\u00e7o de di\u00e1logo entre os fazedores de cultura e o poder p\u00fablico, visando a constru\u00e7\u00e3o de uma pol\u00edtica cultural mais inclusiva e participativa. Atrav\u00e9s dessa iniciativa, espera-se fortalecer o cen\u00e1rio cultural local, estimulando a produ\u00e7\u00e3o e valorizando a diversidade art\u00edstica presente em Costa Rica.<\/p>\n<p>O secret\u00e1rio de Turismo, Meio Ambiente, Esporte e Cultura, Jo\u00e3o Carlos Candido Rocha ressalta a import\u00e2ncia da participa\u00e7\u00e3o da comunidade e convida a todos os interessados a comparecerem \u00e0 consulta p\u00fablica. A presen\u00e7a de artistas, produtores culturais e demais envolvidos no setor \u00e9 fundamental para que as pol\u00edticas p\u00fablicas sejam efetivas e atendam \u00e0s necessidades da classe art\u00edstica.<\/p>\n<p>Ap\u00f3s a consulta, a Prefeitura de Costa Rica, juntamente com a Secretaria de Cultura, ir\u00e1 analisar e avaliar as sugest\u00f5es apresentadas, a fim de implementar a\u00e7\u00f5es e projetos que potencializem e dinamizem a cultura local.<\/p>\n<p>A Lei Paulo Gustavo representa um importante passo para o desenvolvimento cultural do munic\u00edpio, e a consulta p\u00fablica \u00e9 uma oportunidade para que os fazedores de cultura sejam ouvidos e possam contribuir para a constru\u00e7\u00e3o de uma Costa Rica culturalmente rica e diversificada.\n<\/p><\/div>\n<div class=\"ntc_area_info_noticia sw_lato\">\n<div>\n<div class=\"ntc_info_noticia\"><strong class=\"sw_lato_black\">Fonte: <\/strong>Assessoria de Comunica\u00e7\u00e3o \/ PMCR &#8211; <strong class=\"sw_lato_black\">\u00a0<\/strong>Silvestre de Castro<\/div>\n<\/div>\n<\/div>\n","protected":false},"excerpt":{"rendered":"<p>A Prefeitura de Costa Rica, por meio da Secretaria de Turismo, Meio Ambiente, Esporte e Cultura (SEMTMA), realizar\u00e1 uma consulta p\u00fablica voltada para os fazedores de cultura do munic\u00edpio. O evento acontecer\u00e1 no pr\u00f3ximo dia 9, \u00e0s 18h, no plen\u00e1rio das delibera\u00e7\u00f5es vereador Simino Jorge de Oliveira, na C\u00e2mara Municipal. O objetivo da consulta \u00e9 [&hellip;]<\/p>\n","protected":false},"author":5,"featured_media":241536,"comment_status":"closed","ping_status":"closed","sticky":false,"template":"","format":"standard","meta":{"footnotes":""},"categories":[25],"tags":[],"class_list":["post-247534","post","type-post","status-publish","format-standard","has-post-thumbnail","hentry","category-costa-rica"],"_links":{"self":[{"href":"https:\/\/www.ocorreionews.com.br\/acervo-correio\/index.php?rest_route=\/wp\/v2\/posts\/247534","targetHints":{"allow":["GET"]}}],"collection":[{"href":"https:\/\/www.ocorreionews.com.br\/acervo-correio\/index.php?rest_route=\/wp\/v2\/posts"}],"about":[{"href":"https:\/\/www.ocorreionews.com.br\/acervo-correio\/index.php?rest_route=\/wp\/v2\/types\/post"}],"author":[{"embeddable":true,"href":"https:\/\/www.ocorreionews.com.br\/acervo-correio\/index.php?rest_route=\/wp\/v2\/users\/5"}],"replies":[{"embeddable":true,"href":"https:\/\/www.ocorreionews.com.br\/acervo-correio\/index.php?rest_route=%2Fwp%2Fv2%2Fcomments&post=247534"}],"version-history":[{"count":1,"href":"https:\/\/www.ocorreionews.com.br\/acervo-correio\/index.php?rest_route=\/wp\/v2\/posts\/247534\/revisions"}],"predecessor-version":[{"id":247535,"href":"https:\/\/www.ocorreionews.com.br\/acervo-correio\/index.php?rest_route=\/wp\/v2\/posts\/247534\/revisions\/247535"}],"wp:featuredmedia":[{"embeddable":true,"href":"https:\/\/www.ocorreionews.com.br\/acervo-correio\/index.php?rest_route=\/wp\/v2\/media\/241536"}],"wp:attachment":[{"href":"https:\/\/www.ocorreionews.com.br\/acervo-correio\/index.php?rest_route=%2Fwp%2Fv2%2Fmedia&parent=247534"}],"wp:term":[{"taxonomy":"category","embeddable":true,"href":"https:\/\/www.ocorreionews.com.br\/acervo-correio\/index.php?rest_route=%2Fwp%2Fv2%2Fcategories&post=247534"},{"taxonomy":"post_tag","embeddable":true,"href":"https:\/\/www.ocorreionews.com.br\/acervo-correio\/index.php?rest_route=%2Fwp%2Fv2%2Ftags&post=247534"}],"curies":[{"name":"wp","href":"https:\/\/api.w.org\/{rel}","templated":true}]}}