{"id":247536,"date":"2023-08-04T09:38:58","date_gmt":"2023-08-04T13:38:58","guid":{"rendered":"https:\/\/www.ocorreionews.com.br\/acervo-correio\/?p=247536"},"modified":"2023-08-04T09:38:58","modified_gmt":"2023-08-04T13:38:58","slug":"prefeitura-reuniu-com-as-empresas-que-operam-cabos-de-fibra-otica-em-chapadao-do-sul","status":"publish","type":"post","link":"https:\/\/www.ocorreionews.com.br\/acervo-correio\/?p=247536","title":{"rendered":"Prefeitura reuniu com as empresas que operam cabos de fibra \u00f3tica em Chapad\u00e3o do Sul"},"content":{"rendered":"<p>A 1\u00aa Reuni\u00e3o com Operadores de Tecnologia de Chapad\u00e3o do Sul foi realizada na \u00faltima quinta-feira, 03, com sucesso, reunindo representantes de empresas que operam com fibra \u00f3tica e autoridades municipais em busca de boas pr\u00e1ticas e pol\u00edticas p\u00fablicas para aprimorar a seguran\u00e7a e a organiza\u00e7\u00e3o das infraestruturas de telecomunica\u00e7\u00f5es no munic\u00edpio.<\/p>\n<p><b>Seguran\u00e7a e Polui\u00e7\u00e3o Visual<\/b><\/p>\n<p>Durante o encontro, uma das principais pautas tratadas foi a seguran\u00e7a no uso dos cabos de telecomunica\u00e7\u00f5es e a preocupa\u00e7\u00e3o com a seguran\u00e7a no tr\u00e2nsito e polui\u00e7\u00e3o visual que eles podem causar no espa\u00e7o urbano. Para enfrentar esse desafio, os operadores discutiram a import\u00e2ncia da limpeza da malha e da retirada dos cabos em desuso, visando garantir um ambiente mais seguro e esteticamente agrad\u00e1vel para os cidad\u00e3os de Chapad\u00e3o do Sul.<\/p>\n<p><b>Altera\u00e7\u00e3o na Lei Ordin\u00e1ria 1.288\/2021<\/b><\/p>\n<p>Outro ponto de discuss\u00e3o foi a proposta de altera\u00e7\u00e3o na Lei Ordin\u00e1ria 1.288\/2021, que regulamenta a instala\u00e7\u00e3o e manuten\u00e7\u00e3o de infraestruturas de telecomunica\u00e7\u00f5es no munic\u00edpio. o que permitir\u00e1 uma melhor gest\u00e3o e organiza\u00e7\u00e3o dos sistemas de telecomunica\u00e7\u00f5es.<\/p>\n<p>Al\u00e9m disso, foi debatida a necessidade de conceder liberdade para a remo\u00e7\u00e3o, pela municipalidade, de cabos que tragam riscos \u00e0 seguran\u00e7a pr\u00f3pria e de terceiros. Essa medida visa garantir que os cabos que estejam danificados ou comprometendo a seguran\u00e7a sejam prontamente retirados, assegurando um ambiente mais seguro e confi\u00e1vel para a popula\u00e7\u00e3o.<\/p>\n<p><b>Participantes da Reuni\u00e3o<\/b><\/p>\n<p>A reuni\u00e3o promovida contou com a participa\u00e7\u00e3o do secret\u00e1rio de finan\u00e7as de Chapad\u00e3o do Sul, Itamar Mariani, e do Ouvidor Municipal, Marcelo Flores al\u00e9m dos propriet\u00e1rios e representantes das empresas de telecomunica\u00e7\u00f5es Energisa, M2b, Pedra Net, Chapnet, N3, FiberNet, Abenet e GigaNet, que colaboraram ativamente com ideias e propostas para a melhoria das pr\u00e1ticas no setor.<\/p>\n<p><b>Compromisso com a Comunidade<\/b><\/p>\n<p>Os Operadores de Tecnologia de Chapad\u00e3o do Sul demonstraram um forte compromisso em colaborar com a comunidade local, buscando solu\u00e7\u00f5es que promovam a seguran\u00e7a e o bem-estar dos cidad\u00e3os. A reuni\u00e3o representou um importante passo para aprimorar as pol\u00edticas p\u00fablicas e normas relacionadas \u00e0 infraestrutura de telecomunica\u00e7\u00f5es, tornando-as mais eficientes e sustent\u00e1veis.<\/p>\n<p>Com a uni\u00e3o de esfor\u00e7os entre o poder p\u00fablico e as empresas do setor, a expectativa \u00e9 que Chapad\u00e3o do Sul se torne uma refer\u00eancia em boas pr\u00e1ticas no uso de cabos de telecomunica\u00e7\u00f5es, oferecendo um ambiente urbano mais seguro, organizado e livre de polui\u00e7\u00e3o visual.<\/p>\n<p><img decoding=\"async\" src=\"http:\/\/www.chapadaodosul.ms.gov.br\/admin\/arquivos\/imagem\/IMG_0368.JPG\" \/><\/p>\n<p><img decoding=\"async\" src=\"http:\/\/www.chapadaodosul.ms.gov.br\/admin\/arquivos\/imagem\/IMG_0358.JPG\" \/><\/p>\n<p>&nbsp;<\/p>\n<p>&nbsp;<\/p>\n<p>*Assessoria<\/p>\n","protected":false},"excerpt":{"rendered":"<p>A 1\u00aa Reuni\u00e3o com Operadores de Tecnologia de Chapad\u00e3o do Sul foi realizada na \u00faltima quinta-feira, 03, com sucesso, reunindo representantes de empresas que operam com fibra \u00f3tica e autoridades municipais em busca de boas pr\u00e1ticas e pol\u00edticas p\u00fablicas para aprimorar a seguran\u00e7a e a organiza\u00e7\u00e3o das infraestruturas de telecomunica\u00e7\u00f5es no munic\u00edpio. Seguran\u00e7a e Polui\u00e7\u00e3o [&hellip;]<\/p>\n","protected":false},"author":5,"featured_media":247537,"comment_status":"closed","ping_status":"closed","sticky":false,"template":"","format":"standard","meta":{"footnotes":""},"categories":[23],"tags":[],"class_list":["post-247536","post","type-post","status-publish","format-standard","has-post-thumbnail","hentry","category-chapadao-do-sul"],"_links":{"self":[{"href":"https:\/\/www.ocorreionews.com.br\/acervo-correio\/index.php?rest_route=\/wp\/v2\/posts\/247536","targetHints":{"allow":["GET"]}}],"collection":[{"href":"https:\/\/www.ocorreionews.com.br\/acervo-correio\/index.php?rest_route=\/wp\/v2\/posts"}],"about":[{"href":"https:\/\/www.ocorreionews.com.br\/acervo-correio\/index.php?rest_route=\/wp\/v2\/types\/post"}],"author":[{"embeddable":true,"href":"https:\/\/www.ocorreionews.com.br\/acervo-correio\/index.php?rest_route=\/wp\/v2\/users\/5"}],"replies":[{"embeddable":true,"href":"https:\/\/www.ocorreionews.com.br\/acervo-correio\/index.php?rest_route=%2Fwp%2Fv2%2Fcomments&post=247536"}],"version-history":[{"count":1,"href":"https:\/\/www.ocorreionews.com.br\/acervo-correio\/index.php?rest_route=\/wp\/v2\/posts\/247536\/revisions"}],"predecessor-version":[{"id":247538,"href":"https:\/\/www.ocorreionews.com.br\/acervo-correio\/index.php?rest_route=\/wp\/v2\/posts\/247536\/revisions\/247538"}],"wp:featuredmedia":[{"embeddable":true,"href":"https:\/\/www.ocorreionews.com.br\/acervo-correio\/index.php?rest_route=\/wp\/v2\/media\/247537"}],"wp:attachment":[{"href":"https:\/\/www.ocorreionews.com.br\/acervo-correio\/index.php?rest_route=%2Fwp%2Fv2%2Fmedia&parent=247536"}],"wp:term":[{"taxonomy":"category","embeddable":true,"href":"https:\/\/www.ocorreionews.com.br\/acervo-correio\/index.php?rest_route=%2Fwp%2Fv2%2Fcategories&post=247536"},{"taxonomy":"post_tag","embeddable":true,"href":"https:\/\/www.ocorreionews.com.br\/acervo-correio\/index.php?rest_route=%2Fwp%2Fv2%2Ftags&post=247536"}],"curies":[{"name":"wp","href":"https:\/\/api.w.org\/{rel}","templated":true}]}}