{"id":247539,"date":"2023-08-04T09:43:49","date_gmt":"2023-08-04T13:43:49","guid":{"rendered":"https:\/\/www.ocorreionews.com.br\/acervo-correio\/?p=247539"},"modified":"2023-08-04T09:43:49","modified_gmt":"2023-08-04T13:43:49","slug":"helicoptero-que-caiu-e-de-investigado-por-trafico","status":"publish","type":"post","link":"https:\/\/www.ocorreionews.com.br\/acervo-correio\/?p=247539","title":{"rendered":"Helic\u00f3ptero que caiu \u00e9 de investigado por tr\u00e1fico"},"content":{"rendered":"<p>A hist\u00f3ria por tr\u00e1s da queda do helic\u00f3ptero na regi\u00e3o do Parque Estadual das V\u00e1rzeas do Rio Ivinhema, na regi\u00e3o de Navira\u00ed, cidade a 366 quil\u00f4metros de Campo Grande, ainda \u00e9 investigada pelo Dracco (Departamento de Repress\u00e3o \u00e0 Corrup\u00e7\u00e3o e ao Crime Organizado). No entanto, \u00e9 poss\u00edvel afirmar que a aeronave voava em condi\u00e7\u00f5es irregulares.<\/p>\n<p>Procurada pelo Campo Grande News, a delegada titular do Dracco, Ana Cl\u00e1udia Medina, afirmou que as dilig\u00eancias ainda est\u00e3o em andamento e as informa\u00e7\u00f5es ainda est\u00e3o sendo resguardadas para que se tenha no\u00e7\u00e3o exata do cen\u00e1rio.<\/p>\n<p>\u201cVamos periciar a aeronave t\u00e3o logo seja poss\u00edvel e o que podemos afirmar por enquanto \u00e9 que ela voava em condi\u00e7\u00f5es irregulares\u201d, afirmou Medina. O helic\u00f3ptero aparece, no Registro Aeron\u00e1utico Brasileiro, com opera\u00e7\u00e3o negada para t\u00e1xi a\u00e9reo e com o Certificado de Aeronavegabilidade cancelado.<\/p>\n<figure style=\"width: 800px\" class=\"wp-caption aligncenter\"><img loading=\"lazy\" decoding=\"async\" class=\"img-fluid\" src=\"https:\/\/cdn6.campograndenews.com.br\/uploads\/noticias\/2023\/08\/03\/18acprbuy89zw.jpeg\" sizes=\"auto, (min-width: 1024px) calc(.5 * (100vw - 21.875em)), 100vw\" srcset=\"https:\/\/cdn6.campograndenews.com.br\/uploads\/noticias\/2023\/08\/03\/1xo8y070r776q.jpeg 1024w, https:\/\/cdn6.campograndenews.com.br\/uploads\/noticias\/2023\/08\/03\/hly6rs52kid8.jpeg 640w, https:\/\/cdn6.campograndenews.com.br\/uploads\/noticias\/2023\/08\/03\/18acprbuy89zw.jpeg 320w\" alt=\"Helic\u00f3ptero totalmente destru\u00eddo em \u00e1rea de mata (Foto: Divulga\u00e7\u00e3o | PMA)\" width=\"800\" height=\"768\" \/><figcaption class=\"wp-caption-text\">Helic\u00f3ptero totalmente destru\u00eddo em \u00e1rea de mata (Foto: Divulga\u00e7\u00e3o | PMA)<\/figcaption><\/figure>\n<p><strong>Dono &#8211;<\/strong> Conforme consulta ao sistema da Anac (Ag\u00eancia Nacional de Avia\u00e7\u00e3o Civil), a aeronave pertence a Jos\u00e9 Fl\u00e1vio Castro Barretto. O piloto seria morador de Paragua\u00e7u Paulista e aparece como suspeito de forte liga\u00e7\u00e3o com atividades il\u00edcitas e integrante de organiza\u00e7\u00e3o criminosa que atua no tr\u00e1fico de drogas e foi alvo da opera\u00e7\u00e3o Helix, deflagrada em maio deste ano.<\/p>\n<p>Segundo apurou o Campo Grande News, a investiga\u00e7\u00e3o apontou que Barretto dedicava-se \u00e0 manuten\u00e7\u00e3o e altera\u00e7\u00e3o\/adultera\u00e7\u00e3o das aeronaves utilizadas para o tr\u00e1fico de drogas, atuando tamb\u00e9m na intermedia\u00e7\u00e3o de compra e venda de helic\u00f3pteros. Bem como na falsifica\u00e7\u00e3o de documentos. Sua atividade \u00e9 descrita em processo como &#8220;operacional e restrita\u201d.<\/p>\n<p>Ele chegou a ser preso, mas foi colocado em liberdade pela 23\u00aa Vara Federal de Curitiba, Paran\u00e1. Na ocasi\u00e3o, ele ficou proibido de manter contato com os outros investigados da opera\u00e7\u00e3o e de sair do pa\u00eds. Al\u00e9m disso, deveria comparecer mensalmente em ju\u00edzo para informar e justificar suas atividades e comunicar o endere\u00e7o atualizado.<\/p>\n<p>A opera\u00e7\u00e3o tamb\u00e9m teve como alvos Cecy Mendes Gon\u00e7alves da Mota, Antonio Joaquim da Mota e Antonio Mendes Gon\u00e7alves da Mota, conhecido como Motinha ou Dom, foragido integrante da lista da Interpol e apontado como chefe dos mercen\u00e1rios alvo da Opera\u00e7\u00e3o Magnus realizada dia 30 de junho.<\/p>\n<figure style=\"width: 800px\" class=\"wp-caption aligncenter\"><img loading=\"lazy\" decoding=\"async\" class=\"img-fluid\" src=\"https:\/\/cdn6.campograndenews.com.br\/uploads\/noticias\/2023\/08\/03\/chuh6mnktd5b.jpeg\" sizes=\"auto, (min-width: 1024px) calc(.5 * (100vw - 21.875em)), 100vw\" srcset=\"https:\/\/cdn6.campograndenews.com.br\/uploads\/noticias\/2023\/08\/03\/251xy1b0yq9wc.jpeg 1024w, https:\/\/cdn6.campograndenews.com.br\/uploads\/noticias\/2023\/08\/03\/3hp47d2eb2gwc.jpeg 640w, https:\/\/cdn6.campograndenews.com.br\/uploads\/noticias\/2023\/08\/03\/chuh6mnktd5b.jpeg 320w\" alt=\"Nome de Jos\u00e9 ao lado dos Mota em processo ao qual a reportagem teve acesso (Foto: Reprodu\u00e7\u00e3o)\" width=\"800\" height=\"800\" \/><figcaption class=\"wp-caption-text\">Nome de Jos\u00e9 ao lado dos Mota em processo ao qual a reportagem teve acesso (Foto: Reprodu\u00e7\u00e3o)<\/figcaption><\/figure>\n<p>&nbsp;<\/p>\n<p><strong>Queda &#8211;<\/strong> Equipe da PMA (Pol\u00edcia Militar Ambiental) foi acionada por comunica\u00e7\u00e3o via sat\u00e9lite. Pr\u00f3ximo ao local indicado, um drone foi utilizado para localizar o sinal e ap\u00f3s alguns minutos foi visualizado um helic\u00f3ptero em meio \u00e0 vegeta\u00e7\u00e3o de v\u00e1rzeas, \u00e1rea alagada. Os policiais desembarcaram e entraram na mata fechada, \u00e0s margens do rio, e ap\u00f3s andar por cerca de 15 minutos, ouviram gritos de pedido de socorro e assobios.<\/p>\n<p>Eram dois homens, assustados, com sinais de desidrata\u00e7\u00e3o, fadiga, muitas dores pelo corpo e algumas escoria\u00e7\u00f5es nas m\u00e3os e p\u00e9s. Eles contaram que eram tripulantes do helic\u00f3ptero que caiu e j\u00e1 estavam no local h\u00e1 cerca de 5 horas.<\/p>\n<p>A aeronave, ano 2003, modelo R22 BETA, ficou totalmente destru\u00edda. O piloto n\u00e3o soube definir o motivo da queda. Ele disse que havia sa\u00eddo de Siqueira Campos, Paran\u00e1, com destino \u00e0 cidade de F\u00e1tima do Sul, onde o helic\u00f3ptero seria levado para uma oficina.<\/p>\n<p>Os dois foram resgatados pelos policiais e levados para a sede do Parque Estadual das V\u00e1rzeas do Rio Ivinhema para cuidados m\u00e9dicos. Com as v\u00edtimas foram encontrados R$ 32 mil, distribu\u00eddos em notas de R$ 100. Questionados sobre o dinheiro, relataram que o valor seria usado para custeio das despesas e manuten\u00e7\u00e3o da aeronave.<\/p>\n<p>Ainda segundo apurou a reportagem, em F\u00e1tima do Sul n\u00e3o h\u00e1 oficina especializada em atendimento de helic\u00f3ptero e o dinheiro que estava com os ocupantes da aeronave n\u00e3o foi apreendido. Jos\u00e9 Fl\u00e1vio estaria sendo investigado h\u00e1 um tempo por suspeita de ser instrutor dos pilotos do narcotr\u00e1fico e o voo seria clandestino.<\/p>\n<figure style=\"width: 800px\" class=\"wp-caption aligncenter\"><img loading=\"lazy\" decoding=\"async\" class=\"img-fluid\" src=\"https:\/\/cdn6.campograndenews.com.br\/uploads\/noticias\/2023\/08\/03\/39ickfsyy5wkw.jpg\" sizes=\"auto, (min-width: 1024px) calc(.5 * (100vw - 21.875em)), 100vw\" srcset=\"https:\/\/cdn6.campograndenews.com.br\/uploads\/noticias\/2023\/08\/03\/34qzwlwjeaww4.jpg 1024w, https:\/\/cdn6.campograndenews.com.br\/uploads\/noticias\/2023\/08\/03\/104q9zvpxmyst.jpg 640w, https:\/\/cdn6.campograndenews.com.br\/uploads\/noticias\/2023\/08\/03\/39ickfsyy5wkw.jpg 320w\" alt=\"Registro na Anac aponta que helic\u00f3ptero pertence a piloto de SP, alvo de opera\u00e7\u00e3o em maio deste ano (Foto: Divulga\u00e7\u00e3o | PMA)\" width=\"800\" height=\"465\" \/><figcaption class=\"wp-caption-text\">Registro na Anac aponta que helic\u00f3ptero pertence a piloto de SP, alvo de opera\u00e7\u00e3o em maio deste ano (Foto: Divulga\u00e7\u00e3o | PMA)<\/figcaption><\/figure>\n<p>&nbsp;<\/p>\n<p>&nbsp;<\/p>\n<p>Por Ana Paula Chuva e Helio de Freitas,\u00a0 Campo Grande News<\/p>\n","protected":false},"excerpt":{"rendered":"<p>A hist\u00f3ria por tr\u00e1s da queda do helic\u00f3ptero na regi\u00e3o do Parque Estadual das V\u00e1rzeas do Rio Ivinhema, na regi\u00e3o de Navira\u00ed, cidade a 366 quil\u00f4metros de Campo Grande, ainda \u00e9 investigada pelo Dracco (Departamento de Repress\u00e3o \u00e0 Corrup\u00e7\u00e3o e ao Crime Organizado). No entanto, \u00e9 poss\u00edvel afirmar que a aeronave voava em condi\u00e7\u00f5es irregulares. [&hellip;]<\/p>\n","protected":false},"author":5,"featured_media":247486,"comment_status":"closed","ping_status":"closed","sticky":false,"template":"","format":"standard","meta":{"footnotes":""},"categories":[38],"tags":[],"class_list":["post-247539","post","type-post","status-publish","format-standard","has-post-thumbnail","hentry","category-policia"],"_links":{"self":[{"href":"https:\/\/www.ocorreionews.com.br\/acervo-correio\/index.php?rest_route=\/wp\/v2\/posts\/247539","targetHints":{"allow":["GET"]}}],"collection":[{"href":"https:\/\/www.ocorreionews.com.br\/acervo-correio\/index.php?rest_route=\/wp\/v2\/posts"}],"about":[{"href":"https:\/\/www.ocorreionews.com.br\/acervo-correio\/index.php?rest_route=\/wp\/v2\/types\/post"}],"author":[{"embeddable":true,"href":"https:\/\/www.ocorreionews.com.br\/acervo-correio\/index.php?rest_route=\/wp\/v2\/users\/5"}],"replies":[{"embeddable":true,"href":"https:\/\/www.ocorreionews.com.br\/acervo-correio\/index.php?rest_route=%2Fwp%2Fv2%2Fcomments&post=247539"}],"version-history":[{"count":1,"href":"https:\/\/www.ocorreionews.com.br\/acervo-correio\/index.php?rest_route=\/wp\/v2\/posts\/247539\/revisions"}],"predecessor-version":[{"id":247540,"href":"https:\/\/www.ocorreionews.com.br\/acervo-correio\/index.php?rest_route=\/wp\/v2\/posts\/247539\/revisions\/247540"}],"wp:featuredmedia":[{"embeddable":true,"href":"https:\/\/www.ocorreionews.com.br\/acervo-correio\/index.php?rest_route=\/wp\/v2\/media\/247486"}],"wp:attachment":[{"href":"https:\/\/www.ocorreionews.com.br\/acervo-correio\/index.php?rest_route=%2Fwp%2Fv2%2Fmedia&parent=247539"}],"wp:term":[{"taxonomy":"category","embeddable":true,"href":"https:\/\/www.ocorreionews.com.br\/acervo-correio\/index.php?rest_route=%2Fwp%2Fv2%2Fcategories&post=247539"},{"taxonomy":"post_tag","embeddable":true,"href":"https:\/\/www.ocorreionews.com.br\/acervo-correio\/index.php?rest_route=%2Fwp%2Fv2%2Ftags&post=247539"}],"curies":[{"name":"wp","href":"https:\/\/api.w.org\/{rel}","templated":true}]}}