{"id":247570,"date":"2023-08-04T13:56:07","date_gmt":"2023-08-04T17:56:07","guid":{"rendered":"https:\/\/www.ocorreionews.com.br\/acervo-correio\/?p=247570"},"modified":"2023-08-04T13:56:07","modified_gmt":"2023-08-04T17:56:07","slug":"vereadores-participam-do-lancamento-do-programa-integrado-para-garantia-dos-direitos-da-primeira-infancia-do-tce-ms","status":"publish","type":"post","link":"https:\/\/www.ocorreionews.com.br\/acervo-correio\/?p=247570","title":{"rendered":": Vereadores participam do Lan\u00e7amento do Programa Integrado para Garantia dos Direitos da Primeira Inf\u00e2ncia do TCE\/MS"},"content":{"rendered":"<p class=\"x_MsoNormal\">Nesta Sexta-feira\u00a0 04 de agosto, o presidente da C\u00e2mara Municipal de Alcin\u00f3polis, vereador Valdeci Passarinho (UNI\u00c3O), juntamente com os vereadores Ademir M\u00fcller (PSDB) e Onilza Matias (PL), participaram do Semin\u00e1rio organizado para o Lan\u00e7amento do Programa Integrado para a Garantia dos Direitos da Primeira Inf\u00e2ncia do Tribunal de Contas do Estado de Mato Grosso do Sul \u2013 TCE\/MS.<\/p>\n<p class=\"x_MsoNormal\">O evento aconteceu no Pal\u00e1cio Popular da Cultura e contou com uma programa\u00e7\u00e3o extensa. Duas palestras foram conduzidas: \u201cPrimeira Inf\u00e2ncia, uma pauta obrigat\u00f3ria\u201d, trabalhada pela Chefe da Diretoria de Comunica\u00e7\u00e3o Institucional do TCE\/MS, Alexsandra de Oliveira; e \u201cRevolu\u00e7\u00e3o Digital e as Interfaces Humano-Tecnol\u00f3gicas na Educa\u00e7\u00e3o\u201d, trabalhada pelo Prof. Dr. Ronaldo Mota.<\/p>\n<p class=\"x_MsoNormal\">Al\u00e9m das palestras, os vereadores puderam participar da apresenta\u00e7\u00e3o de dois pain\u00e9is; o Painel 1, trazia o Controle Externo e a Primeira Inf\u00e2ncia como tema geral. Os subtemas deste Painel foram trabalhados por nomes de peso: \u201cOs Tribunais de Contas e a Prioridade da Primeira Inf\u00e2ncia\u201d, pelo Conselheiro do TCE\/GO e Presidente do Comit\u00ea T\u00e9cnico da Primeira Inf\u00e2ncia \u2013 IRB, Edson Ferrari; \u201cPol\u00edticas P\u00fablicas para a Primeira Inf\u00e2ncia\u201d, pelo Conselheiro Vice-Presidente do TCE\/CE e Presidente do IRB, Edilberto Carlos Pontes de Lima; e \u201cOs Tribunais de Contas e a efetiva\u00e7\u00e3o dos direitos da Primeira Inf\u00e2ncia\u201d, pelo Conselheiro do TCE\/RS e Presidente de Atricon, Cezar Miola.<\/p>\n<p class=\"x_MsoNormal\">J\u00e1 o Painel 2, trazia o Pacto Nacional pela Primeira Inf\u00e2ncia como tema geral, trabalhando os subtemas: \u201cSistema de Justi\u00e7a e a Primeira Inf\u00e2ncia\u201d, pelo Desembargador TJSP e presidente da Associa\u00e7\u00e3o Brasileira dos Magistrados da Inf\u00e2ncia e da Juventude \u2013 ABRAMINJ, Reinaldo Cintra Torres de Carvalho; e \u201cAcesso \u00e0 creche e \u00e0 pr\u00e9-escola na primeira inf\u00e2ncia: um direito e um dever constitucional\u201d, pelo Promotor de Justi\u00e7a \u2013 MP\/MS, Thiago Barile Galv\u00e3o de Fran\u00e7a.<\/p>\n<p class=\"x_MsoNormal\">A primeira inf\u00e2ncia tornou-se pauta imprescind\u00edvel e priorit\u00e1ria para o TCE\/MS que mobilizou as C\u00e2maras e gestores do Estado para este evento, a fim de apresentar a relev\u00e2ncia em assegurar o investimento adequado dos recursos p\u00fablicos para o atendimento \u00e0s pol\u00edticas p\u00fablicas voltadas \u00e0 Primeira Inf\u00e2ncia, diante dos dados alarmantes referentes aos indicadores de sa\u00fade, educa\u00e7\u00e3o, assist\u00eancia social e afins.<\/p>\n<p class=\"x_MsoNormal\">Foi a partir dessa preocupa\u00e7\u00e3o que este Programa nasceu, atrav\u00e9s da Resolu\u00e7\u00e3o n\u00ba 185\/23, com o prop\u00f3sito de envolver e articular com os \u00f3rg\u00e3os governamentais, bem como as institui\u00e7\u00f5es p\u00fablicas e privadas.<\/p>\n<p class=\"x_MsoNormal\">\n<p class=\"x_MsoNormal\">\n<p class=\"x_MsoNormal\"><i>&#8212;<\/i><\/p>\n<p class=\"x_MsoNormal\"><i>C\u00e2mara Municipal de Alcin\u00f3polis \u2013 MS<\/i><\/p>\n<p class=\"x_MsoNormal\"><i>Assessoria de Comunica\u00e7\u00e3o \u2013 ASCOM<\/i><\/p>\n<p class=\"x_MsoNormal\"><i>Jornalista Bruna Souza<\/i><\/p>\n","protected":false},"excerpt":{"rendered":"<p>Nesta Sexta-feira\u00a0 04 de agosto, o presidente da C\u00e2mara Municipal de Alcin\u00f3polis, vereador Valdeci Passarinho (UNI\u00c3O), juntamente com os vereadores Ademir M\u00fcller (PSDB) e Onilza Matias (PL), participaram do Semin\u00e1rio organizado para o Lan\u00e7amento do Programa Integrado para a Garantia dos Direitos da Primeira Inf\u00e2ncia do Tribunal de Contas do Estado de Mato Grosso do [&hellip;]<\/p>\n","protected":false},"author":4,"featured_media":247571,"comment_status":"closed","ping_status":"closed","sticky":false,"template":"","format":"standard","meta":{"footnotes":""},"categories":[18,20],"tags":[],"class_list":["post-247570","post","type-post","status-publish","format-standard","has-post-thumbnail","hentry","category-alcinopolis","category-camara-municipal"],"_links":{"self":[{"href":"https:\/\/www.ocorreionews.com.br\/acervo-correio\/index.php?rest_route=\/wp\/v2\/posts\/247570","targetHints":{"allow":["GET"]}}],"collection":[{"href":"https:\/\/www.ocorreionews.com.br\/acervo-correio\/index.php?rest_route=\/wp\/v2\/posts"}],"about":[{"href":"https:\/\/www.ocorreionews.com.br\/acervo-correio\/index.php?rest_route=\/wp\/v2\/types\/post"}],"author":[{"embeddable":true,"href":"https:\/\/www.ocorreionews.com.br\/acervo-correio\/index.php?rest_route=\/wp\/v2\/users\/4"}],"replies":[{"embeddable":true,"href":"https:\/\/www.ocorreionews.com.br\/acervo-correio\/index.php?rest_route=%2Fwp%2Fv2%2Fcomments&post=247570"}],"version-history":[{"count":1,"href":"https:\/\/www.ocorreionews.com.br\/acervo-correio\/index.php?rest_route=\/wp\/v2\/posts\/247570\/revisions"}],"predecessor-version":[{"id":247572,"href":"https:\/\/www.ocorreionews.com.br\/acervo-correio\/index.php?rest_route=\/wp\/v2\/posts\/247570\/revisions\/247572"}],"wp:featuredmedia":[{"embeddable":true,"href":"https:\/\/www.ocorreionews.com.br\/acervo-correio\/index.php?rest_route=\/wp\/v2\/media\/247571"}],"wp:attachment":[{"href":"https:\/\/www.ocorreionews.com.br\/acervo-correio\/index.php?rest_route=%2Fwp%2Fv2%2Fmedia&parent=247570"}],"wp:term":[{"taxonomy":"category","embeddable":true,"href":"https:\/\/www.ocorreionews.com.br\/acervo-correio\/index.php?rest_route=%2Fwp%2Fv2%2Fcategories&post=247570"},{"taxonomy":"post_tag","embeddable":true,"href":"https:\/\/www.ocorreionews.com.br\/acervo-correio\/index.php?rest_route=%2Fwp%2Fv2%2Ftags&post=247570"}],"curies":[{"name":"wp","href":"https:\/\/api.w.org\/{rel}","templated":true}]}}