{"id":247593,"date":"2023-08-04T14:41:32","date_gmt":"2023-08-04T18:41:32","guid":{"rendered":"https:\/\/www.ocorreionews.com.br\/acervo-correio\/?p=247593"},"modified":"2023-08-04T14:41:32","modified_gmt":"2023-08-04T18:41:32","slug":"candidato-que-morreu-apos-passar-mal-em-taf-da-policia-militar-ficou-7-horas-sem-beber-agua-e-comer","status":"publish","type":"post","link":"https:\/\/www.ocorreionews.com.br\/acervo-correio\/?p=247593","title":{"rendered":"Candidato que morreu ap\u00f3s passar mal em TAF da Pol\u00edcia Militar ficou 7 horas sem beber \u00e1gua e comer"},"content":{"rendered":"<p>O candidato do concurso da Pol\u00edcia Militar de Mato Grosso do Sul, Arthur Matheus Martins Rosa, de 25 anos, que passou mal e morreu na prova do TAF (Teste de Aptid\u00e3o F\u00edsica) nessa quinta-feira (3), ap\u00f3s desmaiar durante a corrida, ficou 7 horas sem comer e beber \u00e1gua, segundo o boletim de ocorr\u00eancia registrado pela fam\u00edlia nesta sexta-feira (4).<\/p>\n<p>Arthur \u00e9 de Goi\u00e2nia e a irm\u00e3 dele contou na delegacia que recebeu uma liga\u00e7\u00e3o na quinta-feira (3) informando que o irm\u00e3o havia passado mal durante a etapa do concurso e que havia sido socorrido para a UPA (Unidade de Pronto Atendimento) do Coronel Antonino, em Campo Grande.<\/p>\n<p>O concurseiro foi transferido para o Hospital do P\u00eanfigo, mas acabou n\u00e3o resistindo e morreu. De acordo com a irm\u00e3 de Arthur, outros candidatos falaram para ela que eram proibidos de beber \u00e1gua e se alimentar depois de entrar no local para esperar o in\u00edcio da prova.<\/p>\n<p>Arthur teria chegado ao local do TAF por volta das 6 horas da manh\u00e3 e ficou cerca de 7 horas sem comer ou beber \u00e1gua, at\u00e9 \u00e0s 13 horas debaixo de um sol de 37\u00baC. O caso foi registrado como morte natural.<\/p>\n<h2 class=\"wp-block-heading\">Candidatos desmaiam durante TAF da PM<\/h2>\n<p>Em v\u00eddeos enviados por leitores ao <strong><em>Jornal Midiamax<\/em><\/strong>, dois candidatos aparecem desmaiando durante a prova que acontece no Centro Ol\u00edmpico da Vila Nasser, sob sol forte. A cidade enfrenta \u00edndices cr\u00edticos de umidade relativa do ar, que, segundo o Cemtec (Centro de Monitoramento do Tempo e do Clima), varia de 10 a 30%. O teste de aptid\u00e3o \u00e9 a 4\u00aa fase do concurso da PM, que acontece at\u00e9 s\u00e1bado (5), com resultado publicado no dia 31 de agosto.<\/p>\n<p><iframe loading=\"lazy\" title=\"Candidatos passam mal em prova do TAF da PM de MS\" width=\"1170\" height=\"658\" src=\"https:\/\/www.youtube.com\/embed\/pYCx7JpcJmg?wmode=transparent&amp;rel=0&amp;feature=oembed\" frameborder=\"0\" allow=\"accelerometer; autoplay; clipboard-write; encrypted-media; gyroscope; picture-in-picture; web-share\" allowfullscreen><\/iframe><\/p>\n<p>As exig\u00eancias do TAF incluem, para homens, flex\u00e3o e extens\u00e3o de membros superiores na barra fixa, flex\u00e3o abdominal, carl-up e corrida de 12 minutos. Para as mulheres, flex\u00e3o de bra\u00e7os no solo (exerc\u00edcios de apoio), flex\u00e3o abdominal, carl-up, corrida de 12 minutos.<\/p>\n<p>A reportagem entrou em contato com a Sejusp (Secretaria de Estado de Justi\u00e7a e Seguran\u00e7a P\u00fablica) e a PM para um posicionamento sobre o incidente e aguarda retorno. Sobre os desmaios, a PM havia informado, na quinta-feira (3), que \u201capenas auxilia no processo avaliativo\u201d.<\/p>\n<h2 id=\"h-o-que-diz-a-organizacao\" class=\"wp-block-heading\">O que diz a organiza\u00e7\u00e3o<\/h2>\n<p>O Exame de Capacidade F\u00edsica do concurso P\u00fablico para ingresso nos cursos de forma\u00e7\u00e3o de soldados, e forma\u00e7\u00e3o de oficiais, da PMMS, \u00e9 de car\u00e1ter eliminat\u00f3rio, aplicado por profissionais habilitados, sob a responsabilidade do Instituto de Desenvolvimento Educacional, Cultural e Assistencial Nacional (IDECAN), banca organizadora de todo o concurso, e supervisionado pela Comiss\u00e3o Organizadora.<\/p>\n<p>A Comiss\u00e3o T\u00e9cnica designada pelo Comandante-Geral da Pol\u00edcia Militar de Mato Grosso do Sul, apenas auxilia no processo avaliativo, com aferi\u00e7\u00e3o da execu\u00e7\u00e3o dos exerc\u00edcios, cuja fun\u00e7\u00e3o \u00e9 permitir a avalia\u00e7\u00e3o de padr\u00f5es de for\u00e7a, coordena\u00e7\u00e3o, agilidade, equil\u00edbrio din\u00e2mico, flexibilidade, pot\u00eancia muscular, capacidade aer\u00f3bica, anaer\u00f3bica e de velocidade, com vista a aferir o condicionamento f\u00edsico do candidato para suportar os exerc\u00edcios f\u00edsicos a que ser\u00e1 submetido durante o curso de forma\u00e7\u00e3o e a resist\u00eancia necess\u00e1ria para o desempenho da fun\u00e7\u00e3o militar.<\/p>\n<p>Quaisquer questionamentos sobre eventualidades na data, hor\u00e1rio e\/ou condi\u00e7\u00f5es de aplica\u00e7\u00e3o do teste cabem \u00e0 banca organizadora.<\/p>\n<p>J\u00e1 a SAD (Secretaria Estadual de Administra\u00e7\u00e3o) afirmou em nota que o cronograma de etapas do referido concurso \u00e9 estabelecido e divulgado via edital antecipadamente.<\/p>\n<p>\u201cDiante da estrutura necess\u00e1ria para a realiza\u00e7\u00e3o deste e do fato que muitos candidatos s\u00e3o oriundos de outras cidades e estados, n\u00e3o \u00e9 poss\u00edvel adiar ou cancelar as avalia\u00e7\u00f5es previamente agendadas. As etapas, dos concursos s\u00e3o desenvolvidas de modo a oferecer a estrutura necess\u00e1ria de avalia\u00e7\u00e3o ao candidato para que haja total transpar\u00eancia no processo\u201d.<\/p>\n<figure class=\"wp-block-embed is-type-video is-provider-youtube wp-block-embed-youtube wp-embed-aspect-16-9 wp-has-aspect-ratio\">\n<div class=\"wp-block-embed__wrapper\"><\/div>\n<\/figure>\n<figure class=\"wp-block-embed is-type-video is-provider-youtube wp-block-embed-youtube wp-embed-aspect-16-9 wp-has-aspect-ratio\"><\/figure>\n","protected":false},"excerpt":{"rendered":"<p>O candidato do concurso da Pol\u00edcia Militar de Mato Grosso do Sul, Arthur Matheus Martins Rosa, de 25 anos, que passou mal e morreu na prova do TAF (Teste de Aptid\u00e3o F\u00edsica) nessa quinta-feira (3), ap\u00f3s desmaiar durante a corrida, ficou 7 horas sem comer e beber \u00e1gua, segundo o boletim de ocorr\u00eancia registrado pela [&hellip;]<\/p>\n","protected":false},"author":4,"featured_media":247594,"comment_status":"closed","ping_status":"closed","sticky":false,"template":"","format":"standard","meta":{"footnotes":""},"categories":[38],"tags":[],"class_list":["post-247593","post","type-post","status-publish","format-standard","has-post-thumbnail","hentry","category-policia"],"_links":{"self":[{"href":"https:\/\/www.ocorreionews.com.br\/acervo-correio\/index.php?rest_route=\/wp\/v2\/posts\/247593","targetHints":{"allow":["GET"]}}],"collection":[{"href":"https:\/\/www.ocorreionews.com.br\/acervo-correio\/index.php?rest_route=\/wp\/v2\/posts"}],"about":[{"href":"https:\/\/www.ocorreionews.com.br\/acervo-correio\/index.php?rest_route=\/wp\/v2\/types\/post"}],"author":[{"embeddable":true,"href":"https:\/\/www.ocorreionews.com.br\/acervo-correio\/index.php?rest_route=\/wp\/v2\/users\/4"}],"replies":[{"embeddable":true,"href":"https:\/\/www.ocorreionews.com.br\/acervo-correio\/index.php?rest_route=%2Fwp%2Fv2%2Fcomments&post=247593"}],"version-history":[{"count":1,"href":"https:\/\/www.ocorreionews.com.br\/acervo-correio\/index.php?rest_route=\/wp\/v2\/posts\/247593\/revisions"}],"predecessor-version":[{"id":247595,"href":"https:\/\/www.ocorreionews.com.br\/acervo-correio\/index.php?rest_route=\/wp\/v2\/posts\/247593\/revisions\/247595"}],"wp:featuredmedia":[{"embeddable":true,"href":"https:\/\/www.ocorreionews.com.br\/acervo-correio\/index.php?rest_route=\/wp\/v2\/media\/247594"}],"wp:attachment":[{"href":"https:\/\/www.ocorreionews.com.br\/acervo-correio\/index.php?rest_route=%2Fwp%2Fv2%2Fmedia&parent=247593"}],"wp:term":[{"taxonomy":"category","embeddable":true,"href":"https:\/\/www.ocorreionews.com.br\/acervo-correio\/index.php?rest_route=%2Fwp%2Fv2%2Fcategories&post=247593"},{"taxonomy":"post_tag","embeddable":true,"href":"https:\/\/www.ocorreionews.com.br\/acervo-correio\/index.php?rest_route=%2Fwp%2Fv2%2Ftags&post=247593"}],"curies":[{"name":"wp","href":"https:\/\/api.w.org\/{rel}","templated":true}]}}