{"id":247597,"date":"2023-08-04T14:56:28","date_gmt":"2023-08-04T18:56:28","guid":{"rendered":"https:\/\/www.ocorreionews.com.br\/acervo-correio\/?p=247597"},"modified":"2023-08-04T14:56:28","modified_gmt":"2023-08-04T18:56:28","slug":"empresario-mario-gazin-realizou-palestra-para-incentivar-o-empreendedorismo-em-costa-rica","status":"publish","type":"post","link":"https:\/\/www.ocorreionews.com.br\/acervo-correio\/?p=247597","title":{"rendered":"Empres\u00e1rio M\u00e1rio Gazin realizou palestra para incentivar o empreendedorismo em Costa Rica"},"content":{"rendered":"<p>Nesta quinta-feira, 3 de agosto, a Prefeitura de Costa Rica, por meio da Secretaria de Agricultura e Desenvolvimento (SEMAD), promoveu uma palestra com o renomado empres\u00e1rio M\u00e1rio Gazin, intitulada &#8220;Os desafios no mundo do empreendedorismo&#8221;. O evento teve como objetivo principal oferecer conhecimento e incentivar o empreendedorismo na cidade.<\/p>\n<p>A palestra ocorreu no audit\u00f3rio Prof\u00aa Edna Maria Jacinto da Silva, localizado na SEMED, e teve como p\u00fablico alvo empres\u00e1rios, comerciantes e empreendedores de Costa Rica. O evento superou todas as expectativas, com uma grande ades\u00e3o do p\u00fablico, demonstrando o interesse da comunidade em buscar conhecimento e se aprimorar no mundo dos neg\u00f3cios.<\/p>\n<p>Durante a palestra, M\u00e1rio Gazin compartilhou suas experi\u00eancias e desafios enfrentados ao longo de sua trajet\u00f3ria como empreendedor de sucesso. Ele abordou temas como inova\u00e7\u00e3o, planejamento estrat\u00e9gico, gest\u00e3o de equipes e a import\u00e2ncia do networking.<\/p>\n<p><img loading=\"lazy\" decoding=\"async\" class=\"imgcentraliza aligncenter\" src=\"https:\/\/www.costarica.ms.gov.br\/fotos\/587190dc7374fdd6f16a17c8d67b0912.jpg\" alt=\"Foto Noticia Principal Grande\" width=\"597\" height=\"448\" \/><\/p>\n<p>M\u00e1rio Gazin \u00e9 um empres\u00e1rio brasileiro conhecido por ser o fundador e presidente da Gazin, uma das maiores redes varejistas de eletrodom\u00e9sticos e m\u00f3veis do Brasil. Nascido em 1945, no Paran\u00e1, Gazin come\u00e7ou sua carreira vendendo colch\u00f5es de porta em porta. Ao longo dos anos, expandiu seus neg\u00f3cios e hoje a Gazin possui mais de 200 lojas espalhadas pelo pa\u00eds. Al\u00e9m disso, o empres\u00e1rio tamb\u00e9m \u00e9 conhecido por suas a\u00e7\u00f5es filantr\u00f3picas, como a cria\u00e7\u00e3o de uma funda\u00e7\u00e3o que apoia projetos sociais e educacionais.<\/p>\n<p>O empres\u00e1rio M\u00e1rio Gazin de 77 anos de idade, cheio de sa\u00fade e vitalidade, cumpriu uma agenda extensa em Costa Rica. Conheceu o Cintur\u00e3o Verde lan\u00e7ado pelo Programa Agro Rica, se reuniu com outros empres\u00e1rios no Pa\u00e7o Municipal, desceu os mais de 300 degraus da escadaria do Parque Natural Municipal Salto do Sucuri\u00fa para conhecer o Salto Majestoso, visitou os parques industriais JK e Pedro Mariani Neto, al\u00e9m de conhecer as 33 unidades habitacionais do Residencial Flor do Cerrado e os cannyons do engano no Parque Estadual das Nascentes do Taquari.<\/p>\n<p>A iniciativa da Prefeitura de Costa Rica em trazer um renomado empres\u00e1rio para compartilhar seu conhecimento com a comunidade empresarial local demonstra o compromisso da administra\u00e7\u00e3o em fomentar a economia e incentivar o empreendedorismo na regi\u00e3o.<\/p>\n<p>O prefeito, delegado Cleverson Alves dos Santos ressaltou a import\u00e2ncia da iniciativa para o desenvolvimento econ\u00f4mico da cidade. &#8220;Investir em empreendedorismo \u00e9 investir no futuro de Costa Rica. A palestra ministrada por M\u00e1rio Gazin trouxe insights valiosos para os participantes, que poder\u00e3o aplicar esses conhecimentos em seus neg\u00f3cios, contribuindo para o crescimento econ\u00f4mico e gera\u00e7\u00e3o de empregos em nossa cidade&#8221;, afirmou o prefeito.<\/p>\n<p><img loading=\"lazy\" decoding=\"async\" class=\"imgcentraliza aligncenter\" src=\"https:\/\/www.costarica.ms.gov.br\/fotos\/3d386d18da9a49543571afe0851500b8.jpg\" alt=\"Foto Noticia Principal Grande\" width=\"596\" height=\"447\" \/><\/p>\n<p>Alves reflete sobre o conceito de sucesso e felicidade, afirmando que sucesso \u00e9 conquistar o que se deseja, enquanto felicidade \u00e9 uma decis\u00e3o pessoal. O prefeito compartilha sua experi\u00eancia pessoal de supera\u00e7\u00e3o e determina\u00e7\u00e3o para alcan\u00e7ar seus objetivos. Ele menciona um soldado que desejava estudar e encoraja-o a faz\u00ea-lo, mesmo com idade avan\u00e7ada. O prefeito relata o sucesso desse soldado, que se tornou professor universit\u00e1rio. Ele conclui exaltando a atitude e o sucesso de pessoas que enfrentam desafios e seguem em frente.<br \/>\nAl\u00e9m disso, o prefeito destacou ainda que, a palestra foi uma oportunidade de aprendizado e troca de experi\u00eancias. &#8220;Eventos como esse s\u00e3o fundamentais para estimular o empreendedorismo local e fortalecer a economia de nossa cidade. Quanto mais capacitados e preparados estiverem nossos empres\u00e1rios e empreendedores, maiores ser\u00e3o as chances de \u00eaxito em seus empreendimentos&#8221;, ressaltou o gestor.<\/p>\n<p>O vice-prefeito, Roni Cota, agradeceu a M\u00e1rio Gazin por estar presente na cidade e por sua inspira\u00e7\u00e3o. Ele mencionou uma visita ao empreendimento industrial de M\u00e1rio em Douradina\/PR, com o presidente da Associa\u00e7\u00e3o Comercial, Luiz Bocalan. Roni destacou que a presen\u00e7a de M\u00e1rio \u00e9 importante para fazer transforma\u00e7\u00f5es ao nosso redor e elogiou sua experi\u00eancia e capacidade. M\u00e1rio fez um v\u00eddeo promovendo as potencialidades do munic\u00edpio e do povo de Costa Rica. Roni tamb\u00e9m mencionou uma aula em que M\u00e1rio falou sobre a import\u00e2ncia de compartilhar conhecimento e elogiou sua simplicidade e generosidade ao oferecer investimentos gratuitamente.<\/p>\n<p>O secret\u00e1rio de Agricultura e Desenvolvimento, Fernando Barbosa Martins, expressou sua alegria com a presen\u00e7a do empres\u00e1rio M\u00e1rio Gazin no evento. \u00c9 um prazer para o munic\u00edpio e ressaltou a import\u00e2ncia de se engajar em a\u00e7\u00f5es que promovam o desenvolvimento do empreendedorismo. Enfatizou que a palestra ir\u00e1 inspirar muitos. Ele agradeceu \u00e0 equipe da empresa Gazin e destacou a import\u00e2ncia dos empregos gerados pela empresa na cidade. Concluiu agradecendo a todos os presentes, afirmando que a noite seria memor\u00e1vel para cada um deles.<\/p>\n<p><img loading=\"lazy\" decoding=\"async\" class=\"imgcentraliza aligncenter\" src=\"https:\/\/www.costarica.ms.gov.br\/fotos\/a22bfe249db79164c5b939282e1fbc45.jpg\" alt=\"Foto Noticia Principal Grande\" width=\"603\" height=\"452\" \/><\/p>\n<p>O evento contou, ainda, com a presen\u00e7a de autoridades locais, representantes de entidades empresariais e membros da sociedade civil. Ao final da palestra, os participantes tiveram a oportunidade de interagir com M\u00e1rio Gazin, tirar d\u00favidas e trocar experi\u00eancias.<\/p>\n<p>Com o sucesso da palestra, a Prefeitura de Costa Rica reafirma seu compromisso em promover eventos voltados para o desenvolvimento econ\u00f4mico e social da cidade. A administra\u00e7\u00e3o municipal continuar\u00e1 buscando parcerias e iniciativas que estimulem o empreendedorismo local, garantindo o crescimento sustent\u00e1vel de Costa Rica.<\/p>\n<p><img loading=\"lazy\" decoding=\"async\" class=\"imgcentraliza aligncenter\" src=\"https:\/\/www.costarica.ms.gov.br\/fotos\/0c484a813cda8d80b87dfaeec944959d.jpg\" alt=\"Foto Noticia Principal Grande\" width=\"608\" height=\"456\" \/><\/p>\n<p>&nbsp;<\/p>\n<p><strong>Fonte: <\/strong>Assessoria de Comunica\u00e7\u00e3o \/ PMCR, <strong>\u00a0<\/strong>Silvestre de Castro<\/p>\n<p>&nbsp;<\/p>\n","protected":false},"excerpt":{"rendered":"<p>Nesta quinta-feira, 3 de agosto, a Prefeitura de Costa Rica, por meio da Secretaria de Agricultura e Desenvolvimento (SEMAD), promoveu uma palestra com o renomado empres\u00e1rio M\u00e1rio Gazin, intitulada &#8220;Os desafios no mundo do empreendedorismo&#8221;. O evento teve como objetivo principal oferecer conhecimento e incentivar o empreendedorismo na cidade. A palestra ocorreu no audit\u00f3rio Prof\u00aa [&hellip;]<\/p>\n","protected":false},"author":5,"featured_media":247598,"comment_status":"closed","ping_status":"closed","sticky":false,"template":"","format":"standard","meta":{"footnotes":""},"categories":[25],"tags":[],"class_list":["post-247597","post","type-post","status-publish","format-standard","has-post-thumbnail","hentry","category-costa-rica"],"_links":{"self":[{"href":"https:\/\/www.ocorreionews.com.br\/acervo-correio\/index.php?rest_route=\/wp\/v2\/posts\/247597","targetHints":{"allow":["GET"]}}],"collection":[{"href":"https:\/\/www.ocorreionews.com.br\/acervo-correio\/index.php?rest_route=\/wp\/v2\/posts"}],"about":[{"href":"https:\/\/www.ocorreionews.com.br\/acervo-correio\/index.php?rest_route=\/wp\/v2\/types\/post"}],"author":[{"embeddable":true,"href":"https:\/\/www.ocorreionews.com.br\/acervo-correio\/index.php?rest_route=\/wp\/v2\/users\/5"}],"replies":[{"embeddable":true,"href":"https:\/\/www.ocorreionews.com.br\/acervo-correio\/index.php?rest_route=%2Fwp%2Fv2%2Fcomments&post=247597"}],"version-history":[{"count":1,"href":"https:\/\/www.ocorreionews.com.br\/acervo-correio\/index.php?rest_route=\/wp\/v2\/posts\/247597\/revisions"}],"predecessor-version":[{"id":247599,"href":"https:\/\/www.ocorreionews.com.br\/acervo-correio\/index.php?rest_route=\/wp\/v2\/posts\/247597\/revisions\/247599"}],"wp:featuredmedia":[{"embeddable":true,"href":"https:\/\/www.ocorreionews.com.br\/acervo-correio\/index.php?rest_route=\/wp\/v2\/media\/247598"}],"wp:attachment":[{"href":"https:\/\/www.ocorreionews.com.br\/acervo-correio\/index.php?rest_route=%2Fwp%2Fv2%2Fmedia&parent=247597"}],"wp:term":[{"taxonomy":"category","embeddable":true,"href":"https:\/\/www.ocorreionews.com.br\/acervo-correio\/index.php?rest_route=%2Fwp%2Fv2%2Fcategories&post=247597"},{"taxonomy":"post_tag","embeddable":true,"href":"https:\/\/www.ocorreionews.com.br\/acervo-correio\/index.php?rest_route=%2Fwp%2Fv2%2Ftags&post=247597"}],"curies":[{"name":"wp","href":"https:\/\/api.w.org\/{rel}","templated":true}]}}