{"id":24762,"date":"2016-04-08T07:00:17","date_gmt":"2016-04-08T11:00:17","guid":{"rendered":"https:\/\/ocorreionews.com.br\/?p=24762"},"modified":"2016-04-08T07:00:17","modified_gmt":"2016-04-08T11:00:17","slug":"policia-de-paranaiba-esclarece-roube-e-prende-um-dos-autores","status":"publish","type":"post","link":"https:\/\/www.ocorreionews.com.br\/acervo-correio\/?p=24762","title":{"rendered":"Pol\u00edcia de Paran\u00e1iba esclarece roube e prende um dos autores"},"content":{"rendered":"<p style=\"text-align: justify;\">Uma Equipe do T\u00e1tico do 13\u00ba Batalh\u00e3o de Pol\u00edcia Militar de Parana\u00edba, prendeu NELSON LOUREN\u00c7O DE SOUZA, no mesmo momento em que uma Equipe do S.I.G. dava cumprimento em mandado de busca e apreens\u00e3o na resid\u00eancia de NELSON e RAIR.<br \/>\nA pessoa de RAIR VICTOR SOUZA, vulgo \u201cBUIU\u201d encontra-se FORAGIDO. A Pol\u00edcia conta com a colabora\u00e7\u00e3o da popula\u00e7\u00e3o de bem para que possamos encontrar o paradeiro de RAIR VICTOR SOUZA para que seja preso. Qualquer den\u00fancia pode ser realizada por meio dos telefones 197 ou 190.<br \/>\nJ\u00e1 NELSON LOUREN\u00c7O DE SOUZA est\u00e1 preso pelo crime de roubo e se encontra a disposi\u00e7\u00e3o da Justi\u00e7a.<\/p>\n<p style=\"text-align: justify;\">Entenda o Caso<\/p>\n<p style=\"text-align: justify;\">Na data de 01 de abril deste ano ocorreu um roubo em Parana\u00edba onde dois indiv\u00edduos encapuzados e armados com revolver invadiram uma resid\u00eancia fazendo uma mulher e seus filhos como ref\u00e9m. Na sa\u00edda do local os autores foram surpreendidos por um Policial Civil que estava na rua e ao perceber a a\u00e7\u00e3o deu voz de parada e pris\u00e3o aos autores. A ordem do Policial n\u00e3o foi obedecida e iniciou-se ent\u00e3o uma persegui\u00e7\u00e3o onde houve troca de tiros mas ainda assim os autores fugiram.<\/p>\n<p style=\"text-align: justify;\">\nLogo em seguida uma Equipe do S.I.G. iniciou as investiga\u00e7\u00f5es na qual ao longo desta semana onde foram identificados os dois autores sendo eles NELSON LOUREN\u00c7O DE SOUZA e RAIR VICTOR SOUZA, contra os quais foi emitido mandado de pris\u00e3o.<\/p>\n<p style=\"text-align: justify;\"><a href=\"https:\/\/ocorreionews.com.br\/wp-content\/uploads\/2016\/04\/roub-pba.jpg\" rel=\"attachment wp-att-24764\"><img loading=\"lazy\" decoding=\"async\" class=\"alignnone size-medium wp-image-24764\" src=\"https:\/\/ocorreionews.com.br\/wp-content\/uploads\/2016\/04\/roub-pba-300x180.jpg\" alt=\"roub pba\" width=\"300\" height=\"180\" srcset=\"https:\/\/www.ocorreionews.com.br\/acervo-correio\/wp-content\/uploads\/2016\/04\/roub-pba-300x180.jpg 300w, https:\/\/www.ocorreionews.com.br\/acervo-correio\/wp-content\/uploads\/2016\/04\/roub-pba-768x461.jpg 768w, https:\/\/www.ocorreionews.com.br\/acervo-correio\/wp-content\/uploads\/2016\/04\/roub-pba.jpg 960w\" sizes=\"auto, (max-width: 300px) 100vw, 300px\" \/><\/a><\/p>\n","protected":false},"excerpt":{"rendered":"<p>Uma Equipe do T\u00e1tico do 13\u00ba Batalh\u00e3o de Pol\u00edcia Militar de Parana\u00edba, prendeu NELSON LOUREN\u00c7O DE SOUZA, no mesmo momento em que uma Equipe do S.I.G. dava cumprimento em mandado de busca e apreens\u00e3o na resid\u00eancia de NELSON e RAIR. A pessoa de RAIR VICTOR SOUZA, vulgo \u201cBUIU\u201d encontra-se FORAGIDO. A Pol\u00edcia conta com a [&hellip;]<\/p>\n","protected":false},"author":4,"featured_media":24763,"comment_status":"closed","ping_status":"closed","sticky":false,"template":"","format":"standard","meta":{"footnotes":""},"categories":[38],"tags":[],"class_list":["post-24762","post","type-post","status-publish","format-standard","has-post-thumbnail","hentry","category-policia"],"_links":{"self":[{"href":"https:\/\/www.ocorreionews.com.br\/acervo-correio\/index.php?rest_route=\/wp\/v2\/posts\/24762","targetHints":{"allow":["GET"]}}],"collection":[{"href":"https:\/\/www.ocorreionews.com.br\/acervo-correio\/index.php?rest_route=\/wp\/v2\/posts"}],"about":[{"href":"https:\/\/www.ocorreionews.com.br\/acervo-correio\/index.php?rest_route=\/wp\/v2\/types\/post"}],"author":[{"embeddable":true,"href":"https:\/\/www.ocorreionews.com.br\/acervo-correio\/index.php?rest_route=\/wp\/v2\/users\/4"}],"replies":[{"embeddable":true,"href":"https:\/\/www.ocorreionews.com.br\/acervo-correio\/index.php?rest_route=%2Fwp%2Fv2%2Fcomments&post=24762"}],"version-history":[{"count":0,"href":"https:\/\/www.ocorreionews.com.br\/acervo-correio\/index.php?rest_route=\/wp\/v2\/posts\/24762\/revisions"}],"wp:featuredmedia":[{"embeddable":true,"href":"https:\/\/www.ocorreionews.com.br\/acervo-correio\/index.php?rest_route=\/wp\/v2\/media\/24763"}],"wp:attachment":[{"href":"https:\/\/www.ocorreionews.com.br\/acervo-correio\/index.php?rest_route=%2Fwp%2Fv2%2Fmedia&parent=24762"}],"wp:term":[{"taxonomy":"category","embeddable":true,"href":"https:\/\/www.ocorreionews.com.br\/acervo-correio\/index.php?rest_route=%2Fwp%2Fv2%2Fcategories&post=24762"},{"taxonomy":"post_tag","embeddable":true,"href":"https:\/\/www.ocorreionews.com.br\/acervo-correio\/index.php?rest_route=%2Fwp%2Fv2%2Ftags&post=24762"}],"curies":[{"name":"wp","href":"https:\/\/api.w.org\/{rel}","templated":true}]}}