{"id":247625,"date":"2023-08-05T05:00:11","date_gmt":"2023-08-05T09:00:11","guid":{"rendered":"https:\/\/www.ocorreionews.com.br\/acervo-correio\/?p=247625"},"modified":"2023-08-05T05:00:11","modified_gmt":"2023-08-05T09:00:11","slug":"sessoes-solene-e-extraordinaria-foram-realizadas-em-plenario","status":"publish","type":"post","link":"https:\/\/www.ocorreionews.com.br\/acervo-correio\/?p=247625","title":{"rendered":"Sess\u00f5es Solene e Extraordin\u00e1ria foram realizadas em Plen\u00e1rio"},"content":{"rendered":"<p class=\"x_MsoNormal\">Agosto come\u00e7ou e os vereadores reuniram-se no Plen\u00e1rio para a realiza\u00e7\u00e3o de duas Sess\u00f5es: uma Solene e outra Extraordin\u00e1ria. A Sess\u00e3o Solene marcou o retorno dos trabalhos legislativos para o segundo semestre de 2023, marcando tamb\u00e9m o fim do recesso parlamentar. A partir de agora, as Sess\u00f5es Ordin\u00e1rias voltar\u00e3o a acontecer.<\/p>\n<p class=\"x_MsoNormal\">J\u00e1 a Sess\u00e3o Extraordin\u00e1ria aconteceu logo em seguida, e teve como destaque a apresenta\u00e7\u00e3o do Projeto de Emenda \u00e0 Lei Org\u00e2nica n\u00ba 001\/23, que acrescenta o Art. 137-A \u00e0 Lei Org\u00e2nica do munic\u00edpio de Alcin\u00f3polis. Foi apresentado, ainda, o requerimento n\u00ba 002\/23, de autoria dos vereadores Rosangela Campos (PL) e Helder Carneiro (MDB), solicitando c\u00f3pia integral do procedimento licitat\u00f3rio n\u00ba 2003\/2023 e Contrato n\u00ba 058\/23, bem como todos os pagamentos efetuados. O Requerimento foi aprovado com unanimidade dos votos dos vereadores presentes.<\/p>\n<p class=\"x_MsoNormal\">A pr\u00f3xima Sess\u00e3o Ordin\u00e1ria est\u00e1 prevista para acontecer no dia 07 de agosto, a partir das 09h00 e ser\u00e1 transmitida pelas m\u00eddias sociais oficiais do Poder Legislativo Municipal, atrav\u00e9s de Live, e pela R\u00e1dio Educativa FM.<\/p>\n<p class=\"x_MsoNormal\">Prestigiaram-nas o prefeito Dalmy Cris\u00f3stomo; o p\u00e1roco de Alcin\u00f3polis, Pe. Marcos Ribolis; a secret\u00e1ria municipal de Planejamento, Administra\u00e7\u00e3o e Finan\u00e7as, C\u00e9lia Regina F. dos Santos; o secret\u00e1rio municipal de Educa\u00e7\u00e3o, Jesus Aparecido de Lima; a Perita Papiloscopista, Camilla Fonseca; os escriv\u00e3es da Pol\u00edcia Judici\u00e1ria Civil, Romatiele Ferreira e Erick Valentim; o Investigador da Pol\u00edcia Judici\u00e1ria Civil, Tarc\u00edsio.<\/p>\n<p class=\"x_MsoNormal\">\n<p class=\"x_MsoNormal\"><i>&#8212;<\/i><\/p>\n<p class=\"x_MsoNormal\"><i>C\u00e2mara Municipal de Alcin\u00f3polis \u2013 MS<\/i><\/p>\n<p class=\"x_MsoNormal\"><i>Assessoria de Comunica\u00e7\u00e3o \u2013 ASCOM<\/i><\/p>\n<p class=\"x_MsoNormal\"><i>Jornalista Bruna Souza<\/i><\/p>\n","protected":false},"excerpt":{"rendered":"<p>Agosto come\u00e7ou e os vereadores reuniram-se no Plen\u00e1rio para a realiza\u00e7\u00e3o de duas Sess\u00f5es: uma Solene e outra Extraordin\u00e1ria. A Sess\u00e3o Solene marcou o retorno dos trabalhos legislativos para o segundo semestre de 2023, marcando tamb\u00e9m o fim do recesso parlamentar. A partir de agora, as Sess\u00f5es Ordin\u00e1rias voltar\u00e3o a acontecer. J\u00e1 a Sess\u00e3o Extraordin\u00e1ria [&hellip;]<\/p>\n","protected":false},"author":4,"featured_media":247626,"comment_status":"closed","ping_status":"closed","sticky":false,"template":"","format":"standard","meta":{"footnotes":""},"categories":[18,20],"tags":[],"class_list":["post-247625","post","type-post","status-publish","format-standard","has-post-thumbnail","hentry","category-alcinopolis","category-camara-municipal"],"_links":{"self":[{"href":"https:\/\/www.ocorreionews.com.br\/acervo-correio\/index.php?rest_route=\/wp\/v2\/posts\/247625","targetHints":{"allow":["GET"]}}],"collection":[{"href":"https:\/\/www.ocorreionews.com.br\/acervo-correio\/index.php?rest_route=\/wp\/v2\/posts"}],"about":[{"href":"https:\/\/www.ocorreionews.com.br\/acervo-correio\/index.php?rest_route=\/wp\/v2\/types\/post"}],"author":[{"embeddable":true,"href":"https:\/\/www.ocorreionews.com.br\/acervo-correio\/index.php?rest_route=\/wp\/v2\/users\/4"}],"replies":[{"embeddable":true,"href":"https:\/\/www.ocorreionews.com.br\/acervo-correio\/index.php?rest_route=%2Fwp%2Fv2%2Fcomments&post=247625"}],"version-history":[{"count":1,"href":"https:\/\/www.ocorreionews.com.br\/acervo-correio\/index.php?rest_route=\/wp\/v2\/posts\/247625\/revisions"}],"predecessor-version":[{"id":247627,"href":"https:\/\/www.ocorreionews.com.br\/acervo-correio\/index.php?rest_route=\/wp\/v2\/posts\/247625\/revisions\/247627"}],"wp:featuredmedia":[{"embeddable":true,"href":"https:\/\/www.ocorreionews.com.br\/acervo-correio\/index.php?rest_route=\/wp\/v2\/media\/247626"}],"wp:attachment":[{"href":"https:\/\/www.ocorreionews.com.br\/acervo-correio\/index.php?rest_route=%2Fwp%2Fv2%2Fmedia&parent=247625"}],"wp:term":[{"taxonomy":"category","embeddable":true,"href":"https:\/\/www.ocorreionews.com.br\/acervo-correio\/index.php?rest_route=%2Fwp%2Fv2%2Fcategories&post=247625"},{"taxonomy":"post_tag","embeddable":true,"href":"https:\/\/www.ocorreionews.com.br\/acervo-correio\/index.php?rest_route=%2Fwp%2Fv2%2Ftags&post=247625"}],"curies":[{"name":"wp","href":"https:\/\/api.w.org\/{rel}","templated":true}]}}