{"id":247632,"date":"2023-08-05T05:22:37","date_gmt":"2023-08-05T09:22:37","guid":{"rendered":"https:\/\/www.ocorreionews.com.br\/acervo-correio\/?p=247632"},"modified":"2023-08-05T05:22:37","modified_gmt":"2023-08-05T09:22:37","slug":"ubs-de-figueirao-realiza-o-hiperdia-do-mes-de-agosto-2","status":"publish","type":"post","link":"https:\/\/www.ocorreionews.com.br\/acervo-correio\/?p=247632","title":{"rendered":"UBS de Figueir\u00e3o realiza o Hiperdia do m\u00eas de agosto"},"content":{"rendered":"<div dir=\"auto\">A Secretaria Municipal de Sa\u00fade, atrav\u00e9s do secret\u00e1rio Pedro Ubiali, via Unidade B\u00e1sica de Sa\u00fade Arindo Rodrigues da Silva, (UBS de Figueir\u00e3o), realizou na manh\u00e3 desta sexta-feira (04\/8), o Hiperdia do m\u00eas de agosto, onde aderiu ao tema da campanha Agosto Dourado, m\u00eas dedicado \u00e0 conscientiza\u00e7\u00e3o da import\u00e2ncia do aleitamento materno.<\/div>\n<div dir=\"auto\">Dirigido aos pacientes da terceira idade, principalmente hipertensos e diab\u00e9ticos, a a\u00e7\u00e3o contou com a participa\u00e7\u00e3o de todos os funcion\u00e1rios da UBS: diretora Roseli Rocha, m\u00e9dicos Dr. \u00cdcaro Vital e Dra. \u00c1quila Ferreira, enfermeiros, t\u00e9cnicos e auxiliares de enfermagem, e como a\u00e7\u00f5es de promo\u00e7\u00e3o \u00e0 Sa\u00fade, foi realizado nos idosos a aferi\u00e7\u00e3o de press\u00e3o arterial, aferi\u00e7\u00e3o de glicemia, mensura\u00e7\u00e3o de peso e estatura (peso, altura e medida da cintura), para posterior interven\u00e7\u00e3o preventiva com nutricionistas e m\u00e9dicos, quando for ocaso.<\/div>\n<div dir=\"auto\">O Agosto Dourado foca na import\u00e2ncia do aleitamento materno, que segundo a OMS (Organiza\u00e7\u00e3o Mundial da Sa\u00fade) deve acontecer exclusivamente at\u00e9 os seis meses e complementar at\u00e9 os dois anos de idade.<\/div>\n<div dir=\"auto\">Tamb\u00e9m foram aplicadas vacinas contra Influenza e demais vacinas do calend\u00e1rio vacinal, para atualiza\u00e7\u00e3o.<\/div>\n<div dir=\"auto\"><\/div>\n<div dir=\"auto\">Fonte\/Fotos: PMFigueir\u00e3o\/RubemVasconcellos<\/div>\n","protected":false},"excerpt":{"rendered":"<p>A Secretaria Municipal de Sa\u00fade, atrav\u00e9s do secret\u00e1rio Pedro Ubiali, via Unidade B\u00e1sica de Sa\u00fade Arindo Rodrigues da Silva, (UBS de Figueir\u00e3o), realizou na manh\u00e3 desta sexta-feira (04\/8), o Hiperdia do m\u00eas de agosto, onde aderiu ao tema da campanha Agosto Dourado, m\u00eas dedicado \u00e0 conscientiza\u00e7\u00e3o da import\u00e2ncia do aleitamento materno. Dirigido aos pacientes da [&hellip;]<\/p>\n","protected":false},"author":4,"featured_media":247633,"comment_status":"closed","ping_status":"closed","sticky":false,"template":"","format":"standard","meta":{"footnotes":""},"categories":[30],"tags":[],"class_list":["post-247632","post","type-post","status-publish","format-standard","has-post-thumbnail","hentry","category-figueirao"],"_links":{"self":[{"href":"https:\/\/www.ocorreionews.com.br\/acervo-correio\/index.php?rest_route=\/wp\/v2\/posts\/247632","targetHints":{"allow":["GET"]}}],"collection":[{"href":"https:\/\/www.ocorreionews.com.br\/acervo-correio\/index.php?rest_route=\/wp\/v2\/posts"}],"about":[{"href":"https:\/\/www.ocorreionews.com.br\/acervo-correio\/index.php?rest_route=\/wp\/v2\/types\/post"}],"author":[{"embeddable":true,"href":"https:\/\/www.ocorreionews.com.br\/acervo-correio\/index.php?rest_route=\/wp\/v2\/users\/4"}],"replies":[{"embeddable":true,"href":"https:\/\/www.ocorreionews.com.br\/acervo-correio\/index.php?rest_route=%2Fwp%2Fv2%2Fcomments&post=247632"}],"version-history":[{"count":1,"href":"https:\/\/www.ocorreionews.com.br\/acervo-correio\/index.php?rest_route=\/wp\/v2\/posts\/247632\/revisions"}],"predecessor-version":[{"id":247634,"href":"https:\/\/www.ocorreionews.com.br\/acervo-correio\/index.php?rest_route=\/wp\/v2\/posts\/247632\/revisions\/247634"}],"wp:featuredmedia":[{"embeddable":true,"href":"https:\/\/www.ocorreionews.com.br\/acervo-correio\/index.php?rest_route=\/wp\/v2\/media\/247633"}],"wp:attachment":[{"href":"https:\/\/www.ocorreionews.com.br\/acervo-correio\/index.php?rest_route=%2Fwp%2Fv2%2Fmedia&parent=247632"}],"wp:term":[{"taxonomy":"category","embeddable":true,"href":"https:\/\/www.ocorreionews.com.br\/acervo-correio\/index.php?rest_route=%2Fwp%2Fv2%2Fcategories&post=247632"},{"taxonomy":"post_tag","embeddable":true,"href":"https:\/\/www.ocorreionews.com.br\/acervo-correio\/index.php?rest_route=%2Fwp%2Fv2%2Ftags&post=247632"}],"curies":[{"name":"wp","href":"https:\/\/api.w.org\/{rel}","templated":true}]}}