{"id":247637,"date":"2023-08-05T09:39:45","date_gmt":"2023-08-05T13:39:45","guid":{"rendered":"https:\/\/www.ocorreionews.com.br\/acervo-correio\/?p=247637"},"modified":"2023-08-05T09:39:45","modified_gmt":"2023-08-05T13:39:45","slug":"pm-de-chapadao-do-sul-apreende-adolescente-armado","status":"publish","type":"post","link":"https:\/\/www.ocorreionews.com.br\/acervo-correio\/?p=247637","title":{"rendered":"PM de Chapad\u00e3o do Sul apreende adolescente armado"},"content":{"rendered":"<p>Na noite desta sexta-feira (04), um adolescente de 17 anos, velho conhecido no meio policial foi apreendido com uma arma de fogo em Chapad\u00e3o do Sul.<\/p>\n<p>De acordo com informa\u00e7\u00f5es do Boletim de Ocorr\u00eancia, uma guarni\u00e7\u00e3o da Pol\u00edcia Militar de Chapad\u00e3o do Sul realizava patrulhamento, quando deparou com um ve\u00edculo Fiesta de cor branca, este ao avistar a viatura policial que estava com as luzes de sinaliza\u00e7\u00e3o acionadas, de imediato realizou manobra evasiva, tentando adentrar na Avenida Minas Gerais de forma brusca.<\/p>\n<p>Um passageiro que estava no banco traseiro abaixou e se escondeu, fato que chamou a aten\u00e7\u00e3o dos policias, que ent\u00e3o foi feita a abordagem no ve\u00edculo que tinha dentro dele dois homens e uma mulher.<\/p>\n<p>Os policias ao visualizar a parte de tr\u00e1s do ve\u00edculo, identificou o Menor Infrator, que \u00e9 muito conhecido no meio policial, de imediato solicitamos para que eles sa\u00edssem do ve\u00edculo, realizamos busca pessoal no adolescente e de imediato foi localizado uma arma de fogo com ele, sendo revolver de cor preta. De imediato ambos os homens foram deitados ao solo e foi solicitado apoio de outra guarni\u00e7\u00e3o. Em busca pessoal no outro indiv\u00edduo de 32 anos que era o motorista do ve\u00edculo e n\u00e3o foi encontrado nada de il\u00edcito em posse deste, no interior do carro, foi encontrado um inv\u00f3lucro de subst\u00e2ncia an\u00e1loga \u00e0 maconha.<\/p>\n<p>O menor infrator foi apreendido pelo porte ilegal de arma de fogo de uso restrito e foi dado voz de pris\u00e3o para o motorista pelo crime de portar drogas para consumo, foi acionado de imediato conselho tutelar para acompanhar os procedimentos policiais. Policias Civis tamb\u00e9m deram apoio na ocorr\u00eancia.<\/p>\n<p>A arma encontrada trata-se de um rev\u00f3lver da marca Rossi, Cal .38, estando este com numera\u00e7\u00e3o de s\u00e9rie identificadora suprimido &#8220;raspado&#8221;, o rev\u00f3lver estava com todas as c\u00e2maras carregadas contendo 05 (cinco) muni\u00e7\u00f5es intactas da marca CBC, pronto para uso. J\u00e1 em checagem do ve\u00edculo foi constatado que estava com a documenta\u00e7\u00e3o em atraso, sendo recolhido.<\/p>\n<p>Ambos os Autores foram entregues na Delegacia de Pol\u00edcia Civil.<\/p>\n","protected":false},"excerpt":{"rendered":"<p>Na noite desta sexta-feira (04), um adolescente de 17 anos, velho conhecido no meio policial foi apreendido com uma arma de fogo em Chapad\u00e3o do Sul. De acordo com informa\u00e7\u00f5es do Boletim de Ocorr\u00eancia, uma guarni\u00e7\u00e3o da Pol\u00edcia Militar de Chapad\u00e3o do Sul realizava patrulhamento, quando deparou com um ve\u00edculo Fiesta de cor branca, este [&hellip;]<\/p>\n","protected":false},"author":5,"featured_media":247638,"comment_status":"closed","ping_status":"closed","sticky":false,"template":"","format":"standard","meta":{"footnotes":""},"categories":[23,38],"tags":[],"class_list":["post-247637","post","type-post","status-publish","format-standard","has-post-thumbnail","hentry","category-chapadao-do-sul","category-policia"],"_links":{"self":[{"href":"https:\/\/www.ocorreionews.com.br\/acervo-correio\/index.php?rest_route=\/wp\/v2\/posts\/247637","targetHints":{"allow":["GET"]}}],"collection":[{"href":"https:\/\/www.ocorreionews.com.br\/acervo-correio\/index.php?rest_route=\/wp\/v2\/posts"}],"about":[{"href":"https:\/\/www.ocorreionews.com.br\/acervo-correio\/index.php?rest_route=\/wp\/v2\/types\/post"}],"author":[{"embeddable":true,"href":"https:\/\/www.ocorreionews.com.br\/acervo-correio\/index.php?rest_route=\/wp\/v2\/users\/5"}],"replies":[{"embeddable":true,"href":"https:\/\/www.ocorreionews.com.br\/acervo-correio\/index.php?rest_route=%2Fwp%2Fv2%2Fcomments&post=247637"}],"version-history":[{"count":1,"href":"https:\/\/www.ocorreionews.com.br\/acervo-correio\/index.php?rest_route=\/wp\/v2\/posts\/247637\/revisions"}],"predecessor-version":[{"id":247640,"href":"https:\/\/www.ocorreionews.com.br\/acervo-correio\/index.php?rest_route=\/wp\/v2\/posts\/247637\/revisions\/247640"}],"wp:featuredmedia":[{"embeddable":true,"href":"https:\/\/www.ocorreionews.com.br\/acervo-correio\/index.php?rest_route=\/wp\/v2\/media\/247638"}],"wp:attachment":[{"href":"https:\/\/www.ocorreionews.com.br\/acervo-correio\/index.php?rest_route=%2Fwp%2Fv2%2Fmedia&parent=247637"}],"wp:term":[{"taxonomy":"category","embeddable":true,"href":"https:\/\/www.ocorreionews.com.br\/acervo-correio\/index.php?rest_route=%2Fwp%2Fv2%2Fcategories&post=247637"},{"taxonomy":"post_tag","embeddable":true,"href":"https:\/\/www.ocorreionews.com.br\/acervo-correio\/index.php?rest_route=%2Fwp%2Fv2%2Ftags&post=247637"}],"curies":[{"name":"wp","href":"https:\/\/api.w.org\/{rel}","templated":true}]}}