{"id":247641,"date":"2023-08-05T09:54:13","date_gmt":"2023-08-05T13:54:13","guid":{"rendered":"https:\/\/www.ocorreionews.com.br\/acervo-correio\/?p=247641"},"modified":"2023-08-05T09:55:28","modified_gmt":"2023-08-05T13:55:28","slug":"ciclista-fica-gravemente-ferido-ao-colidir-com-carro-em-chapadao-do-sul","status":"publish","type":"post","link":"https:\/\/www.ocorreionews.com.br\/acervo-correio\/?p=247641","title":{"rendered":"Ciclista fica inconsciente ao colidir com carro em Chapad\u00e3o do Sul"},"content":{"rendered":"<p>No in\u00edcio da noite desta sexta-feira (04), um ciclista que n\u00e3o teve a identidade revelada ficou gravemente ferido ao colidir de frente com um ve\u00edculo na cidade de Chapad\u00e3o do Sul.<\/p>\n<p>A colis\u00e3o aconteceu na Rua dos Periquitos com a Dos Pardais, no Bairro Esplanada III.<\/p>\n<p>O corpo de Bombeiros de Chapad\u00e3o do Sul, foi acionado e no local encontrou o homem inconsciente, com a suspeita de um traumatismo craniano, que foi rapidamente encaminhado para Hospital Municipal.<\/p>\n<p>J\u00e1 o motorista do ve\u00edculo nada sofreu, e permaneceu no local.<\/p>\n<p>A Pol\u00edcia Militar esteve no local e tomou as medidas cab\u00edveis.<\/p>\n","protected":false},"excerpt":{"rendered":"<p>No in\u00edcio da noite desta sexta-feira (04), um ciclista que n\u00e3o teve a identidade revelada ficou gravemente ferido ao colidir de frente com um ve\u00edculo na cidade de Chapad\u00e3o do Sul. A colis\u00e3o aconteceu na Rua dos Periquitos com a Dos Pardais, no Bairro Esplanada III. O corpo de Bombeiros de Chapad\u00e3o do Sul, foi [&hellip;]<\/p>\n","protected":false},"author":5,"featured_media":247639,"comment_status":"closed","ping_status":"closed","sticky":false,"template":"","format":"standard","meta":{"footnotes":""},"categories":[23,38],"tags":[],"class_list":["post-247641","post","type-post","status-publish","format-standard","has-post-thumbnail","hentry","category-chapadao-do-sul","category-policia"],"_links":{"self":[{"href":"https:\/\/www.ocorreionews.com.br\/acervo-correio\/index.php?rest_route=\/wp\/v2\/posts\/247641","targetHints":{"allow":["GET"]}}],"collection":[{"href":"https:\/\/www.ocorreionews.com.br\/acervo-correio\/index.php?rest_route=\/wp\/v2\/posts"}],"about":[{"href":"https:\/\/www.ocorreionews.com.br\/acervo-correio\/index.php?rest_route=\/wp\/v2\/types\/post"}],"author":[{"embeddable":true,"href":"https:\/\/www.ocorreionews.com.br\/acervo-correio\/index.php?rest_route=\/wp\/v2\/users\/5"}],"replies":[{"embeddable":true,"href":"https:\/\/www.ocorreionews.com.br\/acervo-correio\/index.php?rest_route=%2Fwp%2Fv2%2Fcomments&post=247641"}],"version-history":[{"count":2,"href":"https:\/\/www.ocorreionews.com.br\/acervo-correio\/index.php?rest_route=\/wp\/v2\/posts\/247641\/revisions"}],"predecessor-version":[{"id":247643,"href":"https:\/\/www.ocorreionews.com.br\/acervo-correio\/index.php?rest_route=\/wp\/v2\/posts\/247641\/revisions\/247643"}],"wp:featuredmedia":[{"embeddable":true,"href":"https:\/\/www.ocorreionews.com.br\/acervo-correio\/index.php?rest_route=\/wp\/v2\/media\/247639"}],"wp:attachment":[{"href":"https:\/\/www.ocorreionews.com.br\/acervo-correio\/index.php?rest_route=%2Fwp%2Fv2%2Fmedia&parent=247641"}],"wp:term":[{"taxonomy":"category","embeddable":true,"href":"https:\/\/www.ocorreionews.com.br\/acervo-correio\/index.php?rest_route=%2Fwp%2Fv2%2Fcategories&post=247641"},{"taxonomy":"post_tag","embeddable":true,"href":"https:\/\/www.ocorreionews.com.br\/acervo-correio\/index.php?rest_route=%2Fwp%2Fv2%2Ftags&post=247641"}],"curies":[{"name":"wp","href":"https:\/\/api.w.org\/{rel}","templated":true}]}}