{"id":247662,"date":"2023-08-06T08:37:44","date_gmt":"2023-08-06T12:37:44","guid":{"rendered":"https:\/\/www.ocorreionews.com.br\/acervo-correio\/?p=247662"},"modified":"2023-08-06T08:37:44","modified_gmt":"2023-08-06T12:37:44","slug":"prefeito-juvenal-e-secretarios-municipais-participam-de-lancamento-de-programa-do-tce","status":"publish","type":"post","link":"https:\/\/www.ocorreionews.com.br\/acervo-correio\/?p=247662","title":{"rendered":"Prefeito Juvenal e secret\u00e1rios municipais participam de lan\u00e7amento de programa do TCE"},"content":{"rendered":"<p>O Prefeito de Figueir\u00e3o Juvenal Consolaro, acompanhado do Procurador Jur\u00eddico do Munic\u00edpio Dr. Amilton Pl\u00e1cido da Rosa, da Secret\u00e1ria Municipal de Educa\u00e7\u00e3o Luciane Aimi e do Secret\u00e1rio Municipal de Sa\u00fade Pedro Ubiali e do Assessor de Gabinete Cleiton Cosme, estiveram cumprindo agenda em Campo Grande,<\/p>\n<p>Participaram do lan\u00e7amento do Programa Integrado pela Garantia dos Direitos da Primeira Inf\u00e2ncia, promovido pelo Tribunal de Contas do Estado de Mato Grosso do Sul (TCE-MS) que aconteceu no Centro de Conven\u00e7\u00f5es Arquiteto Rubens Gil de Camillo, no Parque dos Poderes.<\/p>\n<p><img loading=\"lazy\" decoding=\"async\" class=\"alignnone size-full wp-image-247663\" src=\"https:\/\/www.ocorreionews.com.br\/acervo-correio\/wp-content\/uploads\/2023\/08\/juvenal-programa-TCE2.jpg\" alt=\"\" width=\"1600\" height=\"1250\" srcset=\"https:\/\/www.ocorreionews.com.br\/acervo-correio\/wp-content\/uploads\/2023\/08\/juvenal-programa-TCE2.jpg 1600w, https:\/\/www.ocorreionews.com.br\/acervo-correio\/wp-content\/uploads\/2023\/08\/juvenal-programa-TCE2-300x234.jpg 300w, https:\/\/www.ocorreionews.com.br\/acervo-correio\/wp-content\/uploads\/2023\/08\/juvenal-programa-TCE2-1024x800.jpg 1024w, https:\/\/www.ocorreionews.com.br\/acervo-correio\/wp-content\/uploads\/2023\/08\/juvenal-programa-TCE2-768x600.jpg 768w, https:\/\/www.ocorreionews.com.br\/acervo-correio\/wp-content\/uploads\/2023\/08\/juvenal-programa-TCE2-1536x1200.jpg 1536w\" sizes=\"auto, (max-width: 1600px) 100vw, 1600px\" \/><\/p>\n<p>Este Programa foi institu\u00eddo pela Resolu\u00e7\u00e3o TCE\/MS n\u00ba185, de 19 de abril de 2023, com a finalidade de articular a\u00e7\u00f5es espec\u00edficas no est\u00edmulo de pol\u00edticas p\u00fablicas que produzam resultados reais em benef\u00edcio da 1\u00aa inf\u00e2ncia em Mato Grosso do Sul, com destaque especial aos primeiros mil dias de vida, que compreende da gesta\u00e7\u00e3o aos dois anos de idade.<\/p>\n<p>Antes mesmo do lan\u00e7amento do Programa, foram firmados Acordos de Coopera\u00e7\u00e3o com o Tribunal de Justi\u00e7a de Mato Grosso do Sul (TJMS), Minist\u00e9rio P\u00fablico do Estado de Mato Grosso do Sul (MPMS), Defensoria P\u00fablica do Estado de Mato Grosso do Sul (DPGEMS) e Associa\u00e7\u00e3o dos Munic\u00edpios de Mato Grosso do Sul (Assomasul).<\/p>\n<p>Participaram diversas autoridades pol\u00edticas estaduais e prefeitos e vereadores convidados.<\/p>\n<p>Fonte\/Fotos: PMFigueir\u00e3o\/RubemVasconcellos<\/p>\n","protected":false},"excerpt":{"rendered":"<p>O Prefeito de Figueir\u00e3o Juvenal Consolaro, acompanhado do Procurador Jur\u00eddico do Munic\u00edpio Dr. Amilton Pl\u00e1cido da Rosa, da Secret\u00e1ria Municipal de Educa\u00e7\u00e3o Luciane Aimi e do Secret\u00e1rio Municipal de Sa\u00fade Pedro Ubiali e do Assessor de Gabinete Cleiton Cosme, estiveram cumprindo agenda em Campo Grande, Participaram do lan\u00e7amento do Programa Integrado pela Garantia dos Direitos [&hellip;]<\/p>\n","protected":false},"author":4,"featured_media":247664,"comment_status":"closed","ping_status":"closed","sticky":false,"template":"","format":"standard","meta":{"footnotes":""},"categories":[30],"tags":[],"class_list":["post-247662","post","type-post","status-publish","format-standard","has-post-thumbnail","hentry","category-figueirao"],"_links":{"self":[{"href":"https:\/\/www.ocorreionews.com.br\/acervo-correio\/index.php?rest_route=\/wp\/v2\/posts\/247662","targetHints":{"allow":["GET"]}}],"collection":[{"href":"https:\/\/www.ocorreionews.com.br\/acervo-correio\/index.php?rest_route=\/wp\/v2\/posts"}],"about":[{"href":"https:\/\/www.ocorreionews.com.br\/acervo-correio\/index.php?rest_route=\/wp\/v2\/types\/post"}],"author":[{"embeddable":true,"href":"https:\/\/www.ocorreionews.com.br\/acervo-correio\/index.php?rest_route=\/wp\/v2\/users\/4"}],"replies":[{"embeddable":true,"href":"https:\/\/www.ocorreionews.com.br\/acervo-correio\/index.php?rest_route=%2Fwp%2Fv2%2Fcomments&post=247662"}],"version-history":[{"count":1,"href":"https:\/\/www.ocorreionews.com.br\/acervo-correio\/index.php?rest_route=\/wp\/v2\/posts\/247662\/revisions"}],"predecessor-version":[{"id":247665,"href":"https:\/\/www.ocorreionews.com.br\/acervo-correio\/index.php?rest_route=\/wp\/v2\/posts\/247662\/revisions\/247665"}],"wp:featuredmedia":[{"embeddable":true,"href":"https:\/\/www.ocorreionews.com.br\/acervo-correio\/index.php?rest_route=\/wp\/v2\/media\/247664"}],"wp:attachment":[{"href":"https:\/\/www.ocorreionews.com.br\/acervo-correio\/index.php?rest_route=%2Fwp%2Fv2%2Fmedia&parent=247662"}],"wp:term":[{"taxonomy":"category","embeddable":true,"href":"https:\/\/www.ocorreionews.com.br\/acervo-correio\/index.php?rest_route=%2Fwp%2Fv2%2Fcategories&post=247662"},{"taxonomy":"post_tag","embeddable":true,"href":"https:\/\/www.ocorreionews.com.br\/acervo-correio\/index.php?rest_route=%2Fwp%2Fv2%2Ftags&post=247662"}],"curies":[{"name":"wp","href":"https:\/\/api.w.org\/{rel}","templated":true}]}}