{"id":247666,"date":"2023-08-06T08:40:25","date_gmt":"2023-08-06T12:40:25","guid":{"rendered":"https:\/\/www.ocorreionews.com.br\/acervo-correio\/?p=247666"},"modified":"2023-08-06T08:40:25","modified_gmt":"2023-08-06T12:40:25","slug":"alunos-da-escola-municipal-alcino-carneiro-participam-pela-primeira-vez-dos-jogos-escolares-da-juventude-de-ms","status":"publish","type":"post","link":"https:\/\/www.ocorreionews.com.br\/acervo-correio\/?p=247666","title":{"rendered":"Alunos da Escola Municipal Alcino Carneiro participam pela primeira vez dos Jogos Escolares da Juventude de MS"},"content":{"rendered":"<p>Alunos da Escola Municipal Alcino Carneiro\u00a0 est\u00e3o na capital do estado \u00a0para mais uma competi\u00e7\u00e3o representando o munic\u00edpio de Alcin\u00f3polis.<\/p>\n<p>Os alunos Juan Pablo Moraes dos Santos e Jo\u00e3o Pedro Sim\u00f5es de Souza est\u00e3o em Campo Grande-MS, para participarem, no per\u00edodo de 04 a 06 de agosto dos Jogos Escolares da Juventude de MS &#8211; Modalidades Individuais de 12 a 14 anos.<\/p>\n<p>O evento escolar realizado pelo Governo do Estado, atrav\u00e9s da Fundesporte, tem a participa\u00e7\u00e3o de 38 munic\u00edpios nessa etapa nas seguintes modalidades (Altetismo, Jud\u00f4 e Nata\u00e7\u00e3o) Masculino e Feminino. Na ocasi\u00e3o nossos dois alunos\/atletas estar\u00e3o participando nas provas do Atletismo, corrida de 80 e 150m.<\/p>\n<p>Os alunos est\u00e3o sendo acompanhados pelo Chefe de Delega\u00e7\u00e3o Valcimar Pereira e pelo T\u00e9cnico da equipe, o Educador F\u00edsico Bruno Cunegundes.<\/p>\n<p>Essa \u00e9 a primeira vez que o munic\u00edpio participa nessa modalidade e conta com o apoio da Prefeitura de Alcin\u00f3polis, atrav\u00e9s da Secretaria Municipal de Educa\u00e7\u00e3o, Cultura e Esportes.<\/p>\n<p>Fonte\/fotos: Departamento de Desporto<\/p>\n","protected":false},"excerpt":{"rendered":"<p>Alunos da Escola Municipal Alcino Carneiro\u00a0 est\u00e3o na capital do estado \u00a0para mais uma competi\u00e7\u00e3o representando o munic\u00edpio de Alcin\u00f3polis. Os alunos Juan Pablo Moraes dos Santos e Jo\u00e3o Pedro Sim\u00f5es de Souza est\u00e3o em Campo Grande-MS, para participarem, no per\u00edodo de 04 a 06 de agosto dos Jogos Escolares da Juventude de MS &#8211; [&hellip;]<\/p>\n","protected":false},"author":4,"featured_media":247667,"comment_status":"closed","ping_status":"closed","sticky":false,"template":"","format":"standard","meta":{"footnotes":""},"categories":[18,29],"tags":[],"class_list":["post-247666","post","type-post","status-publish","format-standard","has-post-thumbnail","hentry","category-alcinopolis","category-esporte"],"_links":{"self":[{"href":"https:\/\/www.ocorreionews.com.br\/acervo-correio\/index.php?rest_route=\/wp\/v2\/posts\/247666","targetHints":{"allow":["GET"]}}],"collection":[{"href":"https:\/\/www.ocorreionews.com.br\/acervo-correio\/index.php?rest_route=\/wp\/v2\/posts"}],"about":[{"href":"https:\/\/www.ocorreionews.com.br\/acervo-correio\/index.php?rest_route=\/wp\/v2\/types\/post"}],"author":[{"embeddable":true,"href":"https:\/\/www.ocorreionews.com.br\/acervo-correio\/index.php?rest_route=\/wp\/v2\/users\/4"}],"replies":[{"embeddable":true,"href":"https:\/\/www.ocorreionews.com.br\/acervo-correio\/index.php?rest_route=%2Fwp%2Fv2%2Fcomments&post=247666"}],"version-history":[{"count":2,"href":"https:\/\/www.ocorreionews.com.br\/acervo-correio\/index.php?rest_route=\/wp\/v2\/posts\/247666\/revisions"}],"predecessor-version":[{"id":247669,"href":"https:\/\/www.ocorreionews.com.br\/acervo-correio\/index.php?rest_route=\/wp\/v2\/posts\/247666\/revisions\/247669"}],"wp:featuredmedia":[{"embeddable":true,"href":"https:\/\/www.ocorreionews.com.br\/acervo-correio\/index.php?rest_route=\/wp\/v2\/media\/247667"}],"wp:attachment":[{"href":"https:\/\/www.ocorreionews.com.br\/acervo-correio\/index.php?rest_route=%2Fwp%2Fv2%2Fmedia&parent=247666"}],"wp:term":[{"taxonomy":"category","embeddable":true,"href":"https:\/\/www.ocorreionews.com.br\/acervo-correio\/index.php?rest_route=%2Fwp%2Fv2%2Fcategories&post=247666"},{"taxonomy":"post_tag","embeddable":true,"href":"https:\/\/www.ocorreionews.com.br\/acervo-correio\/index.php?rest_route=%2Fwp%2Fv2%2Ftags&post=247666"}],"curies":[{"name":"wp","href":"https:\/\/api.w.org\/{rel}","templated":true}]}}