{"id":247675,"date":"2023-08-07T06:34:54","date_gmt":"2023-08-07T10:34:54","guid":{"rendered":"https:\/\/www.ocorreionews.com.br\/acervo-correio\/?p=247675"},"modified":"2023-08-07T07:52:34","modified_gmt":"2023-08-07T11:52:34","slug":"executivo-municipal-de-chapadao-do-sul-marca-presenca-no-lancamento-do-programa-integrado-para-a-primeira-infancia","status":"publish","type":"post","link":"https:\/\/www.ocorreionews.com.br\/acervo-correio\/?p=247675","title":{"rendered":"Chapad\u00e3o do Sul marca presen\u00e7a no lan\u00e7amento do programa integrado para a Primeira Inf\u00e2ncia"},"content":{"rendered":"<p>O Executivo Municipal de Chapad\u00e3o do Sul esteve representado por importantes membros na cerim\u00f4nia de lan\u00e7amento oficial do programa integrado pela Garantia dos Direitos da Primeira Inf\u00e2ncia, realizado pelo Tribunal de Contas de Mato Grosso do Sul.<\/p>\n<p>O evento aconteceu no centro de conven\u00e7\u00f5es Rubens Gil em Campo Grande, onde o prefeito Jo\u00e3o Carlos Krug liderou a delega\u00e7\u00e3o de Chapad\u00e3o do Sul, acompanhado pela primeira dama e secret\u00e1ria de assist\u00eancia social, Maria das Dores Zocal Krug, o secret\u00e1rio de educa\u00e7\u00e3o, Guerino Perius, a subsecret\u00e1ria de educa\u00e7\u00e3o, Maria Otilia, e o controlador interno, Lucas Cabrera.<\/p>\n<p>A iniciativa busca promover e proteger os direitos das crian\u00e7as na primeira inf\u00e2ncia, oferecendo melhores condi\u00e7\u00f5es de desenvolvimento e qualidade de vida. O governador do estado e outras autoridades dos tr\u00eas poderes prestigiaram o lan\u00e7amento, destacando a relev\u00e2ncia do programa para toda a sociedade sul-mato-grossense.<\/p>\n<p>O prefeito Jo\u00e3o Carlos Krug enfatizou a import\u00e2ncia da parceria entre o Executivo Municipal e o Tribunal de Contas para garantir um futuro promissor \u00e0s crian\u00e7as de Chapad\u00e3o do Sul, destacando o compromisso da cidade em promover pol\u00edticas p\u00fablicas efetivas para a primeira inf\u00e2ncia.<\/p>\n<p>O programa integrado representa um marco significativo para o munic\u00edpio, evidenciando o empenho e a preocupa\u00e7\u00e3o com o desenvolvimento pleno e saud\u00e1vel das crian\u00e7as, refletindo o compromisso do Executivo Municipal em construir uma sociedade mais justa e igualit\u00e1ria desde a primeira fase da vida. Com a uni\u00e3o de esfor\u00e7os, a cidade caminha em dire\u00e7\u00e3o a um futuro mais promissor para as gera\u00e7\u00f5es vindouras.<\/p>\n<p><img decoding=\"async\" src=\"http:\/\/www.chapadaodosul.ms.gov.br\/admin\/arquivos\/imagem\/IMG_1086.jpeg\" \/><\/p>\n","protected":false},"excerpt":{"rendered":"<p>O Executivo Municipal de Chapad\u00e3o do Sul esteve representado por importantes membros na cerim\u00f4nia de lan\u00e7amento oficial do programa integrado pela Garantia dos Direitos da Primeira Inf\u00e2ncia, realizado pelo Tribunal de Contas de Mato Grosso do Sul. O evento aconteceu no centro de conven\u00e7\u00f5es Rubens Gil em Campo Grande, onde o prefeito Jo\u00e3o Carlos Krug [&hellip;]<\/p>\n","protected":false},"author":4,"featured_media":247676,"comment_status":"closed","ping_status":"closed","sticky":false,"template":"","format":"standard","meta":{"footnotes":""},"categories":[23],"tags":[],"class_list":["post-247675","post","type-post","status-publish","format-standard","has-post-thumbnail","hentry","category-chapadao-do-sul"],"_links":{"self":[{"href":"https:\/\/www.ocorreionews.com.br\/acervo-correio\/index.php?rest_route=\/wp\/v2\/posts\/247675","targetHints":{"allow":["GET"]}}],"collection":[{"href":"https:\/\/www.ocorreionews.com.br\/acervo-correio\/index.php?rest_route=\/wp\/v2\/posts"}],"about":[{"href":"https:\/\/www.ocorreionews.com.br\/acervo-correio\/index.php?rest_route=\/wp\/v2\/types\/post"}],"author":[{"embeddable":true,"href":"https:\/\/www.ocorreionews.com.br\/acervo-correio\/index.php?rest_route=\/wp\/v2\/users\/4"}],"replies":[{"embeddable":true,"href":"https:\/\/www.ocorreionews.com.br\/acervo-correio\/index.php?rest_route=%2Fwp%2Fv2%2Fcomments&post=247675"}],"version-history":[{"count":2,"href":"https:\/\/www.ocorreionews.com.br\/acervo-correio\/index.php?rest_route=\/wp\/v2\/posts\/247675\/revisions"}],"predecessor-version":[{"id":247679,"href":"https:\/\/www.ocorreionews.com.br\/acervo-correio\/index.php?rest_route=\/wp\/v2\/posts\/247675\/revisions\/247679"}],"wp:featuredmedia":[{"embeddable":true,"href":"https:\/\/www.ocorreionews.com.br\/acervo-correio\/index.php?rest_route=\/wp\/v2\/media\/247676"}],"wp:attachment":[{"href":"https:\/\/www.ocorreionews.com.br\/acervo-correio\/index.php?rest_route=%2Fwp%2Fv2%2Fmedia&parent=247675"}],"wp:term":[{"taxonomy":"category","embeddable":true,"href":"https:\/\/www.ocorreionews.com.br\/acervo-correio\/index.php?rest_route=%2Fwp%2Fv2%2Fcategories&post=247675"},{"taxonomy":"post_tag","embeddable":true,"href":"https:\/\/www.ocorreionews.com.br\/acervo-correio\/index.php?rest_route=%2Fwp%2Fv2%2Ftags&post=247675"}],"curies":[{"name":"wp","href":"https:\/\/api.w.org\/{rel}","templated":true}]}}