{"id":247678,"date":"2023-08-07T08:06:10","date_gmt":"2023-08-07T12:06:10","guid":{"rendered":"https:\/\/www.ocorreionews.com.br\/acervo-correio\/?p=247678"},"modified":"2023-08-07T08:06:10","modified_gmt":"2023-08-07T12:06:10","slug":"chapadao-do-sul-realizou-etapa-do-programa-lider-ms","status":"publish","type":"post","link":"https:\/\/www.ocorreionews.com.br\/acervo-correio\/?p=247678","title":{"rendered":"Chapad\u00e3o do Sul realizou etapa do Programa L\u00edder MS"},"content":{"rendered":"<p>Est\u00e1 em andamento, desde 2022, a 4\u00aa Edi\u00e7\u00e3o do Projeto L\u00edder MS, do Sistema Famasul e Senar, que segue at\u00e9 o final do pr\u00f3ximo ano. Participam do projeto aproximadamente 45 jovens de v\u00e1rias regi\u00f5es de Mato Grosso do Sul, ligados direta e indiretamente ao agroneg\u00f3cio, indicados pelos sindicatos rurais. De Chapad\u00e3o do Sul participam os jovens, Gabriel Loeff e Thaissa Schlatter, ambos ligados diretamente ao agroneg\u00f3cio.<\/p>\n<p>O L\u00edder MS \u00e9 um curso em Lideran\u00e7a Empreendedora. Tem como objetivo principal fomentar lideran\u00e7as empreendedoras do agroneg\u00f3cio no estado. Os participantes recebem treinamento por dois anos com especialistas em forma\u00e7\u00e3o de l\u00edderes, nos ciclos que s\u00e3o realizados em cidades estrat\u00e9gicas, para onde s\u00e3o convocados todos os inscritos.<\/p>\n<figure class=\"wp-block-image size-large\">\n<p><figure id=\"attachment_44660\" aria-describedby=\"caption-attachment-44660\" style=\"width: 674px\" class=\"wp-caption aligncenter\"><img loading=\"lazy\" decoding=\"async\" class=\"wp-image-44660\" src=\"https:\/\/jovemsulnews.com.br\/wp-content\/uploads\/2023\/08\/VISITA-GRUPO-LIDER-MS-01-02.jpg\" sizes=\"auto, (max-width: 674px) 100vw, 674px\" srcset=\"https:\/\/jovemsulnews.com.br\/wp-content\/uploads\/2023\/08\/VISITA-GRUPO-LIDER-MS-01-02.jpg 674w, https:\/\/jovemsulnews.com.br\/wp-content\/uploads\/2023\/08\/VISITA-GRUPO-LIDER-MS-01-02-300x158.jpg 300w, https:\/\/jovemsulnews.com.br\/wp-content\/uploads\/2023\/08\/VISITA-GRUPO-LIDER-MS-01-02-305x160.jpg 305w, https:\/\/jovemsulnews.com.br\/wp-content\/uploads\/2023\/08\/VISITA-GRUPO-LIDER-MS-01-02-400x210.jpg 400w\" alt=\"\" width=\"674\" height=\"354\" \/><figcaption id=\"caption-attachment-44660\" class=\"wp-caption-text\">Visita dos participantes \u00e0 sede da Ampasul. Foto divulga\u00e7\u00e3o<\/figcaption><\/figure><figcaption><\/figcaption><\/figure>\n<p>Chapad\u00e3o do Sul sediou o 6\u00ba Ciclo do L\u00edder MS, encontro realizado na Casa do Produtor, no Recinto de Exposi\u00e7\u00f5es do Sindicato Rural. A abertura contou com a participa\u00e7\u00e3o do Presidente do Sindicato Rural, Walter Schlatter, do Vice-Presidente, Maiquel De Gasperi, da Diretora T\u00e9cnica Senar\/MS, Mariana Urt, do Gerente T\u00e9cnico do Sistema Famasul, Jos\u00e9 P\u00e1dua. Eles levaram a palavra de incentivo aos jovens participantes e destacaram a import\u00e2ncia da forma\u00e7\u00e3o de novos l\u00edderes no setor do agroneg\u00f3cio para promo\u00e7\u00e3o do desenvolvimento de suas regi\u00f5es e do Mato Grosso do Sul.<\/p>\n<p>Durante o ciclo, os participantes realizaram uma visita \u00e0 sede da Ampasul, Associa\u00e7\u00e3o Sul-Mato-Grossense dos Produtores de Algod\u00e3o, onde conheceram as instala\u00e7\u00f5es e os servi\u00e7os que a entidade presta aos cotonicultores, principalmente o desenvolvimento de projetos que visam o produ\u00e7\u00e3o sustent\u00e1vel do algod\u00e3o em Mato Grosso do Sul.<\/p>\n<figure class=\"wp-block-image size-large is-resized\">\n<p><figure id=\"attachment_44661\" aria-describedby=\"caption-attachment-44661\" style=\"width: 684px\" class=\"wp-caption aligncenter\"><img loading=\"lazy\" decoding=\"async\" class=\"wp-image-44661\" src=\"https:\/\/jovemsulnews.com.br\/wp-content\/uploads\/2023\/08\/LIDER-MS-AULA-EM-CHAPADAO-DO-SUL.jpg\" sizes=\"auto, (max-width: 684px) 100vw, 684px\" srcset=\"https:\/\/jovemsulnews.com.br\/wp-content\/uploads\/2023\/08\/LIDER-MS-AULA-EM-CHAPADAO-DO-SUL.jpg 700w, https:\/\/jovemsulnews.com.br\/wp-content\/uploads\/2023\/08\/LIDER-MS-AULA-EM-CHAPADAO-DO-SUL-300x172.jpg 300w, https:\/\/jovemsulnews.com.br\/wp-content\/uploads\/2023\/08\/LIDER-MS-AULA-EM-CHAPADAO-DO-SUL-305x175.jpg 305w, https:\/\/jovemsulnews.com.br\/wp-content\/uploads\/2023\/08\/LIDER-MS-AULA-EM-CHAPADAO-DO-SUL-400x229.jpg 400w\" alt=\"\" width=\"684\" height=\"392\" \/><figcaption id=\"caption-attachment-44661\" class=\"wp-caption-text\">Giselda Maria Fernandes Novaes Hironaka (Professora Titular do Departamento de Direito Civil; Bacharel, doutora, livre-docente e titularidade em Direito Civil pela Faculdade de Direito da USP). Ministrou aula em Chapad\u00e3o do Sul<\/figcaption><\/figure><figcaption><\/figcaption><\/figure>\n<p>Segundo o Sistema Famasul\/Senar\/MS, s\u00e3o professores desta edi\u00e7\u00e3o do L\u00edder MS; o diretor do Instituto Taquari, Renato Roscoe, Fernando Curi Peres e Giselda Maria Fernandes Novaes Hironaka, com o apoio do consultor t\u00e9cnico do Sistema Famasul, Clovis Tolentino, entre outros convidados.<\/p>\n<p>Tamb\u00e9m participaram de forma on-line Renato Conchon, coordenador do N\u00facleo Econ\u00f4mico da CNA; Nilson Leit\u00e3o, presidente do Instituto Pensar Agro, e Suemi Mori Andrade, diretora de Rela\u00e7\u00f5es Internacionais da CNA.<\/p>\n<p><img loading=\"lazy\" decoding=\"async\" class=\"wp-image-44663 aligncenter\" src=\"https:\/\/jovemsulnews.com.br\/wp-content\/uploads\/2023\/08\/VISITA-GRUPO-LIDER-MS-02-02.jpg\" sizes=\"auto, (max-width: 700px) 100vw, 700px\" srcset=\"https:\/\/jovemsulnews.com.br\/wp-content\/uploads\/2023\/08\/VISITA-GRUPO-LIDER-MS-02-02.jpg 700w, https:\/\/jovemsulnews.com.br\/wp-content\/uploads\/2023\/08\/VISITA-GRUPO-LIDER-MS-02-02-300x204.jpg 300w, https:\/\/jovemsulnews.com.br\/wp-content\/uploads\/2023\/08\/VISITA-GRUPO-LIDER-MS-02-02-305x208.jpg 305w, https:\/\/jovemsulnews.com.br\/wp-content\/uploads\/2023\/08\/VISITA-GRUPO-LIDER-MS-02-02-400x273.jpg 400w\" alt=\"\" width=\"700\" height=\"477\" \/><\/p>\n<p><em>Fonte: Jovemsulnews (Norbertino Angeli)<\/em><\/p>\n","protected":false},"excerpt":{"rendered":"<p>Est\u00e1 em andamento, desde 2022, a 4\u00aa Edi\u00e7\u00e3o do Projeto L\u00edder MS, do Sistema Famasul e Senar, que segue at\u00e9 o final do pr\u00f3ximo ano. Participam do projeto aproximadamente 45 jovens de v\u00e1rias regi\u00f5es de Mato Grosso do Sul, ligados direta e indiretamente ao agroneg\u00f3cio, indicados pelos sindicatos rurais. De Chapad\u00e3o do Sul participam os [&hellip;]<\/p>\n","protected":false},"author":5,"featured_media":247680,"comment_status":"closed","ping_status":"closed","sticky":false,"template":"","format":"standard","meta":{"footnotes":""},"categories":[23],"tags":[],"class_list":["post-247678","post","type-post","status-publish","format-standard","has-post-thumbnail","hentry","category-chapadao-do-sul"],"_links":{"self":[{"href":"https:\/\/www.ocorreionews.com.br\/acervo-correio\/index.php?rest_route=\/wp\/v2\/posts\/247678","targetHints":{"allow":["GET"]}}],"collection":[{"href":"https:\/\/www.ocorreionews.com.br\/acervo-correio\/index.php?rest_route=\/wp\/v2\/posts"}],"about":[{"href":"https:\/\/www.ocorreionews.com.br\/acervo-correio\/index.php?rest_route=\/wp\/v2\/types\/post"}],"author":[{"embeddable":true,"href":"https:\/\/www.ocorreionews.com.br\/acervo-correio\/index.php?rest_route=\/wp\/v2\/users\/5"}],"replies":[{"embeddable":true,"href":"https:\/\/www.ocorreionews.com.br\/acervo-correio\/index.php?rest_route=%2Fwp%2Fv2%2Fcomments&post=247678"}],"version-history":[{"count":1,"href":"https:\/\/www.ocorreionews.com.br\/acervo-correio\/index.php?rest_route=\/wp\/v2\/posts\/247678\/revisions"}],"predecessor-version":[{"id":247681,"href":"https:\/\/www.ocorreionews.com.br\/acervo-correio\/index.php?rest_route=\/wp\/v2\/posts\/247678\/revisions\/247681"}],"wp:featuredmedia":[{"embeddable":true,"href":"https:\/\/www.ocorreionews.com.br\/acervo-correio\/index.php?rest_route=\/wp\/v2\/media\/247680"}],"wp:attachment":[{"href":"https:\/\/www.ocorreionews.com.br\/acervo-correio\/index.php?rest_route=%2Fwp%2Fv2%2Fmedia&parent=247678"}],"wp:term":[{"taxonomy":"category","embeddable":true,"href":"https:\/\/www.ocorreionews.com.br\/acervo-correio\/index.php?rest_route=%2Fwp%2Fv2%2Fcategories&post=247678"},{"taxonomy":"post_tag","embeddable":true,"href":"https:\/\/www.ocorreionews.com.br\/acervo-correio\/index.php?rest_route=%2Fwp%2Fv2%2Ftags&post=247678"}],"curies":[{"name":"wp","href":"https:\/\/api.w.org\/{rel}","templated":true}]}}