{"id":247685,"date":"2023-08-07T08:22:17","date_gmt":"2023-08-07T12:22:17","guid":{"rendered":"https:\/\/www.ocorreionews.com.br\/acervo-correio\/?p=247685"},"modified":"2023-08-07T08:22:17","modified_gmt":"2023-08-07T12:22:17","slug":"policia-prende-4-suspeitos-em-mg-pela-morte-do-medico-assassinado-em-ms","status":"publish","type":"post","link":"https:\/\/www.ocorreionews.com.br\/acervo-correio\/?p=247685","title":{"rendered":"Pol\u00edcia prende 4 suspeitos em MG pela morte do m\u00e9dico assassinado em MS"},"content":{"rendered":"<div id=\"chunk-elv9c\">\n<div class=\"mc-column content-text active-extra-styles \" data-block-type=\"unstyled\" data-block-weight=\"40\" data-block-id=\"3\">\n<p class=\"content-text__container \" data-track-category=\"Link no Texto\" data-track-links=\"\">Pol\u00edcia Civil prendeu quatro pessoas no munic\u00edpio de Par\u00e1 de Minas (MG), na manh\u00e3 desta segunda-feira (7), suspeitas de matar Gabriel Rossi, 29. O m\u00e9dico foi encontrado com sinais de asfixia, com as m\u00e3os e p\u00e9s amarrados, na quinta-feira (3).<\/p>\n<p data-track-category=\"Link no Texto\" data-track-links=\"\">\n<\/div>\n<\/div>\n<div class=\"wall protected-content\">\n<div id=\"chunk-2kqem\">\n<div class=\"mc-column content-text active-extra-styles \" data-block-type=\"unstyled\" data-block-weight=\"20\" data-block-id=\"4\">\n<p class=\"content-text__container \" data-track-category=\"Link no Texto\" data-track-links=\"\">De acordo com a pol\u00edcia, os suspeitos ser\u00e3o levados para Dourados na ter\u00e7a-feira (8), quando tamb\u00e9m ser\u00e3o divulgadas mais informa\u00e7\u00f5es.<\/p>\n<p data-track-category=\"Link no Texto\" data-track-links=\"\">\n<\/div>\n<\/div>\n<div id=\"chunk-dg1ij\">\n<div class=\"mc-column content-text active-extra-styles \" data-block-type=\"unstyled\" data-block-weight=\"22\" data-block-id=\"5\">\n<p class=\"content-text__container \" data-track-category=\"Link no Texto\" data-track-links=\"\">A pris\u00e3o foi feita em parceria com a Pol\u00edcia Civil de Dourados(MS), Pol\u00edcia Rodovi\u00e1ria Federal (FDR) e Pol\u00edcia Civil de Minas Gerais.<\/p>\n<p data-track-category=\"Link no Texto\" data-track-links=\"\">\n<\/div>\n<\/div>\n<\/div>\n<div id=\"chunk-9tclu\">\n<div class=\"bs-video-block mc-column  content-media content-video\" data-block-type=\"backstage-video\" data-block-id=\"9\">\n<div class=\"content-media__container\">\n<div class=\"content-video__bigger-player-description-fixer\">\n<article class=\"content-video\">\n<section class=\"content-video__video-container\">\n<div class=\"content-video__video\"><\/div>\n<\/section>\n<\/article>\n<\/div>\n<\/div>\n<\/div>\n<\/div>\n<div id=\"chunk-fqo13\">\n<div class=\"mc-column content-text active-extra-styles\" data-block-type=\"raw\" data-block-weight=\"3\" data-block-id=\"10\">\n<p class=\"content-text__container\">\n<div class=\"content-intertitle\">\n<h2>Entenda o caso<\/h2>\n<\/div>\n<p>&nbsp;<\/p>\n<\/div>\n<\/div>\n<div id=\"chunk-880vq\">\n<div class=\"mc-column content-text active-extra-styles \" data-block-type=\"unstyled\" data-block-weight=\"62\" data-block-id=\"11\">\n<p class=\"content-text__container \" data-track-category=\"Link no Texto\" data-track-links=\"\">Gabriel Paschoal Rossi, de 29 anos, foi encontrado morto em uma casa de Dourados (MS) \u2013 a 232 quil\u00f4metros de Campo Grande \u2013 na manh\u00e3 de quinta-feira (3). O m\u00e9dico, que estava desaparecido h\u00e1 uma semana, foi encontrado com os p\u00e9s e m\u00e3os amarrados em cima de uma cama. Exame necrosc\u00f3pico revelou que a morte foi por asfixia e prov\u00e1vel estrangulamento.<\/p>\n<p data-track-category=\"Link no Texto\" data-track-links=\"\">\n<\/div>\n<\/div>\n<div id=\"chunk-7p27e\">\n<div class=\"mc-column content-text active-extra-styles \" data-block-type=\"unstyled\" data-block-weight=\"21\" data-block-id=\"12\">\n<p class=\"content-text__container \" data-track-category=\"Link no Texto\" data-track-links=\"\">Ele morava em um apartamento em Dourados, mas a casa em que ele foi encontrado morto era de aluguel de temporada.<\/p>\n<p data-track-category=\"Link no Texto\" data-track-links=\"\">\n<\/div>\n<\/div>\n<div id=\"chunk-47jm2\">\n<div class=\"mc-column content-text active-extra-styles \" data-block-type=\"unstyled\" data-block-weight=\"54\" data-block-id=\"13\">\n<p class=\"content-text__container \" data-track-category=\"Link no Texto\" data-track-links=\"\">Conforme apurado pelo <a class=\"\" href=\"https:\/\/g1.globo.com\/ms\/mato-grosso-do-sul\/\">g1<\/a>, o im\u00f3vel onde o corpo foi encontrado foi alugado atrav\u00e9s de um aplicativo na semana passada, por um per\u00edodo de 15 dias. O propriet\u00e1rio da resid\u00eancia informou que na noite do dia 27 de julho, dois homens chegaram a p\u00e9 no im\u00f3vel para pegar as chaves e iniciar a loca\u00e7\u00e3o.<\/p>\n<p data-track-category=\"Link no Texto\" data-track-links=\"\">\n<\/div>\n<\/div>\n<div id=\"chunk-cm1ns\">\n<div class=\"row medium-uncollapsed content-media content-photo\" data-block-type=\"backstage-photo\" data-block-id=\"15\">\n<div class=\" mc-column  content-media__container\">\n<p class=\"content-media__description  \">\n<\/div>\n<\/div>\n<\/div>\n<div id=\"chunk-1g1qq\">\n<div class=\"mc-column content-text active-extra-styles \" data-block-type=\"unstyled\" data-block-weight=\"49\" data-block-id=\"16\">\n<p class=\"content-text__container \" data-track-category=\"Link no Texto\" data-track-links=\"\">Mensagens enviadas do celular de Gabriel, das quais o g1 teve acesso, mostram uma pessoa relatando que estava sendo amea\u00e7ada e pedindo dinheiro para amigos do m\u00e9dico. De acordo com a Pol\u00edcia Civil, o aparelho continuou sendo usado ap\u00f3s ele desaparecer, no dia 26 de julho, em Dourados (MS).<\/p>\n<p data-track-category=\"Link no Texto\" data-track-links=\"\">\n<\/div>\n<\/div>\n<div id=\"chunk-47rk3\">\n<div class=\"mc-column content-text active-extra-styles \" data-block-type=\"unstyled\" data-block-weight=\"61\" data-block-id=\"17\">\n<p class=\"content-text__container \" data-track-category=\"Link no Texto\" data-track-links=\"\">Na quinta-feira quinta, uma mulher que mora ao lado da resid\u00eancia onde Gabriel foi encontrado, ligou para a pol\u00edcia e relatou que o carro do m\u00e9dico estava h\u00e1 cerca de uma semana estacionado em frente ao local. De acordo com a moradora, moscas come\u00e7aram a invadir a casa dela, al\u00e9m dela sentir um mau odor vindo da dire\u00e7\u00e3o da casa vizinha.<\/p>\n<\/div>\n<\/div>\n<div id=\"chunk-2en3o\">\n<div class=\"content-ads content-ads--reveal\" data-block-type=\"ads\" data-block-id=\"18\">\n<div><\/div>\n<\/div>\n<\/div>\n<div id=\"chunk-rb6m\">\n<div class=\"row medium-uncollapsed content-media content-photo\" data-block-type=\"backstage-photo\" data-block-id=\"19\">\n<div class=\" mc-column  content-media__container\">\n<div class=\"content-media-container glb-skeleton-box\">\n<figure class=\"content-media-figure\">\n<p><figure style=\"width: 647px\" class=\"wp-caption aligncenter\"><img loading=\"lazy\" decoding=\"async\" class=\"i-amphtml-fill-content i-amphtml-replaced-content\" src=\"https:\/\/s2-g1.glbimg.com\/y9PgJjZq2wFL_8v24YXiIBfT3qo=\/0x0:1600x900\/984x0\/smart\/filters:strip_icc()\/i.s3.glbimg.com\/v1\/AUTH_59edd422c0c84a879bd37670ae4f538a\/internal_photos\/bs\/2023\/6\/v\/BPHdRwR9AdLSfp5D0LhQ\/whatsapp-image-2023-08-03-at-08.58.11-1-.jpeg\" sizes=\"auto, (max-width: 1366px) 648px, 100vw\" srcset=\"https:\/\/s2-g1.glbimg.com\/vRK8dO8YTbkeTaV7NwXUYBLntVo=\/0x0:1600x900\/1000x0\/smart\/filters:strip_icc()\/i.s3.glbimg.com\/v1\/AUTH_59edd422c0c84a879bd37670ae4f538a\/internal_photos\/bs\/2023\/6\/v\/BPHdRwR9AdLSfp5D0LhQ\/whatsapp-image-2023-08-03-at-08.58.11-1-.jpeg 1000w, https:\/\/s2-g1.glbimg.com\/y9PgJjZq2wFL_8v24YXiIBfT3qo=\/0x0:1600x900\/984x0\/smart\/filters:strip_icc()\/i.s3.glbimg.com\/v1\/AUTH_59edd422c0c84a879bd37670ae4f538a\/internal_photos\/bs\/2023\/6\/v\/BPHdRwR9AdLSfp5D0LhQ\/whatsapp-image-2023-08-03-at-08.58.11-1-.jpeg 984w, https:\/\/s2-g1.glbimg.com\/x9Z_4j1T58rCIbzOveCrXtaTtt4=\/0x0:1600x900\/640x0\/smart\/filters:strip_icc()\/i.s3.glbimg.com\/v1\/AUTH_59edd422c0c84a879bd37670ae4f538a\/internal_photos\/bs\/2023\/6\/v\/BPHdRwR9AdLSfp5D0LhQ\/whatsapp-image-2023-08-03-at-08.58.11-1-.jpeg 640w, https:\/\/s2-g1.glbimg.com\/K0DecY05R00UAhaUeizGMNdnofY=\/0x0:1600x900\/600x0\/smart\/filters:strip_icc()\/i.s3.glbimg.com\/v1\/AUTH_59edd422c0c84a879bd37670ae4f538a\/internal_photos\/bs\/2023\/6\/v\/BPHdRwR9AdLSfp5D0LhQ\/whatsapp-image-2023-08-03-at-08.58.11-1-.jpeg 600w\" alt=\" Viaturas em frente ao local onde corpo de Gabriel foi encontrado \u2014 Foto: TV Morena\" width=\"647\" height=\"364\" \/><figcaption class=\"wp-caption-text\">Viaturas em frente ao local onde corpo de Gabriel foi encontrado \u2014 Foto: TV Morena<\/figcaption><\/figure><\/figure>\n<\/div>\n<p class=\"content-media__description  \">\n<p>&nbsp;<\/p>\n<\/div>\n<\/div>\n<\/div>\n<div id=\"chunk-b66c5\">\n<div class=\"mc-column content-text active-extra-styles \" data-block-type=\"unstyled\" data-block-weight=\"36\" data-block-id=\"20\">\n<p class=\"content-text__container \" data-track-category=\"Link no Texto\" data-track-links=\"\">Segundo a pol\u00edcia, o corpo j\u00e1 estava em decomposi\u00e7\u00e3o, o que indica que a morte ocorreu h\u00e1 v\u00e1rios dias. Gabriel ainda usava o uniforme que os m\u00e9dicos utilizam no Hospital da Cassems, conhecido como scrubs hospitalar.<\/p>\n<p data-track-category=\"Link no Texto\" data-track-links=\"\">\n<\/div>\n<\/div>\n<div id=\"chunk-c26qf\">\n<div class=\"mc-column content-text active-extra-styles \" data-block-type=\"unstyled\" data-block-weight=\"35\" data-block-id=\"21\">\n<p class=\"content-text__container \" data-track-category=\"Link no Texto\" data-track-links=\"\">Natural do Rio Grande do Sul, Gabriel se formou em mar\u00e7o deste ano pela Universidade Federal da Grande Dourados (UFGD) e trabalhava na Unidade de Pronto Atendimento (UPA), na Cassems e no Hospital da Vida.<\/p>\n<p data-track-category=\"Link no Texto\" data-track-links=\"\">\n<p class=\"content-text__container \" data-track-category=\"Link no Texto\" data-track-links=\"\">Por Gabrielle Tavares, g1 MS<\/p>\n<p data-track-category=\"Link no Texto\" data-track-links=\"\">\n<\/div>\n<\/div>\n","protected":false},"excerpt":{"rendered":"<p>Pol\u00edcia Civil prendeu quatro pessoas no munic\u00edpio de Par\u00e1 de Minas (MG), na manh\u00e3 desta segunda-feira (7), suspeitas de matar Gabriel Rossi, 29. O m\u00e9dico foi encontrado com sinais de asfixia, com as m\u00e3os e p\u00e9s amarrados, na quinta-feira (3). De acordo com a pol\u00edcia, os suspeitos ser\u00e3o levados para Dourados na ter\u00e7a-feira (8), quando [&hellip;]<\/p>\n","protected":false},"author":5,"featured_media":247493,"comment_status":"closed","ping_status":"closed","sticky":false,"template":"","format":"standard","meta":{"footnotes":""},"categories":[38],"tags":[],"class_list":["post-247685","post","type-post","status-publish","format-standard","has-post-thumbnail","hentry","category-policia"],"_links":{"self":[{"href":"https:\/\/www.ocorreionews.com.br\/acervo-correio\/index.php?rest_route=\/wp\/v2\/posts\/247685","targetHints":{"allow":["GET"]}}],"collection":[{"href":"https:\/\/www.ocorreionews.com.br\/acervo-correio\/index.php?rest_route=\/wp\/v2\/posts"}],"about":[{"href":"https:\/\/www.ocorreionews.com.br\/acervo-correio\/index.php?rest_route=\/wp\/v2\/types\/post"}],"author":[{"embeddable":true,"href":"https:\/\/www.ocorreionews.com.br\/acervo-correio\/index.php?rest_route=\/wp\/v2\/users\/5"}],"replies":[{"embeddable":true,"href":"https:\/\/www.ocorreionews.com.br\/acervo-correio\/index.php?rest_route=%2Fwp%2Fv2%2Fcomments&post=247685"}],"version-history":[{"count":1,"href":"https:\/\/www.ocorreionews.com.br\/acervo-correio\/index.php?rest_route=\/wp\/v2\/posts\/247685\/revisions"}],"predecessor-version":[{"id":247686,"href":"https:\/\/www.ocorreionews.com.br\/acervo-correio\/index.php?rest_route=\/wp\/v2\/posts\/247685\/revisions\/247686"}],"wp:featuredmedia":[{"embeddable":true,"href":"https:\/\/www.ocorreionews.com.br\/acervo-correio\/index.php?rest_route=\/wp\/v2\/media\/247493"}],"wp:attachment":[{"href":"https:\/\/www.ocorreionews.com.br\/acervo-correio\/index.php?rest_route=%2Fwp%2Fv2%2Fmedia&parent=247685"}],"wp:term":[{"taxonomy":"category","embeddable":true,"href":"https:\/\/www.ocorreionews.com.br\/acervo-correio\/index.php?rest_route=%2Fwp%2Fv2%2Fcategories&post=247685"},{"taxonomy":"post_tag","embeddable":true,"href":"https:\/\/www.ocorreionews.com.br\/acervo-correio\/index.php?rest_route=%2Fwp%2Fv2%2Ftags&post=247685"}],"curies":[{"name":"wp","href":"https:\/\/api.w.org\/{rel}","templated":true}]}}