{"id":247717,"date":"2023-08-07T09:00:42","date_gmt":"2023-08-07T13:00:42","guid":{"rendered":"https:\/\/www.ocorreionews.com.br\/acervo-correio\/?p=247717"},"modified":"2023-08-07T09:00:42","modified_gmt":"2023-08-07T13:00:42","slug":"nova-fabrica-de-celulose-entra-em-operacao-em-junho-de-2024","status":"publish","type":"post","link":"https:\/\/www.ocorreionews.com.br\/acervo-correio\/?p=247717","title":{"rendered":"Nova f\u00e1brica de celulose entra em opera\u00e7\u00e3o em junho de 2024"},"content":{"rendered":"<p>A f\u00e1brica de celulose da Suzano j\u00e1 est\u00e1 com data marcada para come\u00e7ar a operar o Projeto Cerrado, em Ribas do Rio Pardo &#8211; MS. A Suzano antecipou a previs\u00e3o para at\u00e9 junho de 2024, segundo fato relevante ao mercado.<\/p>\n<p>Antes, em outubro de 2021, a companhia estimava que a nova planta entraria em opera\u00e7\u00e3o somente no segundo semestre de 2024. As outras estimativas sobre o projeto, incluindo o investimento total de R$ 22,2 bilh\u00f5es, foram mantidas.<\/p>\n<p>Na \u00faltima ter\u00e7a-feira (1\u00b0), o presidente da Suzano, Walter Schalka, foi ao MS Day, evento do Mato Grosso do Sul, realizado em S\u00e3o Paulo e falou do ambiente favor\u00e1vel aos neg\u00f3cios oferecido pelo Governo do Estado.<\/p>\n<p>\u201cEm Mato Grosso do Sul tem a possibilidade de fazer investimentos com velocidade, com qualidade. Tem uma infraestrutura adequada. Tem uma forma de rela\u00e7\u00e3o com as empresas que \u00e9 muito positiva e muito contributiva, sempre com qualidade. E a disponibilidade de terras, \u00e1reas e competitividade florestal e industrial, que nos levaram a fazer investimentos relevantes\u201d, salientou o presidente da empresa.<\/p>\n<p>A nova planta ter\u00e1 capacidade nominal de 2,55 milh\u00f5es de toneladas de produ\u00e7\u00e3o de celulose de eucalipto ao ano.<\/p>\n<p>Durante a constru\u00e7\u00e3o, o empreendimento deve gerar cerca de 10 mil empregos diretos no pico da obra, al\u00e9m de milhares de empregos indiretos. Quando conclu\u00edda, a nova unidade deve empregar 3 mil pessoas entre colaboradores pr\u00f3prios e terceiros.<\/p>\n<p>&nbsp;<\/p>\n<p>Por Izabela Cavalcanti -CAMPO GRANDE NEWS<\/p>\n","protected":false},"excerpt":{"rendered":"<p>A f\u00e1brica de celulose da Suzano j\u00e1 est\u00e1 com data marcada para come\u00e7ar a operar o Projeto Cerrado, em Ribas do Rio Pardo &#8211; MS. A Suzano antecipou a previs\u00e3o para at\u00e9 junho de 2024, segundo fato relevante ao mercado. Antes, em outubro de 2021, a companhia estimava que a nova planta entraria em opera\u00e7\u00e3o [&hellip;]<\/p>\n","protected":false},"author":5,"featured_media":247718,"comment_status":"closed","ping_status":"closed","sticky":false,"template":"","format":"standard","meta":{"footnotes":""},"categories":[17,26],"tags":[],"class_list":["post-247717","post","type-post","status-publish","format-standard","has-post-thumbnail","hentry","category-agropecuaria","category-economia"],"_links":{"self":[{"href":"https:\/\/www.ocorreionews.com.br\/acervo-correio\/index.php?rest_route=\/wp\/v2\/posts\/247717","targetHints":{"allow":["GET"]}}],"collection":[{"href":"https:\/\/www.ocorreionews.com.br\/acervo-correio\/index.php?rest_route=\/wp\/v2\/posts"}],"about":[{"href":"https:\/\/www.ocorreionews.com.br\/acervo-correio\/index.php?rest_route=\/wp\/v2\/types\/post"}],"author":[{"embeddable":true,"href":"https:\/\/www.ocorreionews.com.br\/acervo-correio\/index.php?rest_route=\/wp\/v2\/users\/5"}],"replies":[{"embeddable":true,"href":"https:\/\/www.ocorreionews.com.br\/acervo-correio\/index.php?rest_route=%2Fwp%2Fv2%2Fcomments&post=247717"}],"version-history":[{"count":1,"href":"https:\/\/www.ocorreionews.com.br\/acervo-correio\/index.php?rest_route=\/wp\/v2\/posts\/247717\/revisions"}],"predecessor-version":[{"id":247720,"href":"https:\/\/www.ocorreionews.com.br\/acervo-correio\/index.php?rest_route=\/wp\/v2\/posts\/247717\/revisions\/247720"}],"wp:featuredmedia":[{"embeddable":true,"href":"https:\/\/www.ocorreionews.com.br\/acervo-correio\/index.php?rest_route=\/wp\/v2\/media\/247718"}],"wp:attachment":[{"href":"https:\/\/www.ocorreionews.com.br\/acervo-correio\/index.php?rest_route=%2Fwp%2Fv2%2Fmedia&parent=247717"}],"wp:term":[{"taxonomy":"category","embeddable":true,"href":"https:\/\/www.ocorreionews.com.br\/acervo-correio\/index.php?rest_route=%2Fwp%2Fv2%2Fcategories&post=247717"},{"taxonomy":"post_tag","embeddable":true,"href":"https:\/\/www.ocorreionews.com.br\/acervo-correio\/index.php?rest_route=%2Fwp%2Fv2%2Ftags&post=247717"}],"curies":[{"name":"wp","href":"https:\/\/api.w.org\/{rel}","templated":true}]}}