{"id":247737,"date":"2023-08-07T09:34:11","date_gmt":"2023-08-07T13:34:11","guid":{"rendered":"https:\/\/www.ocorreionews.com.br\/acervo-correio\/?p=247737"},"modified":"2023-08-07T09:34:11","modified_gmt":"2023-08-07T13:34:11","slug":"programa-voucher-transportador-abre-inscricoes-com-mil-vagas-disponiveis-para-motoristas","status":"publish","type":"post","link":"https:\/\/www.ocorreionews.com.br\/acervo-correio\/?p=247737","title":{"rendered":"Programa Voucher Transportador abre inscri\u00e7\u00f5es com mil vagas dispon\u00edveis para motoristas"},"content":{"rendered":"<div class=\"entry\">\n<p>Com mil vagas dispon\u00edveis, o programa \u201cVoucher Transportador\u201d abre inscri\u00e7\u00f5es a partir desta segunda-feira (07). Quem participar desta iniciativa vai receber qualifica\u00e7\u00e3o para a fun\u00e7\u00e3o de motorista de carga e \u00f4nibus e no final do processo ainda ter\u00e1 a inclus\u00e3o das letras \u201cD\u201d e \u201cE\u201d na habilita\u00e7\u00e3o, com custo zero. Tudo financiado pelo Governo do Estado.<\/p>\n<p>O objetivo \u00e9 suprir a demanda do mercado de transportes, que tem vagas abertas, no entanto n\u00e3o disp\u00f5e de motoristas qualificados para preencher a fun\u00e7\u00e3o. As inscri\u00e7\u00f5es gratuitas podem ser feitas no site do Sest Senat<strong><a href=\"https:\/\/www.sestsenat.org.br\/cursos\/mude-a-categoria-da-sua-cnh-e-se-torne-motorista-profissional\"> (Confira aqui)<\/a><\/strong>. Elas seguem at\u00e9 o dia 22 de agosto.<\/p>\n<p>O programa \u00e9 conduzido pela Semadesc (Secretaria Estadual de Meio Ambiente, Desenvolvimento, Ci\u00eancia, Tecnologia e Inova\u00e7\u00e3o), em parceria com o Sest Senat, com participa\u00e7\u00e3o efetiva do Detran-MS (Departamento Estadual de Tr\u00e2nsito de MS). Ele faz parte do Plano Estadual \u201cMS Qualifica\u201d, onde o governador Eduardo Riedel busca capacitar profissionais em \u00e1reas que t\u00eam vagas abertas no mercado de trabalho. Gera\u00e7\u00e3o de emprego e aumento na renda do cidad\u00e3o.<\/p>\n<p>Para participar do processo deve atender requisitos m\u00ednimos previstos no c\u00f3digo de tr\u00e2nsito brasileiro, que tem regras para a mudan\u00e7a na categoria (habilita\u00e7\u00e3o). Entre elas ter no m\u00ednimo 21 anos, n\u00e3o ter cometido infra\u00e7\u00e3o grave ou grav\u00edssima nos \u00faltimos 12 meses e n\u00e3o ser reincidente em infra\u00e7\u00e3o m\u00e9dia nos \u00faltimos 12 meses, entre outros.<\/p>\n<p>O secret\u00e1rio Executivo de Qualifica\u00e7\u00e3o Profissional e Trabalho da Semadesc, Bruno Bastos, revelou que ser\u00e1 publicado em breve os crit\u00e9rios de desempate (sele\u00e7\u00e3o) e que a expectativa \u00e9 que no dia 28 de agosto o Sest\/Senat fa\u00e7a a publica\u00e7\u00e3o do resultado da sele\u00e7\u00e3o.<\/p>\n<p>\u201cEm setembro devem come\u00e7ar as convoca\u00e7\u00f5es dos selecionados e acredito que at\u00e9 o final do ano tenhamos os primeiros habilitados, j\u00e1 com o curso de qualifica\u00e7\u00e3o, que poder\u00e3o ingressar no mercado de trabalho, e assim preencher estas vagas abertas. Nosso objetivo \u00e9 zerar estas vagas ou minimizar a falta destes profissionais\u201d, descreveu Bastos.<\/p>\n<p>Ele adiantou que ap\u00f3s esta primeira qualifica\u00e7\u00e3o, o Governo do Estado poder\u00e1 promover novas turmas no futuro. \u201cO governador (Eduardo Riedel) j\u00e1 declarou que depois destas mil vagas, ele poder\u00e1 continuar com o programa e ampliar o n\u00famero de beneficiados\u201d, completou.<\/p>\n<figure id=\"attachment_435360\" class=\"wp-caption alignnone\" aria-describedby=\"caption-attachment-435360\"><a href=\"https:\/\/agenciadenoticias.ms.gov.br\/wp-content\/uploads\/2023\/05\/Voucher-transportadora-Foto-\u00c1lvaro-Rezende2.jpg\"><img loading=\"lazy\" decoding=\"async\" class=\"wp-image-435360 size-large\" src=\"https:\/\/agenciadenoticias.ms.gov.br\/wp-content\/uploads\/2023\/05\/Voucher-transportadora-Foto-\u00c1lvaro-Rezende2-1024x683.jpg\" sizes=\"auto, (max-width: 1024px) 100vw, 1024px\" srcset=\"https:\/\/agenciadenoticias.ms.gov.br\/wp-content\/uploads\/2023\/05\/Voucher-transportadora-Foto-\u00c1lvaro-Rezende2-1024x683.jpg 1024w, https:\/\/agenciadenoticias.ms.gov.br\/wp-content\/uploads\/2023\/05\/Voucher-transportadora-Foto-\u00c1lvaro-Rezende2-300x200.jpg 300w, https:\/\/agenciadenoticias.ms.gov.br\/wp-content\/uploads\/2023\/05\/Voucher-transportadora-Foto-\u00c1lvaro-Rezende2-768x512.jpg 768w, https:\/\/agenciadenoticias.ms.gov.br\/wp-content\/uploads\/2023\/05\/Voucher-transportadora-Foto-\u00c1lvaro-Rezende2-350x232.jpg 350w\" alt=\"\" width=\"1024\" height=\"683\" \/><\/a><figcaption id=\"caption-attachment-435360\" class=\"wp-caption-text\"><em>Programa vai suprir vagas de empregos abertas para motoristas<\/em><\/figcaption><\/figure>\n<p><strong>Vagas <\/strong><\/p>\n<p>O programa abriu mil vagas para motoristas participarem da qualifica\u00e7\u00e3o e inclus\u00e3o de novas letras na habilita\u00e7\u00e3o. Elas ser\u00e3o distribu\u00eddas nas cidades de Campo Grande, Tr\u00eas Lagoas, Dourados, Corumb\u00e1, Chapad\u00e3o do Sul, S\u00e3o Gabriel do Oeste e Ribas do Rio Pardo, que entrou no grupo dos munic\u00edpios contemplados.<\/p>\n<p>Das mil vagas dispon\u00edveis, 850 ser\u00e3o para Campo Grande, 50 para Ribas e 20 para cada uma das demais cidades. Os cursos v\u00e3o totalizar 107 horas, na chamada \u201cEscola de Motoristas Profissionais\u201d.<\/p>\n<p>A cria\u00e7\u00e3o do programa atende uma demanda do setor de transportes, j\u00e1 que muitas vagas para motoristas est\u00e3o abertas, no entanto, faltam profissionais qualificados para preencher os cargos. \u00a0O plano estadual \u201cMS Qualifica\u201d tem justamente este objetivo, que \u00e9 capacitar trabalhadores, em \u00e1reas que tem empregos dispon\u00edveis.<\/p>\n<p>\u201cNosso objetivo \u00e9 n\u00e3o deixar nenhum sul-mato-grossense para tr\u00e1s. Por isso vamos promover a inclus\u00e3o destas pessoas que est\u00e3o \u00e0 margem do processo, para gerar novos empregos e assim melhorar a renda da popula\u00e7\u00e3o. Isso passa pela qualifica\u00e7\u00e3o profissional\u201d, afirmou o governador.<\/p>\n<p><em>Leonardo Rocha, Comunica\u00e7\u00e3o do Governo de MS<\/em><br \/>\n<em>Fotos: \u00c1lvaro Rezende<\/em><\/p>\n<\/div>\n","protected":false},"excerpt":{"rendered":"<p>Com mil vagas dispon\u00edveis, o programa \u201cVoucher Transportador\u201d abre inscri\u00e7\u00f5es a partir desta segunda-feira (07). Quem participar desta iniciativa vai receber qualifica\u00e7\u00e3o para a fun\u00e7\u00e3o de motorista de carga e \u00f4nibus e no final do processo ainda ter\u00e1 a inclus\u00e3o das letras \u201cD\u201d e \u201cE\u201d na habilita\u00e7\u00e3o, com custo zero. Tudo financiado pelo Governo do [&hellip;]<\/p>\n","protected":false},"author":5,"featured_media":244241,"comment_status":"closed","ping_status":"closed","sticky":false,"template":"","format":"standard","meta":{"footnotes":""},"categories":[26],"tags":[],"class_list":["post-247737","post","type-post","status-publish","format-standard","has-post-thumbnail","hentry","category-economia"],"_links":{"self":[{"href":"https:\/\/www.ocorreionews.com.br\/acervo-correio\/index.php?rest_route=\/wp\/v2\/posts\/247737","targetHints":{"allow":["GET"]}}],"collection":[{"href":"https:\/\/www.ocorreionews.com.br\/acervo-correio\/index.php?rest_route=\/wp\/v2\/posts"}],"about":[{"href":"https:\/\/www.ocorreionews.com.br\/acervo-correio\/index.php?rest_route=\/wp\/v2\/types\/post"}],"author":[{"embeddable":true,"href":"https:\/\/www.ocorreionews.com.br\/acervo-correio\/index.php?rest_route=\/wp\/v2\/users\/5"}],"replies":[{"embeddable":true,"href":"https:\/\/www.ocorreionews.com.br\/acervo-correio\/index.php?rest_route=%2Fwp%2Fv2%2Fcomments&post=247737"}],"version-history":[{"count":1,"href":"https:\/\/www.ocorreionews.com.br\/acervo-correio\/index.php?rest_route=\/wp\/v2\/posts\/247737\/revisions"}],"predecessor-version":[{"id":247739,"href":"https:\/\/www.ocorreionews.com.br\/acervo-correio\/index.php?rest_route=\/wp\/v2\/posts\/247737\/revisions\/247739"}],"wp:featuredmedia":[{"embeddable":true,"href":"https:\/\/www.ocorreionews.com.br\/acervo-correio\/index.php?rest_route=\/wp\/v2\/media\/244241"}],"wp:attachment":[{"href":"https:\/\/www.ocorreionews.com.br\/acervo-correio\/index.php?rest_route=%2Fwp%2Fv2%2Fmedia&parent=247737"}],"wp:term":[{"taxonomy":"category","embeddable":true,"href":"https:\/\/www.ocorreionews.com.br\/acervo-correio\/index.php?rest_route=%2Fwp%2Fv2%2Fcategories&post=247737"},{"taxonomy":"post_tag","embeddable":true,"href":"https:\/\/www.ocorreionews.com.br\/acervo-correio\/index.php?rest_route=%2Fwp%2Fv2%2Ftags&post=247737"}],"curies":[{"name":"wp","href":"https:\/\/api.w.org\/{rel}","templated":true}]}}