{"id":247738,"date":"2023-08-07T09:49:17","date_gmt":"2023-08-07T13:49:17","guid":{"rendered":"https:\/\/www.ocorreionews.com.br\/acervo-correio\/?p=247738"},"modified":"2023-08-07T09:49:17","modified_gmt":"2023-08-07T13:49:17","slug":"vereador-joga-dinheiro-pela-janela-apos-acusar-prefeito-de-tentar-comprar-a-renuncia-dele","status":"publish","type":"post","link":"https:\/\/www.ocorreionews.com.br\/acervo-correio\/?p=247738","title":{"rendered":"Vereador joga dinheiro pela janela ap\u00f3s acusar prefeito de tentar &#8220;comprar&#8221; a ren\u00fancia dele"},"content":{"rendered":"<p>O vereador Sabab\u00e1 Filho (PCdoB), de C\u00e2ndido Mendes, no Maranh\u00e3o, jogou R$ 350 mil (segundo a imprensa local) pela janela da C\u00e2mara Municipal ap\u00f3s discursar contra o prefeito da cidade. A \u201cchuva de notas\u201d causou confus\u00e3o nas ruas.<\/p>\n<p>V\u00eddeo que circula na Internet mostra quando o vereador pega um mochila e tira as notas. O vereador afirmou que o prefeito Facinho (PL) lhe deu o recurso para que ele renunciasse.<\/p>\n<p>Ele, ent\u00e3o, rasga o documento de ren\u00fancia e atira o dinheiro pela janela da C\u00e2mara. Pelas ruas, as pessoas brigam e recolhem o dinheiro.<\/p>\n<div>\n<div class=\"ads ads-vertical \"><\/div>\n<\/div>\n<p>A prefeitura classificou como \u201cacusa\u00e7\u00f5es infundadas e levianas sobre o prefeito\u201d o discurso do vereador. \u201cInformamos que todas as medidas judiciais cab\u00edveis ser\u00e3o tomadas para esclarecer a verdade e proteger a integridade do prefeito e de sua administra\u00e7\u00e3o. Buscaremos a devida apura\u00e7\u00e3o dos fatos e a responsabiliza\u00e7\u00e3o dos envolvidos na propaga\u00e7\u00e3o de informa\u00e7\u00f5es inver\u00eddicas\u201d, diz ainda.<\/p>\n<h2 id=\"h-nota-da-prefeitura\">Nota da prefeitura<\/h2>\n<p>\u201cA Prefeitura Municipal de C\u00e2ndido Mendes repudia veementemente os acontecimentos ocorridos na sess\u00e3o da C\u00e2mara Municipal, onde o vereador Sababa Filho fez acusa\u00e7\u00f5es infundadas e levianas sobre o prefeito desta cidade.<\/p>\n<div><\/div>\n<div>\n<div class=\"ads ads-vertical \"><\/div>\n<\/div>\n<p>\u00c9 com indigna\u00e7\u00e3o que nos deparamos com tais declara\u00e7\u00f5es, afirmando que teria recebido uma quantia exorbitante para renunciar ao seu mandato. Ressaltamos que a postura deste vereador em jogar c\u00e9dulas de dinheiro pela janela, mesmo que em valor muito inferior ao alegado, \u00e9 um ato irrespons\u00e1vel e desrespeitoso.<\/p>\n<p>Desde o in\u00edcio de nosso mandato, sempre buscamos manter uma rela\u00e7\u00e3o de respeito e independ\u00eancia com a C\u00e2mara Municipal, prezando pela autonomia e soberania do poder legislativo. O que estamos presenciando \u00e9 uma clara tentativa de desestabilizar o trabalho s\u00e9rio e comprometido que tem sido desenvolvido para o bem da cidade de C\u00e2ndido Mendes.<\/p>\n<p>Reiteramos que as acusa\u00e7\u00f5es do vereador s\u00e3o infundadas e visam \u00fanica e exclusivamente criar um espet\u00e1culo pol\u00edtico com o intuito de atrapalhar a condu\u00e7\u00e3o do mandato do prefeito. Trata-se de uma clara persegui\u00e7\u00e3o pol\u00edtica, que n\u00e3o condiz com os princ\u00edpios democr\u00e1ticos e o respeito ao processo pol\u00edtico e institucional.<\/p>\n<div>\n<div class=\"ads ads-vertical \">\n<div style=\"width: 368px;\" class=\"wp-video\"><!--[if lt IE 9]><script>document.createElement('video');<\/script><![endif]-->\n<video class=\"wp-video-shortcode\" id=\"video-247738-1\" width=\"368\" height=\"656\" preload=\"metadata\" controls=\"controls\"><source type=\"video\/mp4\" src=\"https:\/\/www.ocorreionews.com.br\/acervo-correio\/wp-content\/uploads\/2023\/08\/42d2c0dd-ssstwitter.com_1691169500953.mp4?_=1\" \/><a href=\"https:\/\/www.ocorreionews.com.br\/acervo-correio\/wp-content\/uploads\/2023\/08\/42d2c0dd-ssstwitter.com_1691169500953.mp4\">https:\/\/www.ocorreionews.com.br\/acervo-correio\/wp-content\/uploads\/2023\/08\/42d2c0dd-ssstwitter.com_1691169500953.mp4<\/a><\/video><\/div>\n<\/div>\n<\/div>\n<p>Informamos que todas as medidas judiciais cab\u00edveis ser\u00e3o tomadas para esclarecer a verdade e proteger a integridade do prefeito e de sua administra\u00e7\u00e3o. Buscaremos a devida apura\u00e7\u00e3o dos fatos e a responsabiliza\u00e7\u00e3o dos envolvidos na propaga\u00e7\u00e3o de informa\u00e7\u00f5es inver\u00eddicas.<\/p>\n<p>Reiteramos nosso compromisso com a transpar\u00eancia, a legalidade e a \u00e9tica em nossa gest\u00e3o, e n\u00e3o permitiremos que a\u00e7\u00f5es difamat\u00f3rias e caluniosas prejudiquem o desenvolvimento do munic\u00edpio.<\/p>\n<p>A Prefeitura Municipal de C\u00e2ndido Mendes seguir\u00e1 trabalhando de forma brilhante em prol da popula\u00e7\u00e3o, buscando sempre o bem-estar e o progresso de todos os cidad\u00e3os desta cidade.\u201d<\/p>\n<div style=\"width: 480px;\" class=\"wp-video\"><video class=\"wp-video-shortcode\" id=\"video-247738-2\" width=\"480\" height=\"848\" preload=\"metadata\" controls=\"controls\"><source type=\"video\/mp4\" src=\"https:\/\/www.ocorreionews.com.br\/acervo-correio\/wp-content\/uploads\/2023\/08\/45fbc058-ssstwitter.com_1691165161058.mp4?_=2\" \/><a href=\"https:\/\/www.ocorreionews.com.br\/acervo-correio\/wp-content\/uploads\/2023\/08\/45fbc058-ssstwitter.com_1691165161058.mp4\">https:\/\/www.ocorreionews.com.br\/acervo-correio\/wp-content\/uploads\/2023\/08\/45fbc058-ssstwitter.com_1691165161058.mp4<\/a><\/video><\/div>\n<p>&nbsp;<\/p>\n<figure class=\"wp-block-video\"><div style=\"width: 480px;\" class=\"wp-video\"><video class=\"wp-video-shortcode\" id=\"video-247738-3\" width=\"480\" height=\"360\" preload=\"metadata\" controls=\"controls\"><source type=\"video\/mp4\" src=\"https:\/\/www.ocorreionews.com.br\/acervo-correio\/wp-content\/uploads\/2023\/08\/fd7f42e1-ssstwitter.com_1691169375683.mp4?_=3\" \/><a href=\"https:\/\/www.ocorreionews.com.br\/acervo-correio\/wp-content\/uploads\/2023\/08\/fd7f42e1-ssstwitter.com_1691169375683.mp4\">https:\/\/www.ocorreionews.com.br\/acervo-correio\/wp-content\/uploads\/2023\/08\/fd7f42e1-ssstwitter.com_1691169375683.mp4<\/a><\/video><\/div><\/figure>\n<figure class=\"wp-block-video\"><\/figure>\n<figure class=\"wp-block-video\"><\/figure>\n<blockquote>\n<h2 id=\"h-nota-da-prefeitura\">Nota da prefeitura<\/h2>\n<p>\u201cA Prefeitura Municipal de C\u00e2ndido Mendes repudia veementemente os acontecimentos ocorridos na sess\u00e3o da C\u00e2mara Municipal, onde o vereador Sababa Filho fez acusa\u00e7\u00f5es infundadas e levianas sobre o prefeito desta cidade.<\/p>\n<p>\u00c9 com indigna\u00e7\u00e3o que nos deparamos com tais declara\u00e7\u00f5es, afirmando que teria recebido uma quantia exorbitante para renunciar ao seu mandato. Ressaltamos que a postura deste vereador em jogar c\u00e9dulas de dinheiro pela janela, mesmo que em valor muito inferior ao alegado, \u00e9 um ato irrespons\u00e1vel e desrespeitoso.<\/p>\n<p>Desde o in\u00edcio de nosso mandato, sempre buscamos manter uma rela\u00e7\u00e3o de respeito e independ\u00eancia com a C\u00e2mara Municipal, prezando pela autonomia e soberania do poder legislativo. O que estamos presenciando \u00e9 uma clara tentativa de desestabilizar o trabalho s\u00e9rio e comprometido que tem sido desenvolvido para o bem da cidade de C\u00e2ndido Mendes.<\/p>\n<p>Reiteramos que as acusa\u00e7\u00f5es do vereador s\u00e3o infundadas e visam \u00fanica e exclusivamente criar um espet\u00e1culo pol\u00edtico com o intuito de atrapalhar a condu\u00e7\u00e3o do mandato do prefeito. Trata-se de uma clara persegui\u00e7\u00e3o pol\u00edtica, que n\u00e3o condiz com os princ\u00edpios democr\u00e1ticos e o respeito ao processo pol\u00edtico e institucional.<\/p>\n<div>\n<div class=\"ads ads-vertical \"><small>Publicidade<\/small><\/div>\n<\/div>\n<p>Informamos que todas as medidas judiciais cab\u00edveis ser\u00e3o tomadas para esclarecer a verdade e proteger a integridade do prefeito e de sua administra\u00e7\u00e3o. Buscaremos a devida apura\u00e7\u00e3o dos fatos e a responsabiliza\u00e7\u00e3o dos envolvidos na propaga\u00e7\u00e3o de informa\u00e7\u00f5es inver\u00eddicas.<\/p>\n<p>Reiteramos nosso compromisso com a transpar\u00eancia, a legalidade e a \u00e9tica em nossa gest\u00e3o, e n\u00e3o permitiremos que a\u00e7\u00f5es difamat\u00f3rias e caluniosas prejudiquem o desenvolvimento do munic\u00edpio.<\/p>\n<p>A Prefeitura Municipal de C\u00e2ndido Mendes seguir\u00e1 trabalhando de forma brilhante em prol da popula\u00e7\u00e3o, buscando sempre o bem-estar e o progresso de todos os cidad\u00e3os desta cidade.\u201d<\/p><\/blockquote>\n<p>&nbsp;<\/p>\n<p>Maisgoi\u00e1s<\/p>\n<p>&nbsp;<\/p>\n","protected":false},"excerpt":{"rendered":"<p>O vereador Sabab\u00e1 Filho (PCdoB), de C\u00e2ndido Mendes, no Maranh\u00e3o, jogou R$ 350 mil (segundo a imprensa local) pela janela da C\u00e2mara Municipal ap\u00f3s discursar contra o prefeito da cidade. A \u201cchuva de notas\u201d causou confus\u00e3o nas ruas. V\u00eddeo que circula na Internet mostra quando o vereador pega um mochila e tira as notas. O [&hellip;]<\/p>\n","protected":false},"author":4,"featured_media":247745,"comment_status":"closed","ping_status":"closed","sticky":false,"template":"","format":"standard","meta":{"footnotes":""},"categories":[37],"tags":[],"class_list":["post-247738","post","type-post","status-publish","format-standard","has-post-thumbnail","hentry","category-politica"],"_links":{"self":[{"href":"https:\/\/www.ocorreionews.com.br\/acervo-correio\/index.php?rest_route=\/wp\/v2\/posts\/247738","targetHints":{"allow":["GET"]}}],"collection":[{"href":"https:\/\/www.ocorreionews.com.br\/acervo-correio\/index.php?rest_route=\/wp\/v2\/posts"}],"about":[{"href":"https:\/\/www.ocorreionews.com.br\/acervo-correio\/index.php?rest_route=\/wp\/v2\/types\/post"}],"author":[{"embeddable":true,"href":"https:\/\/www.ocorreionews.com.br\/acervo-correio\/index.php?rest_route=\/wp\/v2\/users\/4"}],"replies":[{"embeddable":true,"href":"https:\/\/www.ocorreionews.com.br\/acervo-correio\/index.php?rest_route=%2Fwp%2Fv2%2Fcomments&post=247738"}],"version-history":[{"count":1,"href":"https:\/\/www.ocorreionews.com.br\/acervo-correio\/index.php?rest_route=\/wp\/v2\/posts\/247738\/revisions"}],"predecessor-version":[{"id":247746,"href":"https:\/\/www.ocorreionews.com.br\/acervo-correio\/index.php?rest_route=\/wp\/v2\/posts\/247738\/revisions\/247746"}],"wp:featuredmedia":[{"embeddable":true,"href":"https:\/\/www.ocorreionews.com.br\/acervo-correio\/index.php?rest_route=\/wp\/v2\/media\/247745"}],"wp:attachment":[{"href":"https:\/\/www.ocorreionews.com.br\/acervo-correio\/index.php?rest_route=%2Fwp%2Fv2%2Fmedia&parent=247738"}],"wp:term":[{"taxonomy":"category","embeddable":true,"href":"https:\/\/www.ocorreionews.com.br\/acervo-correio\/index.php?rest_route=%2Fwp%2Fv2%2Fcategories&post=247738"},{"taxonomy":"post_tag","embeddable":true,"href":"https:\/\/www.ocorreionews.com.br\/acervo-correio\/index.php?rest_route=%2Fwp%2Fv2%2Ftags&post=247738"}],"curies":[{"name":"wp","href":"https:\/\/api.w.org\/{rel}","templated":true}]}}