{"id":247747,"date":"2023-08-07T09:52:42","date_gmt":"2023-08-07T13:52:42","guid":{"rendered":"https:\/\/www.ocorreionews.com.br\/acervo-correio\/?p=247747"},"modified":"2023-08-07T09:52:42","modified_gmt":"2023-08-07T13:52:42","slug":"sessao-da-camara-de-paraiso-das-aguas-retorna-nesta-2afeira7-apos-recesso","status":"publish","type":"post","link":"https:\/\/www.ocorreionews.com.br\/acervo-correio\/?p=247747","title":{"rendered":"Sess\u00e3o da C\u00e2mara de Para\u00edso das \u00c1guas retorna nesta 2\u00aafeira(7) ap\u00f3s recesso"},"content":{"rendered":"<p>A Sess\u00e3o Legislativa N\u00ba 24 de 2023, ser\u00e1 realizada nesta segunda-feira(7) ap\u00f3s retorno do recesso parlamentar. A sess\u00e3o \u00e9 realizada \u00e0s 19h (MS), no Plen\u00e1rio Vereador Kendi Nakai.<\/p>\n<p>A transmiss\u00e3o da sess\u00e3o na \u00edntegra acontece nas ter\u00e7as feiras, na r\u00e1dio FM Para\u00edso 87,9 (11h manh\u00e3) e na Cultura FM 97,3 (20h) e no YouTube no Canal Oficial da C\u00e2mara Municipal &#8211; clique aqui.<\/p>\n<p>Confira a Ordem do Dia:<\/p>\n<p>ORDEM DO DIA<\/p>\n<p>XXIV SESS\u00c3O LEGISLATIVA ORDIN\u00c1RIA DA C\u00c2MARA MUNICIPAL DE PARA\u00cdSO DAS \u00c1GUAS\u00a0 07 DE AGOSTO DE 2023 \u00c0S 19:00 HORAS.<\/p>\n<p>-PROJETO DE LEI N\u00ba 020, DE 28 DE JUNHO DE 2023, DE AUTORIA DO PODER EXECUTIVO, \u201cAUTORIZA O SAAE A REALIZAR CONTRATA\u00c7\u00d5ES POR TEMPO DETERMINADO E AUTORIZA A ABERTURA DE CR\u00c9DITO ESPECIAL POR SUPER\u00c1VIT FINANCEIRO COM BASE NO ART. 43, \u00a7 1\u00ba, INCISO I, E ART. 41, INCISO II, DA LEI 4.320\/64 E D\u00c1 OUTRAS PROVID\u00caNCIAS\u201d. AS COMISS\u00d5ES COMPETENTES PARA AN\u00c1LISE E PARECER;<\/p>\n<p>-PROJETO DE LEI N\u00ba 021, DE 28 DE JULHO DE 2023, DE AUTORIA DO PODER EXECUTIVO, \u201cDISP\u00d5E SOBRE A ABERTURA DE CR\u00c9DITO ESPECIAL POR SUPER\u00c1VIT FINANCEIRO NO OE\u00c7AMENTO VIGENTE, E D\u00c1 OUTRAS PROVID\u00caNCIAS\u201d. AS COMISS\u00d5ES COMPETENTES PARA AN\u00c1LISE E PARECER;<\/p>\n<p>-PROJETO DE RESOLU\u00c7\u00c3O N\u00ba 003\/2023, DE 01 DE AGOSTO DE 2023, DE AUTORIA DA MESA DIRETORA, \u201cACRESCENTA E ALTERA A REDA\u00c7\u00c3O DO ART. 13 DA RESOLU\u00c7\u00c3O N\u00ba 22, DE 12 DE NOVEMBRO DE 2018 \u2013 PLANO DE CARGOS E REMUNERA\u00c7\u00c3O DOS SERVIDORES DO PODER LEGISLATIVO MUNICIPAL E D\u00c1 OUTRAS PROVID\u00caNCIAS\u201d. AS COMISS\u00d5ES COMPETENTES PARA AN\u00c1LISE E PARECER;<\/p>\n<p>-MO\u00c7\u00c3O DE PESAR;<\/p>\n<p>&#8211; LEITURA DE INDICA\u00c7\u00d5ES.<\/p>\n<p>VER. EDSON PRECHLAK DE LIMA<\/p>\n<p>PRESIDENTE<\/p>\n<p>VER. MARCOS A. COSTA E SILVA<\/p>\n<p>1\u00ba SECRET\u00c1RIO<\/p>\n<p>&nbsp;<\/p>\n<p>&nbsp;<\/p>\n<p>BNC Noticias<\/p>\n","protected":false},"excerpt":{"rendered":"<p>A Sess\u00e3o Legislativa N\u00ba 24 de 2023, ser\u00e1 realizada nesta segunda-feira(7) ap\u00f3s retorno do recesso parlamentar. A sess\u00e3o \u00e9 realizada \u00e0s 19h (MS), no Plen\u00e1rio Vereador Kendi Nakai. A transmiss\u00e3o da sess\u00e3o na \u00edntegra acontece nas ter\u00e7as feiras, na r\u00e1dio FM Para\u00edso 87,9 (11h manh\u00e3) e na Cultura FM 97,3 (20h) e no YouTube no [&hellip;]<\/p>\n","protected":false},"author":4,"featured_media":247749,"comment_status":"closed","ping_status":"closed","sticky":false,"template":"","format":"standard","meta":{"footnotes":""},"categories":[20,36],"tags":[],"class_list":["post-247747","post","type-post","status-publish","format-standard","has-post-thumbnail","hentry","category-camara-municipal","category-paraiso-das-aguas"],"_links":{"self":[{"href":"https:\/\/www.ocorreionews.com.br\/acervo-correio\/index.php?rest_route=\/wp\/v2\/posts\/247747","targetHints":{"allow":["GET"]}}],"collection":[{"href":"https:\/\/www.ocorreionews.com.br\/acervo-correio\/index.php?rest_route=\/wp\/v2\/posts"}],"about":[{"href":"https:\/\/www.ocorreionews.com.br\/acervo-correio\/index.php?rest_route=\/wp\/v2\/types\/post"}],"author":[{"embeddable":true,"href":"https:\/\/www.ocorreionews.com.br\/acervo-correio\/index.php?rest_route=\/wp\/v2\/users\/4"}],"replies":[{"embeddable":true,"href":"https:\/\/www.ocorreionews.com.br\/acervo-correio\/index.php?rest_route=%2Fwp%2Fv2%2Fcomments&post=247747"}],"version-history":[{"count":1,"href":"https:\/\/www.ocorreionews.com.br\/acervo-correio\/index.php?rest_route=\/wp\/v2\/posts\/247747\/revisions"}],"predecessor-version":[{"id":247750,"href":"https:\/\/www.ocorreionews.com.br\/acervo-correio\/index.php?rest_route=\/wp\/v2\/posts\/247747\/revisions\/247750"}],"wp:featuredmedia":[{"embeddable":true,"href":"https:\/\/www.ocorreionews.com.br\/acervo-correio\/index.php?rest_route=\/wp\/v2\/media\/247749"}],"wp:attachment":[{"href":"https:\/\/www.ocorreionews.com.br\/acervo-correio\/index.php?rest_route=%2Fwp%2Fv2%2Fmedia&parent=247747"}],"wp:term":[{"taxonomy":"category","embeddable":true,"href":"https:\/\/www.ocorreionews.com.br\/acervo-correio\/index.php?rest_route=%2Fwp%2Fv2%2Fcategories&post=247747"},{"taxonomy":"post_tag","embeddable":true,"href":"https:\/\/www.ocorreionews.com.br\/acervo-correio\/index.php?rest_route=%2Fwp%2Fv2%2Ftags&post=247747"}],"curies":[{"name":"wp","href":"https:\/\/api.w.org\/{rel}","templated":true}]}}