{"id":247752,"date":"2023-08-07T10:20:48","date_gmt":"2023-08-07T14:20:48","guid":{"rendered":"https:\/\/www.ocorreionews.com.br\/acervo-correio\/?p=247752"},"modified":"2023-08-07T10:20:48","modified_gmt":"2023-08-07T14:20:48","slug":"fm-paraiso-realizou-grande-festa-de-aniversario-de-8-anos","status":"publish","type":"post","link":"https:\/\/www.ocorreionews.com.br\/acervo-correio\/?p=247752","title":{"rendered":"FM Para\u00edso realizou grande festa de anivers\u00e1rio de 8 anos"},"content":{"rendered":"<div>Foi realizada na noite deste \u00faltimo s\u00e1bado (5) a Festa de Anivers\u00e1rio de 8 anos da FM Para\u00edso, com a presen\u00e7a de autoridades municipais, representante do governo do Estado e p\u00fablico em geral.<\/div>\n<div><\/div>\n<div>O evento foi realizado na Pra\u00e7a Francisco Rodrigues da Cunha, com uma grande estrutura de som, ilumina\u00e7\u00e3o, painel de LED, pra\u00e7a de alimenta\u00e7\u00e3o e bar para atender ao p\u00fablico.<\/div>\n<div><\/div>\n<div>Atrav\u00e9s da parceria entre Governo de Mato Grosso do Sul, Funda\u00e7\u00e3o de Cultura, SETESCC &#8211; Secretaria de Estado de Turismo, Esporte, Cultura e Cidadania, Prefeitura Municipal de Para\u00edso das \u00c1guas e C\u00e2mara Municipal de Vereadores, foi poss\u00edvel que a entidade mantenedora da R\u00e1dio Comunit\u00e1ria FM Para\u00edso &#8211; ASCOPA (Associa\u00e7\u00e3o Comunit\u00e1ria de Desenvolvimento Art\u00edstico e Cultural do Para\u00edso das \u00c1guas) realizasse o evento sem cobran\u00e7a de entrada e com uma grande estrutura, show baile com a banda Z\u00edngaro e<\/div>\n<div>apresenta\u00e7\u00e3o cultural do maestro Vitor Veloso (Banda Municipal) e Tio M\u00e1rcio (Escola de M\u00fasica do Tio M\u00e1rcio).<\/div>\n<div><\/div>\n<div>Um grande p\u00fablico marcou presen\u00e7a e se divertiu com o repert\u00f3rio animado da banda Z\u00edngaro &#8211; Rei do Bail\u00e3o.<\/div>\n<div><\/div>\n<div>Na oportunidade, por meio da parceria, Prefeitura e C\u00e2mara tiveram a oportunidade de apresentar no painel de LED, suas a\u00e7\u00f5es nos \u00faltimos meses e a divulga\u00e7\u00e3o do principal show do Anivers\u00e1rio da Cidade (10 anos), com a dupla Fernando e Sorocaba, no dia 29 de setembro, atra\u00e7\u00e3o anunciada oficialmente pelo prefeito An\u00edzio Andrade.<\/div>\n<div><img decoding=\"async\" class=\"note-float-right\" src=\"https:\/\/www.bncnoticias.com.br\/arquivos\/img-uploads\/ximagem_700.jpg.pagespeed.ic.Yt3OU6F53s.webp\" data-pagespeed-url-hash=\"2903978117\" \/><\/div>\n<div>Estiveram presentes as seguintes autoridades: o prefeito An\u00edzio Andrade, vice-prefeito Roberto Carlos, ex-prefeito e representante do Governo de Mato Grosso do Sul no evento, Assessoramento Regional &#8211; Ivan Xixi, vereadores: Ronaldo Paniago, Fio do Povo, Tuta, Prof. Leonardo. Secret\u00e1rios: Didi (Chefe de Gabinete), Ildo Furtado (Administra\u00e7\u00e3o e Finan\u00e7as), Rozilda Cal\u00e1bria(Assist\u00eancia Social), Carlos Lacerda (diretor do Saae), Tyago Fonseca (Presidente da Aciaspa &#8211; Associa\u00e7\u00e3o Comercial de Para\u00edso das \u00c1guas), diretoria da Ascopa: Calzaimar, Jo\u00e3o Carlos Clarindo e Neiva Gr\u00e9gio, al\u00e9m dos radialistas da FM Para\u00edso (M\u00e1rcio Rog\u00e9rio, Batista, Ilson Santos, Diney Machado, Fernando de Brito) e o calaborador, programador Tomas Lucas e da presen\u00e7a marcante dos amigos da R\u00e1dio Cultura de Chapad\u00e3o do Sul Maur\u00edcio Serafim (Mau Mau), Adriano Santos e Tony, que prestigiaram ao avento.<\/div>\n<div><\/div>\n<div>Na oportunidade, em seu discurso, prestigiando o evento ao lado de sua esposa a ex-primeira dama do munic\u00edpio, Fabiana dos Santos Pinho, Ivan Xixi, representando o governador Eduardo Riedel, ressaltou a import\u00e2ncia da r\u00e1dio na comunica\u00e7\u00e3o local e para a comunidade. Destacou as parcerias e ressaltou algumas a\u00e7\u00f5es do governo na regi\u00e3o, como a pavimenta\u00e7\u00e3o asf\u00e1ltica da MS 316 que liga Para\u00edso das \u00c1guas a Costa Rica e a constru\u00e7\u00e3o do rodoanel na BR 060 e MS 316. &#8220;Esta r\u00e1dio representa a chegada do progresso em nosso munic\u00edpio em 2015, dois anos ap\u00f3s a instala\u00e7\u00e3o de Para\u00edso das \u00c1guas e agora, contemplamos esta obra importante em que nosso Governo do Estado est\u00e1 realizando, um sonho que a gente sonhou junto e hoje se torna realidade e \u00e9 o grande avan\u00e7o para o desenvolvimento regional&#8221;, destacou.<\/div>\n<div><\/div>\n<div>O prefeito An\u00edzio Andrade tamb\u00e9m fez quest\u00e3o de agradecer ao apoio do Governo do Estado, por meio do governador Eduardo Riedel, na realiza\u00e7\u00e3o do evento, destacando a import\u00e2ncia daquele evento para a comunidade e principalmente, para a r\u00e1dio, que leva informa\u00e7\u00e3o di\u00e1ria e continuada para a popula\u00e7\u00e3o paraisense. &#8220;Sabemos da grande import\u00e2ncia que esta r\u00e1dio representa para a nossa comunidade. Sua instala\u00e7\u00e3o \u00e9 uma das mais importantes conquistas e avan\u00e7os para a nossa cidade. O meio importante de comunica\u00e7\u00e3o. Neste evento, queremos agradecer ao apoio incondicional do governador Educado Riedel, por meio do, Marcelo Miranda da Funda\u00e7\u00e3o de Cultura, Daniel Ribeiro da Setesc e a toda sua equipe por ter atendido nosso pedido, bem como, a toda nossa equipe de governo, \u00e0s secretarias envolvidas, servidores e a todos. Especialmente parabenizamos toda a diretoria, colaboradores e volunt\u00e1rios da nossa FM Para\u00edso pelo trabalho s\u00e9rio que realizam&#8221;, finalizou.<\/div>\n<p>&nbsp;<\/p>\n<p>BNC Noticias<\/p>\n","protected":false},"excerpt":{"rendered":"<p>Foi realizada na noite deste \u00faltimo s\u00e1bado (5) a Festa de Anivers\u00e1rio de 8 anos da FM Para\u00edso, com a presen\u00e7a de autoridades municipais, representante do governo do Estado e p\u00fablico em geral. O evento foi realizado na Pra\u00e7a Francisco Rodrigues da Cunha, com uma grande estrutura de som, ilumina\u00e7\u00e3o, painel de LED, pra\u00e7a de [&hellip;]<\/p>\n","protected":false},"author":4,"featured_media":247753,"comment_status":"closed","ping_status":"closed","sticky":false,"template":"","format":"standard","meta":{"footnotes":""},"categories":[36],"tags":[],"class_list":["post-247752","post","type-post","status-publish","format-standard","has-post-thumbnail","hentry","category-paraiso-das-aguas"],"_links":{"self":[{"href":"https:\/\/www.ocorreionews.com.br\/acervo-correio\/index.php?rest_route=\/wp\/v2\/posts\/247752","targetHints":{"allow":["GET"]}}],"collection":[{"href":"https:\/\/www.ocorreionews.com.br\/acervo-correio\/index.php?rest_route=\/wp\/v2\/posts"}],"about":[{"href":"https:\/\/www.ocorreionews.com.br\/acervo-correio\/index.php?rest_route=\/wp\/v2\/types\/post"}],"author":[{"embeddable":true,"href":"https:\/\/www.ocorreionews.com.br\/acervo-correio\/index.php?rest_route=\/wp\/v2\/users\/4"}],"replies":[{"embeddable":true,"href":"https:\/\/www.ocorreionews.com.br\/acervo-correio\/index.php?rest_route=%2Fwp%2Fv2%2Fcomments&post=247752"}],"version-history":[{"count":1,"href":"https:\/\/www.ocorreionews.com.br\/acervo-correio\/index.php?rest_route=\/wp\/v2\/posts\/247752\/revisions"}],"predecessor-version":[{"id":247754,"href":"https:\/\/www.ocorreionews.com.br\/acervo-correio\/index.php?rest_route=\/wp\/v2\/posts\/247752\/revisions\/247754"}],"wp:featuredmedia":[{"embeddable":true,"href":"https:\/\/www.ocorreionews.com.br\/acervo-correio\/index.php?rest_route=\/wp\/v2\/media\/247753"}],"wp:attachment":[{"href":"https:\/\/www.ocorreionews.com.br\/acervo-correio\/index.php?rest_route=%2Fwp%2Fv2%2Fmedia&parent=247752"}],"wp:term":[{"taxonomy":"category","embeddable":true,"href":"https:\/\/www.ocorreionews.com.br\/acervo-correio\/index.php?rest_route=%2Fwp%2Fv2%2Fcategories&post=247752"},{"taxonomy":"post_tag","embeddable":true,"href":"https:\/\/www.ocorreionews.com.br\/acervo-correio\/index.php?rest_route=%2Fwp%2Fv2%2Ftags&post=247752"}],"curies":[{"name":"wp","href":"https:\/\/api.w.org\/{rel}","templated":true}]}}