{"id":247763,"date":"2023-08-07T13:22:56","date_gmt":"2023-08-07T17:22:56","guid":{"rendered":"https:\/\/www.ocorreionews.com.br\/acervo-correio\/?p=247763"},"modified":"2023-08-07T15:39:44","modified_gmt":"2023-08-07T19:39:44","slug":"homem-preso-apos-furtar-atacadista-em-chapadao-do-sul","status":"publish","type":"post","link":"https:\/\/www.ocorreionews.com.br\/acervo-correio\/?p=247763","title":{"rendered":"Homem preso ap\u00f3s furtar atacadista em Chapad\u00e3o do Sul"},"content":{"rendered":"<p>Na tarde do \u00faltimo s\u00e1bado (05), um homem de 31 anos foi apreendido por furto, depois que pegou produtos em um Atacadista e n\u00e3o pagar no caixa, na cidade de Chapad\u00e3o do Sul.<\/p>\n<p>Segundo o Boletim de Ocorr\u00eancia, a Policia Militar foi acionada pela comunicante relatando que, o acusado efetuou uma compra no atacadista e pagou apenas os produtos que estavam em uma caixa de papel\u00e3o e em outra caixa havia v\u00e1rios produtos n\u00e3o tinha sido passado no caixa para registrar o pagamento.<\/p>\n<p>Na sa\u00edda o autor foi abordado e foi indagado sobre os produtos que estavam na caixa sem efetuar o pagamento e o mesmo relatou que n\u00e3o tinha visto.<\/p>\n<p>Diante dos fatos o autor foi encaminhado para a Delegacia juntamente com os produtos n\u00e3o pagos, totalizando um valor de R$290,30 reais.<\/p>\n<p>&nbsp;<\/p>\n","protected":false},"excerpt":{"rendered":"<p>Na tarde do \u00faltimo s\u00e1bado (05), um homem de 31 anos foi apreendido por furto, depois que pegou produtos em um Atacadista e n\u00e3o pagar no caixa, na cidade de Chapad\u00e3o do Sul. Segundo o Boletim de Ocorr\u00eancia, a Policia Militar foi acionada pela comunicante relatando que, o acusado efetuou uma compra no atacadista e [&hellip;]<\/p>\n","protected":false},"author":4,"featured_media":159228,"comment_status":"closed","ping_status":"closed","sticky":false,"template":"","format":"standard","meta":{"footnotes":""},"categories":[23,38],"tags":[],"class_list":["post-247763","post","type-post","status-publish","format-standard","has-post-thumbnail","hentry","category-chapadao-do-sul","category-policia"],"_links":{"self":[{"href":"https:\/\/www.ocorreionews.com.br\/acervo-correio\/index.php?rest_route=\/wp\/v2\/posts\/247763","targetHints":{"allow":["GET"]}}],"collection":[{"href":"https:\/\/www.ocorreionews.com.br\/acervo-correio\/index.php?rest_route=\/wp\/v2\/posts"}],"about":[{"href":"https:\/\/www.ocorreionews.com.br\/acervo-correio\/index.php?rest_route=\/wp\/v2\/types\/post"}],"author":[{"embeddable":true,"href":"https:\/\/www.ocorreionews.com.br\/acervo-correio\/index.php?rest_route=\/wp\/v2\/users\/4"}],"replies":[{"embeddable":true,"href":"https:\/\/www.ocorreionews.com.br\/acervo-correio\/index.php?rest_route=%2Fwp%2Fv2%2Fcomments&post=247763"}],"version-history":[{"count":3,"href":"https:\/\/www.ocorreionews.com.br\/acervo-correio\/index.php?rest_route=\/wp\/v2\/posts\/247763\/revisions"}],"predecessor-version":[{"id":247787,"href":"https:\/\/www.ocorreionews.com.br\/acervo-correio\/index.php?rest_route=\/wp\/v2\/posts\/247763\/revisions\/247787"}],"wp:featuredmedia":[{"embeddable":true,"href":"https:\/\/www.ocorreionews.com.br\/acervo-correio\/index.php?rest_route=\/wp\/v2\/media\/159228"}],"wp:attachment":[{"href":"https:\/\/www.ocorreionews.com.br\/acervo-correio\/index.php?rest_route=%2Fwp%2Fv2%2Fmedia&parent=247763"}],"wp:term":[{"taxonomy":"category","embeddable":true,"href":"https:\/\/www.ocorreionews.com.br\/acervo-correio\/index.php?rest_route=%2Fwp%2Fv2%2Fcategories&post=247763"},{"taxonomy":"post_tag","embeddable":true,"href":"https:\/\/www.ocorreionews.com.br\/acervo-correio\/index.php?rest_route=%2Fwp%2Fv2%2Ftags&post=247763"}],"curies":[{"name":"wp","href":"https:\/\/api.w.org\/{rel}","templated":true}]}}