{"id":247772,"date":"2023-08-07T14:01:03","date_gmt":"2023-08-07T18:01:03","guid":{"rendered":"https:\/\/www.ocorreionews.com.br\/acervo-correio\/?p=247772"},"modified":"2023-08-07T14:01:03","modified_gmt":"2023-08-07T18:01:03","slug":"homem-e-preso-apos-ameacar-matar-o-cunhado-em-paraiso-das-aguas","status":"publish","type":"post","link":"https:\/\/www.ocorreionews.com.br\/acervo-correio\/?p=247772","title":{"rendered":"Homem \u00e9 preso ap\u00f3s amea\u00e7ar matar o cunhado em Para\u00edso das \u00c1guas"},"content":{"rendered":"<p>Na tarde do \u00faltimo s\u00e1bado (05), uma discuss\u00e3o entre cunhados terminou com uma pessoa presa por amea\u00e7ar de morte na cidade de Para\u00edso das \u00c1guas.<\/p>\n<p>De acordo com informa\u00e7\u00f5es do Boletim de Ocorr\u00eancia, a Pol\u00edcia Militar de Para\u00edso das \u00c1guas foi acionada para comparecer em uma propriedade rural, pois havia um desentendimento entre a v\u00edtima (sexo masculino de 51 anos), relatou aos militares que terceirizou uma obra ao seu cunhado de 42 anos, e o mesmo queria dinheiro al\u00e9m do combinado, sendo negado por parte da v\u00edtima. Diante disso o autor\/cunhado dele se alterou e come\u00e7ou a amea\u00e7a-lo de morte, o autor saiu e retornou ao local com um machado nas m\u00e3os.<\/p>\n<p>A v\u00edtima se escondeu para n\u00e3o ser agredido.<\/p>\n<p>Ambos foram encaminhados a delegacia para as providencias cab\u00edveis.<\/p>\n","protected":false},"excerpt":{"rendered":"<p>Na tarde do \u00faltimo s\u00e1bado (05), uma discuss\u00e3o entre cunhados terminou com uma pessoa presa por amea\u00e7ar de morte na cidade de Para\u00edso das \u00c1guas. De acordo com informa\u00e7\u00f5es do Boletim de Ocorr\u00eancia, a Pol\u00edcia Militar de Para\u00edso das \u00c1guas foi acionada para comparecer em uma propriedade rural, pois havia um desentendimento entre a v\u00edtima [&hellip;]<\/p>\n","protected":false},"author":5,"featured_media":234909,"comment_status":"closed","ping_status":"closed","sticky":false,"template":"","format":"standard","meta":{"footnotes":""},"categories":[36,38],"tags":[],"class_list":["post-247772","post","type-post","status-publish","format-standard","has-post-thumbnail","hentry","category-paraiso-das-aguas","category-policia"],"_links":{"self":[{"href":"https:\/\/www.ocorreionews.com.br\/acervo-correio\/index.php?rest_route=\/wp\/v2\/posts\/247772","targetHints":{"allow":["GET"]}}],"collection":[{"href":"https:\/\/www.ocorreionews.com.br\/acervo-correio\/index.php?rest_route=\/wp\/v2\/posts"}],"about":[{"href":"https:\/\/www.ocorreionews.com.br\/acervo-correio\/index.php?rest_route=\/wp\/v2\/types\/post"}],"author":[{"embeddable":true,"href":"https:\/\/www.ocorreionews.com.br\/acervo-correio\/index.php?rest_route=\/wp\/v2\/users\/5"}],"replies":[{"embeddable":true,"href":"https:\/\/www.ocorreionews.com.br\/acervo-correio\/index.php?rest_route=%2Fwp%2Fv2%2Fcomments&post=247772"}],"version-history":[{"count":1,"href":"https:\/\/www.ocorreionews.com.br\/acervo-correio\/index.php?rest_route=\/wp\/v2\/posts\/247772\/revisions"}],"predecessor-version":[{"id":247773,"href":"https:\/\/www.ocorreionews.com.br\/acervo-correio\/index.php?rest_route=\/wp\/v2\/posts\/247772\/revisions\/247773"}],"wp:featuredmedia":[{"embeddable":true,"href":"https:\/\/www.ocorreionews.com.br\/acervo-correio\/index.php?rest_route=\/wp\/v2\/media\/234909"}],"wp:attachment":[{"href":"https:\/\/www.ocorreionews.com.br\/acervo-correio\/index.php?rest_route=%2Fwp%2Fv2%2Fmedia&parent=247772"}],"wp:term":[{"taxonomy":"category","embeddable":true,"href":"https:\/\/www.ocorreionews.com.br\/acervo-correio\/index.php?rest_route=%2Fwp%2Fv2%2Fcategories&post=247772"},{"taxonomy":"post_tag","embeddable":true,"href":"https:\/\/www.ocorreionews.com.br\/acervo-correio\/index.php?rest_route=%2Fwp%2Fv2%2Ftags&post=247772"}],"curies":[{"name":"wp","href":"https:\/\/api.w.org\/{rel}","templated":true}]}}