{"id":247775,"date":"2023-08-07T14:14:34","date_gmt":"2023-08-07T18:14:34","guid":{"rendered":"https:\/\/www.ocorreionews.com.br\/acervo-correio\/?p=247775"},"modified":"2023-08-07T14:14:34","modified_gmt":"2023-08-07T18:14:34","slug":"filha-aciona-a-pm-ao-ver-que-seu-padrasto-queria-agredir-sua-mae-em-chapadao-do-sul","status":"publish","type":"post","link":"https:\/\/www.ocorreionews.com.br\/acervo-correio\/?p=247775","title":{"rendered":"Filha aciona a PM ao ver que seu padrasto queria agredir sua m\u00e3e em Chapad\u00e3o do Sul"},"content":{"rendered":"<p>Na tarde do \u00faltimo s\u00e1bado (05), um homem de 34 anos foi preso em Chapad\u00e3o do Sul por viol\u00eancia dom\u00e9stica, ap\u00f3s amea\u00e7ar a agredir sua companheira.<\/p>\n<p>De acordo com o Boletim de Ocorr\u00eancia, a Pol\u00edcia Militar de Chapad\u00e3o do Sul, foi acionada para comparecer em uma resid\u00eancia no Bairro Esplanada III, pela filha da v\u00edtima de 44 anos alegando que seu padrasto estava discutindo e amea\u00e7ando agredir sua m\u00e3e.<\/p>\n<p>Os militares imediatamente foram at\u00e9 o local e ao fazer contato com a v\u00edtima, ela relatou que seu esposo chegou em casa alterado pois havia ingerido bebida alco\u00f3lica e queria sair com o ve\u00edculo da fam\u00edlia e ela tentou intervir para que ele n\u00e3o sa\u00edsse, ent\u00e3o come\u00e7aram a discutir e o autor a amea\u00e7ou.<\/p>\n<p>O autor a todo momento agia com sarcasmo com a equipe policial e tentou novamente sair com o ve\u00edculo sendo impedido e foi dado voz de pris\u00e3o ao autor e o mesmo n\u00e3o acatou as ordens repassadas a ele.<\/p>\n<p>Diante disso ele foi encaminhado \u00e0 Delegacia de Pol\u00edcia para providencias.<\/p>\n","protected":false},"excerpt":{"rendered":"<p>Na tarde do \u00faltimo s\u00e1bado (05), um homem de 34 anos foi preso em Chapad\u00e3o do Sul por viol\u00eancia dom\u00e9stica, ap\u00f3s amea\u00e7ar a agredir sua companheira. De acordo com o Boletim de Ocorr\u00eancia, a Pol\u00edcia Militar de Chapad\u00e3o do Sul, foi acionada para comparecer em uma resid\u00eancia no Bairro Esplanada III, pela filha da v\u00edtima [&hellip;]<\/p>\n","protected":false},"author":5,"featured_media":229309,"comment_status":"closed","ping_status":"closed","sticky":false,"template":"","format":"standard","meta":{"footnotes":""},"categories":[23,38],"tags":[],"class_list":["post-247775","post","type-post","status-publish","format-standard","has-post-thumbnail","hentry","category-chapadao-do-sul","category-policia"],"_links":{"self":[{"href":"https:\/\/www.ocorreionews.com.br\/acervo-correio\/index.php?rest_route=\/wp\/v2\/posts\/247775","targetHints":{"allow":["GET"]}}],"collection":[{"href":"https:\/\/www.ocorreionews.com.br\/acervo-correio\/index.php?rest_route=\/wp\/v2\/posts"}],"about":[{"href":"https:\/\/www.ocorreionews.com.br\/acervo-correio\/index.php?rest_route=\/wp\/v2\/types\/post"}],"author":[{"embeddable":true,"href":"https:\/\/www.ocorreionews.com.br\/acervo-correio\/index.php?rest_route=\/wp\/v2\/users\/5"}],"replies":[{"embeddable":true,"href":"https:\/\/www.ocorreionews.com.br\/acervo-correio\/index.php?rest_route=%2Fwp%2Fv2%2Fcomments&post=247775"}],"version-history":[{"count":1,"href":"https:\/\/www.ocorreionews.com.br\/acervo-correio\/index.php?rest_route=\/wp\/v2\/posts\/247775\/revisions"}],"predecessor-version":[{"id":247776,"href":"https:\/\/www.ocorreionews.com.br\/acervo-correio\/index.php?rest_route=\/wp\/v2\/posts\/247775\/revisions\/247776"}],"wp:featuredmedia":[{"embeddable":true,"href":"https:\/\/www.ocorreionews.com.br\/acervo-correio\/index.php?rest_route=\/wp\/v2\/media\/229309"}],"wp:attachment":[{"href":"https:\/\/www.ocorreionews.com.br\/acervo-correio\/index.php?rest_route=%2Fwp%2Fv2%2Fmedia&parent=247775"}],"wp:term":[{"taxonomy":"category","embeddable":true,"href":"https:\/\/www.ocorreionews.com.br\/acervo-correio\/index.php?rest_route=%2Fwp%2Fv2%2Fcategories&post=247775"},{"taxonomy":"post_tag","embeddable":true,"href":"https:\/\/www.ocorreionews.com.br\/acervo-correio\/index.php?rest_route=%2Fwp%2Fv2%2Ftags&post=247775"}],"curies":[{"name":"wp","href":"https:\/\/api.w.org\/{rel}","templated":true}]}}