{"id":247777,"date":"2023-08-07T14:21:27","date_gmt":"2023-08-07T18:21:27","guid":{"rendered":"https:\/\/www.ocorreionews.com.br\/acervo-correio\/?p=247777"},"modified":"2023-08-07T14:21:27","modified_gmt":"2023-08-07T18:21:27","slug":"jovem-tem-som-apreendido-em-casa-de-festas-em-chapadao-do-sul","status":"publish","type":"post","link":"https:\/\/www.ocorreionews.com.br\/acervo-correio\/?p=247777","title":{"rendered":"Jovem tem som apreendido em casa de festas em Chapad\u00e3o do Sul"},"content":{"rendered":"<p>Na tarde do \u00faltimo s\u00e1bado (05), a PM de Chapad\u00e3o do Sul apreendeu o som automotivo e conduziu um jovem de 27 anos para Delegacia por perturba\u00e7\u00e3o do sossego em uma casa de festa.<\/p>\n<p>De acordo com o Boletim de Ocorr\u00eancia, por voltas das 14h45min os militares foram acionados para atender a uma ocorr\u00eancia de perturba\u00e7\u00e3o do sossego alheio em uma casa de festas que fica no Bairro Esplanada V. Onde a v\u00edtima \u00e9 vizinha e teria em outro momento feito contato e conversado com pessoas que ali estavam e pediu para abaixar o som, prontamente disseram que sim, por\u00e9m logo depois aumentaram o som novamente.<\/p>\n<p>Os militares verificaram que o som estava ainda ligado, neste momento fizeram contato com o organizador da festa e o levaram para a Delegacia para registrar o Boletim de ocorr\u00eancia, juntamente com o aparelho de som.<\/p>\n","protected":false},"excerpt":{"rendered":"<p>Na tarde do \u00faltimo s\u00e1bado (05), a PM de Chapad\u00e3o do Sul apreendeu o som automotivo e conduziu um jovem de 27 anos para Delegacia por perturba\u00e7\u00e3o do sossego em uma casa de festa. De acordo com o Boletim de Ocorr\u00eancia, por voltas das 14h45min os militares foram acionados para atender a uma ocorr\u00eancia de [&hellip;]<\/p>\n","protected":false},"author":5,"featured_media":247769,"comment_status":"closed","ping_status":"closed","sticky":false,"template":"","format":"standard","meta":{"footnotes":""},"categories":[23,38],"tags":[],"class_list":["post-247777","post","type-post","status-publish","format-standard","has-post-thumbnail","hentry","category-chapadao-do-sul","category-policia"],"_links":{"self":[{"href":"https:\/\/www.ocorreionews.com.br\/acervo-correio\/index.php?rest_route=\/wp\/v2\/posts\/247777","targetHints":{"allow":["GET"]}}],"collection":[{"href":"https:\/\/www.ocorreionews.com.br\/acervo-correio\/index.php?rest_route=\/wp\/v2\/posts"}],"about":[{"href":"https:\/\/www.ocorreionews.com.br\/acervo-correio\/index.php?rest_route=\/wp\/v2\/types\/post"}],"author":[{"embeddable":true,"href":"https:\/\/www.ocorreionews.com.br\/acervo-correio\/index.php?rest_route=\/wp\/v2\/users\/5"}],"replies":[{"embeddable":true,"href":"https:\/\/www.ocorreionews.com.br\/acervo-correio\/index.php?rest_route=%2Fwp%2Fv2%2Fcomments&post=247777"}],"version-history":[{"count":1,"href":"https:\/\/www.ocorreionews.com.br\/acervo-correio\/index.php?rest_route=\/wp\/v2\/posts\/247777\/revisions"}],"predecessor-version":[{"id":247778,"href":"https:\/\/www.ocorreionews.com.br\/acervo-correio\/index.php?rest_route=\/wp\/v2\/posts\/247777\/revisions\/247778"}],"wp:featuredmedia":[{"embeddable":true,"href":"https:\/\/www.ocorreionews.com.br\/acervo-correio\/index.php?rest_route=\/wp\/v2\/media\/247769"}],"wp:attachment":[{"href":"https:\/\/www.ocorreionews.com.br\/acervo-correio\/index.php?rest_route=%2Fwp%2Fv2%2Fmedia&parent=247777"}],"wp:term":[{"taxonomy":"category","embeddable":true,"href":"https:\/\/www.ocorreionews.com.br\/acervo-correio\/index.php?rest_route=%2Fwp%2Fv2%2Fcategories&post=247777"},{"taxonomy":"post_tag","embeddable":true,"href":"https:\/\/www.ocorreionews.com.br\/acervo-correio\/index.php?rest_route=%2Fwp%2Fv2%2Ftags&post=247777"}],"curies":[{"name":"wp","href":"https:\/\/api.w.org\/{rel}","templated":true}]}}