{"id":247786,"date":"2023-08-07T15:46:39","date_gmt":"2023-08-07T19:46:39","guid":{"rendered":"https:\/\/www.ocorreionews.com.br\/acervo-correio\/?p=247786"},"modified":"2023-08-07T15:46:39","modified_gmt":"2023-08-07T19:46:39","slug":"agosto-lilas-semana-sera-de-conscientizacao-acerca-da-violencia-contra-a-mulher-em-paraiso-das-aguas","status":"publish","type":"post","link":"https:\/\/www.ocorreionews.com.br\/acervo-correio\/?p=247786","title":{"rendered":"Agosto Lil\u00e1s: Semana ser\u00e1 de conscientiza\u00e7\u00e3o acerca da viol\u00eancia contra a mulher em Para\u00edso das \u00c1guas"},"content":{"rendered":"<p>A Prefeitura de Para\u00edso das \u00c1guas por meio da Secretaria Municipal de Assist\u00eancia Social, Creas e Coordenadoria da Mulher, realiza ao longo desta semana uma extensa programa\u00e7\u00e3o em alus\u00e3o ao \u201cAgosto Lil\u00e1s\u201d, m\u00eas que se celebra a\u00e7\u00f5es de conscientiza\u00e7\u00e3o e preven\u00e7\u00e3o acerca da viol\u00eancia contra a mulher.<\/p>\n<p>A partir de quarta-feira (9 de agosto) estacionar\u00e1 em frente ao pa\u00e7o municipal a \u201cCarreta da Beleza\u201d. O ve\u00edculo adaptado para um sal\u00e3o de beleza ofertar\u00e1 servi\u00e7os de corte, colora\u00e7\u00e3o, hidrata\u00e7\u00e3o e escova\u00e7\u00e3o de cabelos para mulheres preferencialmente usu\u00e1rias de programas sociais como o Mais Social e o Bolsa Fam\u00edlia.<\/p>\n<p>Para a sexta-feira (11 de agosto) est\u00e1 programada uma caminhada e apita\u00e7o. A sa\u00edda e concentra\u00e7\u00e3o ser\u00e1 em frente \u00e0 Escola Kendi Nakai \u00e0s 07:30 da manh\u00e3.<\/p>\n<p>A manifesta\u00e7\u00e3o percorrer\u00e1 a avenida Manoel Rodrigues da Cruz com bal\u00f5es da cor lil\u00e1s e branco, al\u00e9m de apitos.<\/p>\n<p>O prefeito de Para\u00edso das \u00c1guas, An\u00edzio Andrade, parabenizou as a\u00e7\u00f5es realizadas pela Secretaria de Assist\u00eancia Social e Coordenadoria da Mulher, e convidou toda a popula\u00e7\u00e3o a participar das atividades desenvolvidas em alus\u00e3o ao \u201cAgosto Lil\u00e1s\u201d.<\/p>\n<p>Sempre bom lembrar que \u201cem briga de marido e mulher, se mete a colher sim\u201d.\u00a0 Se voc\u00ea presenciar ou suspeitar de situa\u00e7\u00f5es de agress\u00e3o ligue 180.<\/p>\n<p>Para mulheres em situa\u00e7\u00e3o de risco basta ligar para o 190.<\/p>\n<p>&nbsp;<\/p>\n<p><img decoding=\"async\" class=\"lb-image\" src=\"https:\/\/www.paraisodasaguas.ms.gov.br\/uploads\/noticia\/convite-1-caminhada-pela-conscientizacao-e-combate-a-violencia-contra-a-mulher.jpg\" \/><\/p>\n<p>&nbsp;<\/p>\n<p>*Assecom PMPA<\/p>\n","protected":false},"excerpt":{"rendered":"<p>A Prefeitura de Para\u00edso das \u00c1guas por meio da Secretaria Municipal de Assist\u00eancia Social, Creas e Coordenadoria da Mulher, realiza ao longo desta semana uma extensa programa\u00e7\u00e3o em alus\u00e3o ao \u201cAgosto Lil\u00e1s\u201d, m\u00eas que se celebra a\u00e7\u00f5es de conscientiza\u00e7\u00e3o e preven\u00e7\u00e3o acerca da viol\u00eancia contra a mulher. A partir de quarta-feira (9 de agosto) estacionar\u00e1 [&hellip;]<\/p>\n","protected":false},"author":5,"featured_media":247788,"comment_status":"closed","ping_status":"closed","sticky":false,"template":"","format":"standard","meta":{"footnotes":""},"categories":[36],"tags":[],"class_list":["post-247786","post","type-post","status-publish","format-standard","has-post-thumbnail","hentry","category-paraiso-das-aguas"],"_links":{"self":[{"href":"https:\/\/www.ocorreionews.com.br\/acervo-correio\/index.php?rest_route=\/wp\/v2\/posts\/247786","targetHints":{"allow":["GET"]}}],"collection":[{"href":"https:\/\/www.ocorreionews.com.br\/acervo-correio\/index.php?rest_route=\/wp\/v2\/posts"}],"about":[{"href":"https:\/\/www.ocorreionews.com.br\/acervo-correio\/index.php?rest_route=\/wp\/v2\/types\/post"}],"author":[{"embeddable":true,"href":"https:\/\/www.ocorreionews.com.br\/acervo-correio\/index.php?rest_route=\/wp\/v2\/users\/5"}],"replies":[{"embeddable":true,"href":"https:\/\/www.ocorreionews.com.br\/acervo-correio\/index.php?rest_route=%2Fwp%2Fv2%2Fcomments&post=247786"}],"version-history":[{"count":1,"href":"https:\/\/www.ocorreionews.com.br\/acervo-correio\/index.php?rest_route=\/wp\/v2\/posts\/247786\/revisions"}],"predecessor-version":[{"id":247790,"href":"https:\/\/www.ocorreionews.com.br\/acervo-correio\/index.php?rest_route=\/wp\/v2\/posts\/247786\/revisions\/247790"}],"wp:featuredmedia":[{"embeddable":true,"href":"https:\/\/www.ocorreionews.com.br\/acervo-correio\/index.php?rest_route=\/wp\/v2\/media\/247788"}],"wp:attachment":[{"href":"https:\/\/www.ocorreionews.com.br\/acervo-correio\/index.php?rest_route=%2Fwp%2Fv2%2Fmedia&parent=247786"}],"wp:term":[{"taxonomy":"category","embeddable":true,"href":"https:\/\/www.ocorreionews.com.br\/acervo-correio\/index.php?rest_route=%2Fwp%2Fv2%2Fcategories&post=247786"},{"taxonomy":"post_tag","embeddable":true,"href":"https:\/\/www.ocorreionews.com.br\/acervo-correio\/index.php?rest_route=%2Fwp%2Fv2%2Ftags&post=247786"}],"curies":[{"name":"wp","href":"https:\/\/api.w.org\/{rel}","templated":true}]}}