{"id":247798,"date":"2023-08-07T17:29:31","date_gmt":"2023-08-07T21:29:31","guid":{"rendered":"https:\/\/www.ocorreionews.com.br\/acervo-correio\/?p=247798"},"modified":"2023-08-07T17:29:31","modified_gmt":"2023-08-07T21:29:31","slug":"prefeito-de-chapadao-do-sul-emite-nota-de-pesar-pelo-falecimento-do-prestador-de-servico-genesi-comiran","status":"publish","type":"post","link":"https:\/\/www.ocorreionews.com.br\/acervo-correio\/?p=247798","title":{"rendered":"Prefeito de Chapad\u00e3o do Sul emite Nota de Pesar pelo falecimento do prestador de servi\u00e7o Genesi Comiran"},"content":{"rendered":"<p>O Prefeito Jo\u00e3o Carlos Krug, no uso de suas atribui\u00e7\u00f5es legais, emite a nota de pesar, em virtude do falecimento do prestador de servi\u00e7os Genesi Comiran, 56 anos, nesta segunda-feira, 07de agosto, devido a um acidente de trabalho.<\/p>\n<p>Genesi Comiran era natural de Tapeja-RS, e presta servi\u00e7os para a Prefeitura de Chapad\u00e3o do Sul com excel\u00eancia.<\/p>\n<p>O prefeito manifesta suas condol\u00eancias aos familiares e amigos.<\/p>\n","protected":false},"excerpt":{"rendered":"<p>O Prefeito Jo\u00e3o Carlos Krug, no uso de suas atribui\u00e7\u00f5es legais, emite a nota de pesar, em virtude do falecimento do prestador de servi\u00e7os Genesi Comiran, 56 anos, nesta segunda-feira, 07de agosto, devido a um acidente de trabalho. Genesi Comiran era natural de Tapeja-RS, e presta servi\u00e7os para a Prefeitura de Chapad\u00e3o do Sul com [&hellip;]<\/p>\n","protected":false},"author":4,"featured_media":247799,"comment_status":"closed","ping_status":"closed","sticky":false,"template":"","format":"standard","meta":{"footnotes":""},"categories":[23],"tags":[],"class_list":["post-247798","post","type-post","status-publish","format-standard","has-post-thumbnail","hentry","category-chapadao-do-sul"],"_links":{"self":[{"href":"https:\/\/www.ocorreionews.com.br\/acervo-correio\/index.php?rest_route=\/wp\/v2\/posts\/247798","targetHints":{"allow":["GET"]}}],"collection":[{"href":"https:\/\/www.ocorreionews.com.br\/acervo-correio\/index.php?rest_route=\/wp\/v2\/posts"}],"about":[{"href":"https:\/\/www.ocorreionews.com.br\/acervo-correio\/index.php?rest_route=\/wp\/v2\/types\/post"}],"author":[{"embeddable":true,"href":"https:\/\/www.ocorreionews.com.br\/acervo-correio\/index.php?rest_route=\/wp\/v2\/users\/4"}],"replies":[{"embeddable":true,"href":"https:\/\/www.ocorreionews.com.br\/acervo-correio\/index.php?rest_route=%2Fwp%2Fv2%2Fcomments&post=247798"}],"version-history":[{"count":1,"href":"https:\/\/www.ocorreionews.com.br\/acervo-correio\/index.php?rest_route=\/wp\/v2\/posts\/247798\/revisions"}],"predecessor-version":[{"id":247800,"href":"https:\/\/www.ocorreionews.com.br\/acervo-correio\/index.php?rest_route=\/wp\/v2\/posts\/247798\/revisions\/247800"}],"wp:featuredmedia":[{"embeddable":true,"href":"https:\/\/www.ocorreionews.com.br\/acervo-correio\/index.php?rest_route=\/wp\/v2\/media\/247799"}],"wp:attachment":[{"href":"https:\/\/www.ocorreionews.com.br\/acervo-correio\/index.php?rest_route=%2Fwp%2Fv2%2Fmedia&parent=247798"}],"wp:term":[{"taxonomy":"category","embeddable":true,"href":"https:\/\/www.ocorreionews.com.br\/acervo-correio\/index.php?rest_route=%2Fwp%2Fv2%2Fcategories&post=247798"},{"taxonomy":"post_tag","embeddable":true,"href":"https:\/\/www.ocorreionews.com.br\/acervo-correio\/index.php?rest_route=%2Fwp%2Fv2%2Ftags&post=247798"}],"curies":[{"name":"wp","href":"https:\/\/api.w.org\/{rel}","templated":true}]}}