{"id":247802,"date":"2023-08-07T21:40:05","date_gmt":"2023-08-08T01:40:05","guid":{"rendered":"https:\/\/www.ocorreionews.com.br\/acervo-correio\/?p=247802"},"modified":"2023-08-08T08:40:54","modified_gmt":"2023-08-08T12:40:54","slug":"morre-o-empresario-genesi-apos-queda-na-obra-da-piscina","status":"publish","type":"post","link":"https:\/\/www.ocorreionews.com.br\/acervo-correio\/?p=247802","title":{"rendered":"Morre o empres\u00e1rio Genesi ap\u00f3s queda na obra da Piscina Municipal de Chapad\u00e3o do Sul"},"content":{"rendered":"<p>Faleceu em Campo Grande o empres\u00e1rio Genesi Comiran, aos 56 anos de idade. Ele estava internado\u00a0 em tratamento m\u00e9dico para recupera\u00e7\u00e3o de um TCE, Traumatismo Craniano Encef\u00e1lico.<\/p>\n<p>A cidade de Chapad\u00e3o do Sul est\u00e1 de luto com a tr\u00e1gica not\u00edcia do falecimento de Genesi Comiran, ocorrido na tarde de ontem. Genesi, que era natural de Tapejara, no Rio Grande do Sul, tinha uma profunda conex\u00e3o com a cidade, onde residiu por quase uma d\u00e9cada, antes de mudar-se para Coxim, no Mato Grosso do Sul.<\/p>\n<p>O triste incidente que tirou a vida de Genesi ocorreu durante as obras de reforma do Centro Aqu\u00e1tico de Chapad\u00e3o do Sul. Uma queda acidental no local causou sua morte, deixando a comunidade chocada e entristecida.<\/p>\n<p>Genesi Comiran era mais do que um prestador de servi\u00e7os da Prefeitura; ele era um indiv\u00edduo querido e ativo na vida da cidade. Amante do chimarr\u00e3o, Genesi costumava participar de animadas rodas de conversa, onde compartilhava hist\u00f3rias, experi\u00eancias e alegria com os amigos e vizinhos.<\/p>\n<p>O prefeito de Chapad\u00e3o do Sul, Jo\u00e3o Carlos Krug, expressou suas mais profundas condol\u00eancias e sentimentos \u00e0 fam\u00edlia e amigos de Genesi Comiran. Em suas palavras, &#8220;Genesi era uma pessoa not\u00e1vel, cuja presen\u00e7a ser\u00e1 sentida por toda a comunidade. Sua dedica\u00e7\u00e3o ao servi\u00e7o p\u00fablico e seu esp\u00edrito amig\u00e1vel deixar\u00e3o um vazio em nossos cora\u00e7\u00f5es. Estamos todos de luto por sua partida prematura.&#8221;<\/p>\n<p>A cidade de Chapad\u00e3o do Sul se une em solidariedade neste momento dif\u00edcil, prestando homenagem a Genesi Comiran, um indiv\u00edduo cujo legado de amor, amizade e servi\u00e7o \u00e0 comunidade perdurar\u00e1 por muitos anos.<\/p>\n<p>O funeral de Genesi ser\u00e1 em Tapejara, local onde sua m\u00e3e reside.<\/p>\n<p>Em virtude do ocorrido, e por tratar-se de um excelente prestador de servi\u00e7o para a municipalidade, o Prefeito de Chapad\u00e3o do Sul, Jo\u00e3o Carlos Krug determinou a publica\u00e7\u00e3o de uma nota de pesar no portal da transpar\u00eancia da Prefeitura, onde elogia o empres\u00e1rio e lamenta a morte.<\/p>\n<p><img loading=\"lazy\" decoding=\"async\" class=\"alignnone size-full wp-image-247799\" src=\"https:\/\/www.ocorreionews.com.br\/acervo-correio\/wp-content\/uploads\/2023\/08\/genesi.jpg\" alt=\"\" width=\"800\" height=\"533\" srcset=\"https:\/\/www.ocorreionews.com.br\/acervo-correio\/wp-content\/uploads\/2023\/08\/genesi.jpg 800w, https:\/\/www.ocorreionews.com.br\/acervo-correio\/wp-content\/uploads\/2023\/08\/genesi-300x200.jpg 300w, https:\/\/www.ocorreionews.com.br\/acervo-correio\/wp-content\/uploads\/2023\/08\/genesi-768x512.jpg 768w\" sizes=\"auto, (max-width: 800px) 100vw, 800px\" \/><\/p>\n<p>&nbsp;<\/p>\n<p>*Assessoria<\/p>\n<p>&nbsp;<\/p>\n","protected":false},"excerpt":{"rendered":"<p>Faleceu em Campo Grande o empres\u00e1rio Genesi Comiran, aos 56 anos de idade. Ele estava internado\u00a0 em tratamento m\u00e9dico para recupera\u00e7\u00e3o de um TCE, Traumatismo Craniano Encef\u00e1lico. A cidade de Chapad\u00e3o do Sul est\u00e1 de luto com a tr\u00e1gica not\u00edcia do falecimento de Genesi Comiran, ocorrido na tarde de ontem. Genesi, que era natural de [&hellip;]<\/p>\n","protected":false},"author":4,"featured_media":247803,"comment_status":"closed","ping_status":"closed","sticky":false,"template":"","format":"standard","meta":{"footnotes":""},"categories":[23,41],"tags":[],"class_list":["post-247802","post","type-post","status-publish","format-standard","has-post-thumbnail","hentry","category-chapadao-do-sul","category-destaque"],"_links":{"self":[{"href":"https:\/\/www.ocorreionews.com.br\/acervo-correio\/index.php?rest_route=\/wp\/v2\/posts\/247802","targetHints":{"allow":["GET"]}}],"collection":[{"href":"https:\/\/www.ocorreionews.com.br\/acervo-correio\/index.php?rest_route=\/wp\/v2\/posts"}],"about":[{"href":"https:\/\/www.ocorreionews.com.br\/acervo-correio\/index.php?rest_route=\/wp\/v2\/types\/post"}],"author":[{"embeddable":true,"href":"https:\/\/www.ocorreionews.com.br\/acervo-correio\/index.php?rest_route=\/wp\/v2\/users\/4"}],"replies":[{"embeddable":true,"href":"https:\/\/www.ocorreionews.com.br\/acervo-correio\/index.php?rest_route=%2Fwp%2Fv2%2Fcomments&post=247802"}],"version-history":[{"count":5,"href":"https:\/\/www.ocorreionews.com.br\/acervo-correio\/index.php?rest_route=\/wp\/v2\/posts\/247802\/revisions"}],"predecessor-version":[{"id":247827,"href":"https:\/\/www.ocorreionews.com.br\/acervo-correio\/index.php?rest_route=\/wp\/v2\/posts\/247802\/revisions\/247827"}],"wp:featuredmedia":[{"embeddable":true,"href":"https:\/\/www.ocorreionews.com.br\/acervo-correio\/index.php?rest_route=\/wp\/v2\/media\/247803"}],"wp:attachment":[{"href":"https:\/\/www.ocorreionews.com.br\/acervo-correio\/index.php?rest_route=%2Fwp%2Fv2%2Fmedia&parent=247802"}],"wp:term":[{"taxonomy":"category","embeddable":true,"href":"https:\/\/www.ocorreionews.com.br\/acervo-correio\/index.php?rest_route=%2Fwp%2Fv2%2Fcategories&post=247802"},{"taxonomy":"post_tag","embeddable":true,"href":"https:\/\/www.ocorreionews.com.br\/acervo-correio\/index.php?rest_route=%2Fwp%2Fv2%2Ftags&post=247802"}],"curies":[{"name":"wp","href":"https:\/\/api.w.org\/{rel}","templated":true}]}}