{"id":247824,"date":"2023-08-08T08:54:14","date_gmt":"2023-08-08T12:54:14","guid":{"rendered":"https:\/\/www.ocorreionews.com.br\/acervo-correio\/?p=247824"},"modified":"2023-08-08T08:54:50","modified_gmt":"2023-08-08T12:54:50","slug":"247824-2","status":"publish","type":"post","link":"https:\/\/www.ocorreionews.com.br\/acervo-correio\/?p=247824","title":{"rendered":"Costa Rica marca presen\u00e7a no 19\u00ba F\u00f3rum Nacional dos Dirigentes Municipais de Educa\u00e7\u00e3o da Undime no MT"},"content":{"rendered":"<div class=\"ntc_cont_descricao_noticia sw_txteditor\">\n<p>A secret\u00e1ria de Educa\u00e7\u00e3o de Costa Rica, Maria Aparecida Francisca de Souza Almeida, juntamente com as servidoras Mara Silvia Paes Barbosa (inspe\u00e7\u00e3o escolar) e Deborah Yane Pinheiro dos Santos (diretora CEI Sonho da Vov\u00f3 Luzia Gomes da Costa), est\u00e3o presentes no 19\u00ba F\u00f3rum Nacional dos Dirigentes Municipais de Educa\u00e7\u00e3o, realizado pela Undime (Uni\u00e3o dos Dirigentes Municipais de Educa\u00e7\u00e3o), em Cuiab\u00e1\/MT.<\/p>\n<p>O evento, que ocorre de 6 a 9 de agosto de 2023, tem como tema &#8220;Cen\u00e1rios atuais e os desafios da educa\u00e7\u00e3o para a pr\u00f3xima d\u00e9cada&#8221;. Considerado um dos encontros mais importantes do calend\u00e1rio educacional do pa\u00eds, o f\u00f3rum busca pautar e debater temas educacionais priorit\u00e1rios, visando o fortalecimento da educa\u00e7\u00e3o nos munic\u00edpios brasileiros e no Distrito Federal.<\/p>\n<\/div>\n<div><\/div>\n<div class=\"ntc_cont_descricao_noticia sw_txteditor\">\n<p><img loading=\"lazy\" decoding=\"async\" class=\"imgcentraliza aligncenter\" src=\"https:\/\/www.costarica.ms.gov.br\/fotos\/6b41702305c32a61fa6322661a7e5888.jpg\" alt=\"Foto Noticia Principal Grande\" width=\"600\" height=\"261\" \/><\/p>\n<p>Com capacidade para 2 mil participantes, o evento \u00e9 realizado presencialmente no Centro de Eventos do Pantanal, em Cuiab\u00e1. Durante os quatro dias de f\u00f3rum, s\u00e3o abordados temas estruturantes da educa\u00e7\u00e3o p\u00fablica brasileira por meio de confer\u00eancias, mesas-redondas e oficinas. Al\u00e9m disso, ocorre a elei\u00e7\u00e3o e posse da nova diretoria executiva respons\u00e1vel pela gest\u00e3o no bi\u00eanio 2023-2025.<\/p>\n<p>O 19\u00ba F\u00f3rum Nacional da Undime tamb\u00e9m conta com um espa\u00e7o de exposi\u00e7\u00e3o, onde os participantes t\u00eam a oportunidade de conhecer iniciativas de parceiros institucionais da Undime, bem como produtos e tecnologias de empresas credenciadas a expor no local. H\u00e1 tamb\u00e9m atendimento do governo federal realizado por t\u00e9cnicos do Minist\u00e9rio da Educa\u00e7\u00e3o e do Fundo Nacional de Desenvolvimento da Educa\u00e7\u00e3o (FNDE).<\/p>\n<\/div>\n<div class=\"ntc_cont_descricao_noticia sw_txteditor\">\n<p><img loading=\"lazy\" decoding=\"async\" class=\"imgcentraliza aligncenter\" src=\"https:\/\/www.costarica.ms.gov.br\/fotos\/cd6cebef0e53d7c7a8b30758171ca2ca.jpg\" alt=\"Foto Noticia Principal Grande\" width=\"596\" height=\"335\" \/><\/p>\n<p>A solenidade de abertura do f\u00f3rum, que aconteceu no domingo, dia 6, recebeu as delega\u00e7\u00f5es dos 26 estados brasileiros com festa. O evento promove o interc\u00e2mbio de saberes entre os participantes, visando o aprimoramento da educa\u00e7\u00e3o p\u00fablica municipal em todo o pa\u00eds.<\/p>\n<p>O 19\u00ba F\u00f3rum Nacional dos Dirigentes Municipais de Educa\u00e7\u00e3o da Undime \u00e9 uma oportunidade para a troca de experi\u00eancias, forma\u00e7\u00e3o e informa\u00e7\u00e3o para os gestores municipais de educa\u00e7\u00e3o e suas equipes t\u00e9cnicas. Por meio do evento, busca-se impulsionar a qualidade da educa\u00e7\u00e3o b\u00e1sica p\u00fablica nos munic\u00edpios brasileiros e no Distrito Federal, contribuindo para os desafios que a \u00e1rea enfrentar\u00e1 na pr\u00f3xima d\u00e9cada.<\/p>\n<\/div>\n<div><\/div>\n<div class=\"ntc_cont_descricao_noticia sw_txteditor\"><img loading=\"lazy\" decoding=\"async\" class=\"imgcentraliza aligncenter\" src=\"https:\/\/www.costarica.ms.gov.br\/fotos\/5bea497a301edb4de27b56430ed99b69.jpg\" alt=\"Foto Noticia Principal Grande\" width=\"596\" height=\"397\" \/><\/div>\n<div class=\"ntc_area_info_noticia sw_lato\">\n<div>\n<div class=\"ntc_info_noticia\"><strong class=\"sw_lato_black\">Fonte: <\/strong>Assessoria de Comunica\u00e7\u00e3o c\/ Undime &#8211; Silvestre de Castro<\/div>\n<\/div>\n<\/div>\n","protected":false},"excerpt":{"rendered":"<p>A secret\u00e1ria de Educa\u00e7\u00e3o de Costa Rica, Maria Aparecida Francisca de Souza Almeida, juntamente com as servidoras Mara Silvia Paes Barbosa (inspe\u00e7\u00e3o escolar) e Deborah Yane Pinheiro dos Santos (diretora CEI Sonho da Vov\u00f3 Luzia Gomes da Costa), est\u00e3o presentes no 19\u00ba F\u00f3rum Nacional dos Dirigentes Municipais de Educa\u00e7\u00e3o, realizado pela Undime (Uni\u00e3o dos Dirigentes [&hellip;]<\/p>\n","protected":false},"author":5,"featured_media":247828,"comment_status":"closed","ping_status":"closed","sticky":false,"template":"","format":"standard","meta":{"footnotes":""},"categories":[25],"tags":[],"class_list":["post-247824","post","type-post","status-publish","format-standard","has-post-thumbnail","hentry","category-costa-rica"],"_links":{"self":[{"href":"https:\/\/www.ocorreionews.com.br\/acervo-correio\/index.php?rest_route=\/wp\/v2\/posts\/247824","targetHints":{"allow":["GET"]}}],"collection":[{"href":"https:\/\/www.ocorreionews.com.br\/acervo-correio\/index.php?rest_route=\/wp\/v2\/posts"}],"about":[{"href":"https:\/\/www.ocorreionews.com.br\/acervo-correio\/index.php?rest_route=\/wp\/v2\/types\/post"}],"author":[{"embeddable":true,"href":"https:\/\/www.ocorreionews.com.br\/acervo-correio\/index.php?rest_route=\/wp\/v2\/users\/5"}],"replies":[{"embeddable":true,"href":"https:\/\/www.ocorreionews.com.br\/acervo-correio\/index.php?rest_route=%2Fwp%2Fv2%2Fcomments&post=247824"}],"version-history":[{"count":2,"href":"https:\/\/www.ocorreionews.com.br\/acervo-correio\/index.php?rest_route=\/wp\/v2\/posts\/247824\/revisions"}],"predecessor-version":[{"id":247830,"href":"https:\/\/www.ocorreionews.com.br\/acervo-correio\/index.php?rest_route=\/wp\/v2\/posts\/247824\/revisions\/247830"}],"wp:featuredmedia":[{"embeddable":true,"href":"https:\/\/www.ocorreionews.com.br\/acervo-correio\/index.php?rest_route=\/wp\/v2\/media\/247828"}],"wp:attachment":[{"href":"https:\/\/www.ocorreionews.com.br\/acervo-correio\/index.php?rest_route=%2Fwp%2Fv2%2Fmedia&parent=247824"}],"wp:term":[{"taxonomy":"category","embeddable":true,"href":"https:\/\/www.ocorreionews.com.br\/acervo-correio\/index.php?rest_route=%2Fwp%2Fv2%2Fcategories&post=247824"},{"taxonomy":"post_tag","embeddable":true,"href":"https:\/\/www.ocorreionews.com.br\/acervo-correio\/index.php?rest_route=%2Fwp%2Fv2%2Ftags&post=247824"}],"curies":[{"name":"wp","href":"https:\/\/api.w.org\/{rel}","templated":true}]}}