{"id":247836,"date":"2023-08-08T09:27:31","date_gmt":"2023-08-08T13:27:31","guid":{"rendered":"https:\/\/www.ocorreionews.com.br\/acervo-correio\/?p=247836"},"modified":"2023-08-08T09:28:40","modified_gmt":"2023-08-08T13:28:40","slug":"briga-entre-amigos-acaba-com-homem-esfaqueado-com-visceras-expostas-em-costa-rica","status":"publish","type":"post","link":"https:\/\/www.ocorreionews.com.br\/acervo-correio\/?p=247836","title":{"rendered":"Briga entre amigos acaba com homem esfaqueado com v\u00edsceras expostas em Costa Rica"},"content":{"rendered":"<p>Na noite dessa segunda-feira (7), uma briga entre amigos em uma conveni\u00eancia na cidade Costa Rica, acabou em um homem de 33 anos esfaqueado quatro vezes, com exposi\u00e7\u00e3o de v\u00edsceras.<\/p>\n<p>Segundo informa\u00e7\u00f5es do Boletim de Ocorr\u00eancia, por volta das 19h30min a Pol\u00edcia Militar\u00a0 de Costa Rica foi acionada onde foi relato uma havia acontecido um esfaqueamento de um homem em uma conveni\u00eancia que fica na Rua Esmeraldo no Centro da cidade.<\/p>\n<p>De acordo com testemunhas, o autor das facadas um homem de 32 anos e estava com sua esposa no local e mais amigos, e momento que ia voltar para casa, come\u00e7ou uma discuss\u00e3o com um dos amigos, vindo a esfaquear ele com quatro facadas, duas no abd\u00f4men, uma no bra\u00e7o e outra no ombro.<\/p>\n<p>O Corpo de Bombeiros socorreu a v\u00edtima em estado grave, onde passou por cirurgia de emerg\u00eancia.<\/p>\n<p>A pol\u00edcia militar com as informa\u00e7\u00f5es do autor realizou rondas no objetivo de localiza-lo, mas at\u00e9 o momento, ainda n\u00e3o foi encontrado.<\/p>\n","protected":false},"excerpt":{"rendered":"<p>Na noite dessa segunda-feira (7), uma briga entre amigos em uma conveni\u00eancia na cidade Costa Rica, acabou em um homem de 33 anos esfaqueado quatro vezes, com exposi\u00e7\u00e3o de v\u00edsceras. Segundo informa\u00e7\u00f5es do Boletim de Ocorr\u00eancia, por volta das 19h30min a Pol\u00edcia Militar\u00a0 de Costa Rica foi acionada onde foi relato uma havia acontecido um [&hellip;]<\/p>\n","protected":false},"author":5,"featured_media":236569,"comment_status":"closed","ping_status":"closed","sticky":false,"template":"","format":"standard","meta":{"footnotes":""},"categories":[25,38],"tags":[],"class_list":["post-247836","post","type-post","status-publish","format-standard","has-post-thumbnail","hentry","category-costa-rica","category-policia"],"_links":{"self":[{"href":"https:\/\/www.ocorreionews.com.br\/acervo-correio\/index.php?rest_route=\/wp\/v2\/posts\/247836","targetHints":{"allow":["GET"]}}],"collection":[{"href":"https:\/\/www.ocorreionews.com.br\/acervo-correio\/index.php?rest_route=\/wp\/v2\/posts"}],"about":[{"href":"https:\/\/www.ocorreionews.com.br\/acervo-correio\/index.php?rest_route=\/wp\/v2\/types\/post"}],"author":[{"embeddable":true,"href":"https:\/\/www.ocorreionews.com.br\/acervo-correio\/index.php?rest_route=\/wp\/v2\/users\/5"}],"replies":[{"embeddable":true,"href":"https:\/\/www.ocorreionews.com.br\/acervo-correio\/index.php?rest_route=%2Fwp%2Fv2%2Fcomments&post=247836"}],"version-history":[{"count":2,"href":"https:\/\/www.ocorreionews.com.br\/acervo-correio\/index.php?rest_route=\/wp\/v2\/posts\/247836\/revisions"}],"predecessor-version":[{"id":247840,"href":"https:\/\/www.ocorreionews.com.br\/acervo-correio\/index.php?rest_route=\/wp\/v2\/posts\/247836\/revisions\/247840"}],"wp:featuredmedia":[{"embeddable":true,"href":"https:\/\/www.ocorreionews.com.br\/acervo-correio\/index.php?rest_route=\/wp\/v2\/media\/236569"}],"wp:attachment":[{"href":"https:\/\/www.ocorreionews.com.br\/acervo-correio\/index.php?rest_route=%2Fwp%2Fv2%2Fmedia&parent=247836"}],"wp:term":[{"taxonomy":"category","embeddable":true,"href":"https:\/\/www.ocorreionews.com.br\/acervo-correio\/index.php?rest_route=%2Fwp%2Fv2%2Fcategories&post=247836"},{"taxonomy":"post_tag","embeddable":true,"href":"https:\/\/www.ocorreionews.com.br\/acervo-correio\/index.php?rest_route=%2Fwp%2Fv2%2Ftags&post=247836"}],"curies":[{"name":"wp","href":"https:\/\/api.w.org\/{rel}","templated":true}]}}