{"id":247841,"date":"2023-08-08T10:01:55","date_gmt":"2023-08-08T14:01:55","guid":{"rendered":"https:\/\/www.ocorreionews.com.br\/acervo-correio\/?p=247841"},"modified":"2023-08-08T10:01:55","modified_gmt":"2023-08-08T14:01:55","slug":"casa-do-trabalhador-de-chapadao-do-sul-inicia-semana-com-mais-de-270-vagas-de-emprego-disponiveis","status":"publish","type":"post","link":"https:\/\/www.ocorreionews.com.br\/acervo-correio\/?p=247841","title":{"rendered":"Casa do Trabalhador de Chapad\u00e3o do Sul inicia semana com mais de 270 vagas de emprego dispon\u00edveis"},"content":{"rendered":"<p>Est\u00e1 em busca de trabalho ou queira mudar de emprego? A Casa do Trabalhador traz \u00f3timas oportunidades, disponibiliza vagas para toda \u00e1rea profissional no mun\u00edcipio.<\/p>\n<p>Um novo caminho pode se abrir para voc\u00ea.<\/p>\n<p>Os interessados devem comparecer na Casa do Trabalhador, com os documentos: CPF, RG e Carteira de Trabalho em m\u00e3os, na Avenida Onze, n\u00b0 1045, (Pa\u00e7o Municipal), das 07h \u00e0s 11h.<\/p>\n<p>Pensando na praticidade e personalizando o atendimento, a FUNTRAB disponibilizou o aplicativo \u201cMS Contrata+ para trabalhadores\u201d para agendamento de hor\u00e1rio, assim o interessado n\u00e3o fica muito tempo em filas.<\/p>\n<p>Para isso, baixe no celular o aplicativo, nos Links para download:<\/p>\n<p>IOS:\u00a0<a href=\"https:\/\/apps.apple.com\/...\/ms-contrata-p...\/id1544791407\" target=\"_blank\" rel=\"noopener\">https:\/\/apps.apple.com\/&#8230;\/ms-contrata-p&#8230;\/id1544791407<\/a><\/p>\n<p>Android:\u00a0\u00a0<a href=\"https:\/\/play.google.com\/store\/apps\/details?id=br.com.bluetrix.contratamais&amp;hl=pt_BR&amp;gl=US\" target=\"_blank\" rel=\"noopener\">https:\/\/play.google.com\/store\/apps\/details&#8230;<\/a><\/p>\n<p>As vagas de emprego s\u00e3o rotativas, assim, podem ser preenchidas a qualquer momento, sem pr\u00e9vio aviso.<\/p>\n<p>A SEDEMA informa que n\u00e3o haver\u00e1 atendimento na Casa do Trabalhadora \u00e0s Sextas-feiras, pois ser\u00e1 realizado a capta\u00e7\u00e3o de vagas neste mesmo dia. E voc\u00ea empres\u00e1rio que tenha alguma vaga para ofertar, entre em contato com a Casa do Trabalhador pelo 67 99987-7939.<\/p>\n<p><img decoding=\"async\" src=\"http:\/\/www.chapadaodosul.ms.gov.br\/admin\/arquivos\/imagem\/WhatsApp%20Image%202023-08-08%20at%2009.42.07.jpeg\" \/><\/p>\n<p><img decoding=\"async\" src=\"http:\/\/www.chapadaodosul.ms.gov.br\/admin\/arquivos\/imagem\/WhatsApp%20Image%202023-08-08%20at%2009.42.03%20(1).jpeg\" \/><\/p>\n<p><img decoding=\"async\" src=\"http:\/\/www.chapadaodosul.ms.gov.br\/admin\/arquivos\/imagem\/WhatsApp%20Image%202023-08-08%20at%2009.42.04.jpeg\" \/><\/p>\n<p><img decoding=\"async\" src=\"http:\/\/www.chapadaodosul.ms.gov.br\/admin\/arquivos\/imagem\/WhatsApp%20Image%202023-08-08%20at%2009.42.05.jpeg\" \/><\/p>\n<p><img decoding=\"async\" src=\"http:\/\/www.chapadaodosul.ms.gov.br\/admin\/arquivos\/imagem\/WhatsApp%20Image%202023-08-08%20at%2009.42.06.jpeg\" \/><\/p>\n<p><img decoding=\"async\" src=\"http:\/\/www.chapadaodosul.ms.gov.br\/admin\/arquivos\/imagem\/WhatsApp%20Image%202023-08-08%20at%2009.42.07.jpeg\" \/><\/p>\n<p><img decoding=\"async\" src=\"http:\/\/www.chapadaodosul.ms.gov.br\/admin\/arquivos\/imagem\/WhatsApp%20Image%202023-08-08%20at%2009.42.08.jpeg\" \/><\/p>\n<p><img decoding=\"async\" src=\"http:\/\/www.chapadaodosul.ms.gov.br\/admin\/arquivos\/imagem\/WhatsApp%20Image%202023-08-08%20at%2009.42.09.jpeg\" \/><\/p>\n<p><img decoding=\"async\" src=\"http:\/\/www.chapadaodosul.ms.gov.br\/admin\/arquivos\/imagem\/WhatsApp%20Image%202023-08-08%20at%2009.42.10.jpeg\" \/><\/p>\n<p><img decoding=\"async\" src=\"http:\/\/www.chapadaodosul.ms.gov.br\/admin\/arquivos\/imagem\/WhatsApp%20Image%202023-08-08%20at%2009.42.11.jpeg\" \/><\/p>\n<p><img decoding=\"async\" src=\"http:\/\/www.chapadaodosul.ms.gov.br\/admin\/arquivos\/imagem\/WhatsApp%20Image%202023-08-08%20at%2009.42.12.jpeg\" \/><\/p>\n","protected":false},"excerpt":{"rendered":"<p>Est\u00e1 em busca de trabalho ou queira mudar de emprego? A Casa do Trabalhador traz \u00f3timas oportunidades, disponibiliza vagas para toda \u00e1rea profissional no mun\u00edcipio. Um novo caminho pode se abrir para voc\u00ea. Os interessados devem comparecer na Casa do Trabalhador, com os documentos: CPF, RG e Carteira de Trabalho em m\u00e3os, na Avenida Onze, [&hellip;]<\/p>\n","protected":false},"author":5,"featured_media":95409,"comment_status":"closed","ping_status":"closed","sticky":false,"template":"","format":"standard","meta":{"footnotes":""},"categories":[23,24],"tags":[],"class_list":["post-247841","post","type-post","status-publish","format-standard","has-post-thumbnail","hentry","category-chapadao-do-sul","category-classificados"],"_links":{"self":[{"href":"https:\/\/www.ocorreionews.com.br\/acervo-correio\/index.php?rest_route=\/wp\/v2\/posts\/247841","targetHints":{"allow":["GET"]}}],"collection":[{"href":"https:\/\/www.ocorreionews.com.br\/acervo-correio\/index.php?rest_route=\/wp\/v2\/posts"}],"about":[{"href":"https:\/\/www.ocorreionews.com.br\/acervo-correio\/index.php?rest_route=\/wp\/v2\/types\/post"}],"author":[{"embeddable":true,"href":"https:\/\/www.ocorreionews.com.br\/acervo-correio\/index.php?rest_route=\/wp\/v2\/users\/5"}],"replies":[{"embeddable":true,"href":"https:\/\/www.ocorreionews.com.br\/acervo-correio\/index.php?rest_route=%2Fwp%2Fv2%2Fcomments&post=247841"}],"version-history":[{"count":1,"href":"https:\/\/www.ocorreionews.com.br\/acervo-correio\/index.php?rest_route=\/wp\/v2\/posts\/247841\/revisions"}],"predecessor-version":[{"id":247848,"href":"https:\/\/www.ocorreionews.com.br\/acervo-correio\/index.php?rest_route=\/wp\/v2\/posts\/247841\/revisions\/247848"}],"wp:featuredmedia":[{"embeddable":true,"href":"https:\/\/www.ocorreionews.com.br\/acervo-correio\/index.php?rest_route=\/wp\/v2\/media\/95409"}],"wp:attachment":[{"href":"https:\/\/www.ocorreionews.com.br\/acervo-correio\/index.php?rest_route=%2Fwp%2Fv2%2Fmedia&parent=247841"}],"wp:term":[{"taxonomy":"category","embeddable":true,"href":"https:\/\/www.ocorreionews.com.br\/acervo-correio\/index.php?rest_route=%2Fwp%2Fv2%2Fcategories&post=247841"},{"taxonomy":"post_tag","embeddable":true,"href":"https:\/\/www.ocorreionews.com.br\/acervo-correio\/index.php?rest_route=%2Fwp%2Fv2%2Ftags&post=247841"}],"curies":[{"name":"wp","href":"https:\/\/api.w.org\/{rel}","templated":true}]}}