{"id":247943,"date":"2023-08-08T20:13:02","date_gmt":"2023-08-09T00:13:02","guid":{"rendered":"https:\/\/www.ocorreionews.com.br\/acervo-correio\/?p=247943"},"modified":"2023-08-09T08:27:00","modified_gmt":"2023-08-09T12:27:00","slug":"motociclista-fica-ferido-apos-colidir-no-ciclista-em-frente-escola-a-jorge-amado","status":"publish","type":"post","link":"https:\/\/www.ocorreionews.com.br\/acervo-correio\/?p=247943","title":{"rendered":"Motociclista fica ferido ap\u00f3s colidir com ciclista em frente \u00e0 Escola a Jorge Amado em Chapad\u00e3o do Sul"},"content":{"rendered":"<p>Na noite desta ter\u00e7a-feira (08), um moto-entregador ficou ferido ap\u00f3s colidir em um ciclista, na Avenida 16, em frente \u00e0 Escola Estadual Jorge Amado em Chapad\u00e3o do Sul.<\/p>\n<p>Segundo informa\u00e7\u00f5es repassadas a nossa reportagem, o motociclista que n\u00e3o teve a identidade revelada seguia pela Avenida 16 sentido leste-oeste, e apesar do redutor de velocidade que existe na frente da escola, n\u00e3o impediu que ele atropelasse o ciclista de 22 anos que estava em sua frente.<\/p>\n<p>A colis\u00e3o foi na traseira da bicicleta, provocando a queda do motociclista, enquanto o ciclista saiu ileso do acidente, apenas a sua bicicleta ficou toda destru\u00edda.<\/p>\n<p>O condutor da moto faz servi\u00e7o de entrega de espetinho e o acidente ocorreu em frente ao estabelecimento, s\u00f3 que na pista contr\u00e1ria.<\/p>\n<p>O delegado da pol\u00edcia civil de Chapad\u00e3o do Sul Dr. Potter e um agente estavam passando pr\u00f3ximo, quando aconteceu o acidente, e deu os primeiros atendimentos, at\u00e9 a chegada do Corpo de Bombeiros de Chapad\u00e3o do Sul.<\/p>\n<p>A v\u00edtima foi conduzida at\u00e9 o Hospital Municipal com fortes dores nas costas e sangramento na boca, mas consciente e orientado.<\/p>\n<p>Em frente \u00e0 Escola n\u00e3o existem faixa de pedestre o redutor de velocidade permite que motos rampa sem diminuir a velocidade.<\/p>\n<p>No local, alunos, professores e diretor afirmaram que j\u00e1 pediram para as autoridades que seja feito a sinaliza\u00e7\u00e3o e uma faixa de pedestre.<\/p>\n<figure id=\"attachment_247950\" aria-describedby=\"caption-attachment-247950\" style=\"width: 2560px\" class=\"wp-caption alignnone\"><img loading=\"lazy\" decoding=\"async\" class=\"wp-image-247950 size-full\" src=\"https:\/\/www.ocorreionews.com.br\/acervo-correio\/wp-content\/uploads\/2023\/08\/IMG_0087-scaled.jpg\" alt=\"\" width=\"2560\" height=\"1707\" srcset=\"https:\/\/www.ocorreionews.com.br\/acervo-correio\/wp-content\/uploads\/2023\/08\/IMG_0087-scaled.jpg 2560w, https:\/\/www.ocorreionews.com.br\/acervo-correio\/wp-content\/uploads\/2023\/08\/IMG_0087-300x200.jpg 300w, https:\/\/www.ocorreionews.com.br\/acervo-correio\/wp-content\/uploads\/2023\/08\/IMG_0087-1024x683.jpg 1024w, https:\/\/www.ocorreionews.com.br\/acervo-correio\/wp-content\/uploads\/2023\/08\/IMG_0087-768x512.jpg 768w, https:\/\/www.ocorreionews.com.br\/acervo-correio\/wp-content\/uploads\/2023\/08\/IMG_0087-1536x1024.jpg 1536w, https:\/\/www.ocorreionews.com.br\/acervo-correio\/wp-content\/uploads\/2023\/08\/IMG_0087-2048x1365.jpg 2048w\" sizes=\"auto, (max-width: 2560px) 100vw, 2560px\" \/><figcaption id=\"caption-attachment-247950\" class=\"wp-caption-text\">Frente da Escola sem sinaliza\u00e7\u00e3o, apenas do estacionamento dos onibus<\/figcaption><\/figure>\n<p><img loading=\"lazy\" decoding=\"async\" class=\"alignnone size-full wp-image-247944\" src=\"https:\/\/www.ocorreionews.com.br\/acervo-correio\/wp-content\/uploads\/2023\/08\/IMG_0077.jpg\" alt=\"\" width=\"2181\" height=\"1332\" srcset=\"https:\/\/www.ocorreionews.com.br\/acervo-correio\/wp-content\/uploads\/2023\/08\/IMG_0077.jpg 2181w, https:\/\/www.ocorreionews.com.br\/acervo-correio\/wp-content\/uploads\/2023\/08\/IMG_0077-300x183.jpg 300w, https:\/\/www.ocorreionews.com.br\/acervo-correio\/wp-content\/uploads\/2023\/08\/IMG_0077-1024x625.jpg 1024w, https:\/\/www.ocorreionews.com.br\/acervo-correio\/wp-content\/uploads\/2023\/08\/IMG_0077-768x469.jpg 768w, https:\/\/www.ocorreionews.com.br\/acervo-correio\/wp-content\/uploads\/2023\/08\/IMG_0077-1536x938.jpg 1536w, https:\/\/www.ocorreionews.com.br\/acervo-correio\/wp-content\/uploads\/2023\/08\/IMG_0077-2048x1251.jpg 2048w\" sizes=\"auto, (max-width: 2181px) 100vw, 2181px\" \/> <img loading=\"lazy\" decoding=\"async\" class=\"alignnone size-full wp-image-247945\" src=\"https:\/\/www.ocorreionews.com.br\/acervo-correio\/wp-content\/uploads\/2023\/08\/IMG_0079.jpg\" alt=\"\" width=\"2325\" height=\"1728\" srcset=\"https:\/\/www.ocorreionews.com.br\/acervo-correio\/wp-content\/uploads\/2023\/08\/IMG_0079.jpg 2325w, https:\/\/www.ocorreionews.com.br\/acervo-correio\/wp-content\/uploads\/2023\/08\/IMG_0079-300x223.jpg 300w, https:\/\/www.ocorreionews.com.br\/acervo-correio\/wp-content\/uploads\/2023\/08\/IMG_0079-1024x761.jpg 1024w, https:\/\/www.ocorreionews.com.br\/acervo-correio\/wp-content\/uploads\/2023\/08\/IMG_0079-768x571.jpg 768w, https:\/\/www.ocorreionews.com.br\/acervo-correio\/wp-content\/uploads\/2023\/08\/IMG_0079-1536x1142.jpg 1536w, https:\/\/www.ocorreionews.com.br\/acervo-correio\/wp-content\/uploads\/2023\/08\/IMG_0079-2048x1522.jpg 2048w, https:\/\/www.ocorreionews.com.br\/acervo-correio\/wp-content\/uploads\/2023\/08\/IMG_0079-86x64.jpg 86w\" sizes=\"auto, (max-width: 2325px) 100vw, 2325px\" \/> <img loading=\"lazy\" decoding=\"async\" class=\"alignnone size-full wp-image-247947\" src=\"https:\/\/www.ocorreionews.com.br\/acervo-correio\/wp-content\/uploads\/2023\/08\/IMG_0082.jpg\" alt=\"\" width=\"1779\" height=\"1065\" srcset=\"https:\/\/www.ocorreionews.com.br\/acervo-correio\/wp-content\/uploads\/2023\/08\/IMG_0082.jpg 1779w, https:\/\/www.ocorreionews.com.br\/acervo-correio\/wp-content\/uploads\/2023\/08\/IMG_0082-300x180.jpg 300w, https:\/\/www.ocorreionews.com.br\/acervo-correio\/wp-content\/uploads\/2023\/08\/IMG_0082-1024x613.jpg 1024w, https:\/\/www.ocorreionews.com.br\/acervo-correio\/wp-content\/uploads\/2023\/08\/IMG_0082-768x460.jpg 768w, https:\/\/www.ocorreionews.com.br\/acervo-correio\/wp-content\/uploads\/2023\/08\/IMG_0082-1536x920.jpg 1536w\" sizes=\"auto, (max-width: 1779px) 100vw, 1779px\" \/> <img loading=\"lazy\" decoding=\"async\" class=\"alignnone size-full wp-image-247948\" src=\"https:\/\/www.ocorreionews.com.br\/acervo-correio\/wp-content\/uploads\/2023\/08\/IMG_0084-scaled.jpg\" alt=\"\" width=\"2560\" height=\"1707\" srcset=\"https:\/\/www.ocorreionews.com.br\/acervo-correio\/wp-content\/uploads\/2023\/08\/IMG_0084-scaled.jpg 2560w, https:\/\/www.ocorreionews.com.br\/acervo-correio\/wp-content\/uploads\/2023\/08\/IMG_0084-300x200.jpg 300w, https:\/\/www.ocorreionews.com.br\/acervo-correio\/wp-content\/uploads\/2023\/08\/IMG_0084-1024x683.jpg 1024w, https:\/\/www.ocorreionews.com.br\/acervo-correio\/wp-content\/uploads\/2023\/08\/IMG_0084-768x512.jpg 768w, https:\/\/www.ocorreionews.com.br\/acervo-correio\/wp-content\/uploads\/2023\/08\/IMG_0084-1536x1024.jpg 1536w, https:\/\/www.ocorreionews.com.br\/acervo-correio\/wp-content\/uploads\/2023\/08\/IMG_0084-2048x1365.jpg 2048w\" sizes=\"auto, (max-width: 2560px) 100vw, 2560px\" \/> <img loading=\"lazy\" decoding=\"async\" class=\"alignnone size-full wp-image-247949\" src=\"https:\/\/www.ocorreionews.com.br\/acervo-correio\/wp-content\/uploads\/2023\/08\/IMG_0086-scaled.jpg\" alt=\"\" width=\"2560\" height=\"1707\" srcset=\"https:\/\/www.ocorreionews.com.br\/acervo-correio\/wp-content\/uploads\/2023\/08\/IMG_0086-scaled.jpg 2560w, https:\/\/www.ocorreionews.com.br\/acervo-correio\/wp-content\/uploads\/2023\/08\/IMG_0086-300x200.jpg 300w, https:\/\/www.ocorreionews.com.br\/acervo-correio\/wp-content\/uploads\/2023\/08\/IMG_0086-1024x683.jpg 1024w, https:\/\/www.ocorreionews.com.br\/acervo-correio\/wp-content\/uploads\/2023\/08\/IMG_0086-768x512.jpg 768w, https:\/\/www.ocorreionews.com.br\/acervo-correio\/wp-content\/uploads\/2023\/08\/IMG_0086-1536x1024.jpg 1536w, https:\/\/www.ocorreionews.com.br\/acervo-correio\/wp-content\/uploads\/2023\/08\/IMG_0086-2048x1365.jpg 2048w\" sizes=\"auto, (max-width: 2560px) 100vw, 2560px\" \/><\/p>\n","protected":false},"excerpt":{"rendered":"<p>Na noite desta ter\u00e7a-feira (08), um moto-entregador ficou ferido ap\u00f3s colidir em um ciclista, na Avenida 16, em frente \u00e0 Escola Estadual Jorge Amado em Chapad\u00e3o do Sul. Segundo informa\u00e7\u00f5es repassadas a nossa reportagem, o motociclista que n\u00e3o teve a identidade revelada seguia pela Avenida 16 sentido leste-oeste, e apesar do redutor de velocidade que [&hellip;]<\/p>\n","protected":false},"author":4,"featured_media":247954,"comment_status":"closed","ping_status":"closed","sticky":false,"template":"","format":"standard","meta":{"footnotes":""},"categories":[23,41,38],"tags":[],"class_list":["post-247943","post","type-post","status-publish","format-standard","has-post-thumbnail","hentry","category-chapadao-do-sul","category-destaque","category-policia"],"_links":{"self":[{"href":"https:\/\/www.ocorreionews.com.br\/acervo-correio\/index.php?rest_route=\/wp\/v2\/posts\/247943","targetHints":{"allow":["GET"]}}],"collection":[{"href":"https:\/\/www.ocorreionews.com.br\/acervo-correio\/index.php?rest_route=\/wp\/v2\/posts"}],"about":[{"href":"https:\/\/www.ocorreionews.com.br\/acervo-correio\/index.php?rest_route=\/wp\/v2\/types\/post"}],"author":[{"embeddable":true,"href":"https:\/\/www.ocorreionews.com.br\/acervo-correio\/index.php?rest_route=\/wp\/v2\/users\/4"}],"replies":[{"embeddable":true,"href":"https:\/\/www.ocorreionews.com.br\/acervo-correio\/index.php?rest_route=%2Fwp%2Fv2%2Fcomments&post=247943"}],"version-history":[{"count":4,"href":"https:\/\/www.ocorreionews.com.br\/acervo-correio\/index.php?rest_route=\/wp\/v2\/posts\/247943\/revisions"}],"predecessor-version":[{"id":247984,"href":"https:\/\/www.ocorreionews.com.br\/acervo-correio\/index.php?rest_route=\/wp\/v2\/posts\/247943\/revisions\/247984"}],"wp:featuredmedia":[{"embeddable":true,"href":"https:\/\/www.ocorreionews.com.br\/acervo-correio\/index.php?rest_route=\/wp\/v2\/media\/247954"}],"wp:attachment":[{"href":"https:\/\/www.ocorreionews.com.br\/acervo-correio\/index.php?rest_route=%2Fwp%2Fv2%2Fmedia&parent=247943"}],"wp:term":[{"taxonomy":"category","embeddable":true,"href":"https:\/\/www.ocorreionews.com.br\/acervo-correio\/index.php?rest_route=%2Fwp%2Fv2%2Fcategories&post=247943"},{"taxonomy":"post_tag","embeddable":true,"href":"https:\/\/www.ocorreionews.com.br\/acervo-correio\/index.php?rest_route=%2Fwp%2Fv2%2Ftags&post=247943"}],"curies":[{"name":"wp","href":"https:\/\/api.w.org\/{rel}","templated":true}]}}