{"id":247958,"date":"2023-08-09T07:24:50","date_gmt":"2023-08-09T11:24:50","guid":{"rendered":"https:\/\/www.ocorreionews.com.br\/acervo-correio\/?p=247958"},"modified":"2023-08-09T07:24:50","modified_gmt":"2023-08-09T11:24:50","slug":"ribeirinhos-pantaneiros-pedem-melhorias-e-avancos","status":"publish","type":"post","link":"https:\/\/www.ocorreionews.com.br\/acervo-correio\/?p=247958","title":{"rendered":"Ribeirinhos pantaneiros pedem melhorias e avan\u00e7os"},"content":{"rendered":"<p>Quem mora APA Ba\u00eda Negra sabe muito bem da import\u00e2ncia das estradas para a regi\u00e3o. Segundo os moradores, \u00e9 urgente a necessidade da implanta\u00e7\u00e3o de novos acessos ou da reforma dos j\u00e1 existentes para melhorar a movimenta\u00e7\u00e3o econ\u00f4mica e tur\u00edsticas no bioma e, principalmente, a qualidade de vida dos habitantes. \u201cFaz parte do cotidiano do pessoal todo, n\u00e3o s\u00f3 pra mim, como tem fam\u00edlias que dependem para levar seu peixe, comprar sua gasolina que as pessoas v\u00eam a visitar. Ent\u00e3o a import\u00e2ncia da estrada para mim \u00e9 muito grande\u201d, explica o ribeirinho Jos\u00e9 Carlos de Lima.<\/p>\n<div id=\"agk_14000_pos_4_conteudo_desktop\" class=\"mb-4\" data-google-query-id=\"CKe3ncq6z4ADFYSnlQIdF98JnA\">\n<div id=\"google_ads_iframe_\/316485075\/agk_14000_pos_4_conteudo_desktop_0__container__\">A comunidade est\u00e1 localizada em Lad\u00e1rio, no Pantanal de Mato Grosso do Sul. Fica \u00e0s margens do Rio Paraguai e possui quase 6 mil hectares com paisagens exuberantes e uma grande quantidade de biodiversidade. Mas, a falta de infraestrutura tem preocupado os ribeirinhos. Adelson Costa \u00e9 pescador na regi\u00e3o e conta que a situa\u00e7\u00e3o atrapalha muito nas vendas do produto. \u201cEnt\u00e3o a estrada \u00e9 muito importante; uma estrada bem arrumada pra gente andar sem ter esse problema todo, porque hoje estraga o carro, bicicleta, moto, tudo.\u201d<\/div>\n<\/div>\n<p>&nbsp;<\/p>\n<p>A dificuldade de locomo\u00e7\u00e3o ainda traz um outro receio, que \u00e9 a dificuldade de acesso a servi\u00e7os como sa\u00fade, colocando at\u00e9 mesmo em risco a vida de quem precisa de cuidados m\u00e9dicos. \u201cQuando tem um doente, a gente liga para a ambul\u00e2ncia e \u00e0s vezes a ambul\u00e2ncia n\u00e3o vem porque fica dif\u00edcil vir, n\u00e9? \u00c9 isso que a gente passa sempre\u201d, relata Marizete Costa, que mora e trabalha na comunidade. \u201cPessoal do \u00f4nibus tamb\u00e9m est\u00e1 sempre reclamando da falta de condi\u00e7\u00f5es. Entra ano e \u2018vara\u201d ano est\u00e1 do mesmo jeito\u201d, lembra a ribeirinha Elenir Proen\u00e7a.<\/p>\n<p>&nbsp;<\/p>\n<p>Por:\u00a0<strong class=\"fn\"><a class=\"text-uppercase\" href=\"https:\/\/portal.sistemafamasul.com.br\/noticias\/ribeirinhos-pantaneiros-pedem-melhorias-e-avan%C3%A7os-nos-acessos-%C3%A0-comunidade\" target=\"_blank\" rel=\"noopener\">FAMASUL<\/a><\/strong><\/p>\n","protected":false},"excerpt":{"rendered":"<p>Quem mora APA Ba\u00eda Negra sabe muito bem da import\u00e2ncia das estradas para a regi\u00e3o. Segundo os moradores, \u00e9 urgente a necessidade da implanta\u00e7\u00e3o de novos acessos ou da reforma dos j\u00e1 existentes para melhorar a movimenta\u00e7\u00e3o econ\u00f4mica e tur\u00edsticas no bioma e, principalmente, a qualidade de vida dos habitantes. \u201cFaz parte do cotidiano do [&hellip;]<\/p>\n","protected":false},"author":4,"featured_media":247959,"comment_status":"closed","ping_status":"closed","sticky":false,"template":"","format":"standard","meta":{"footnotes":""},"categories":[17],"tags":[],"class_list":["post-247958","post","type-post","status-publish","format-standard","has-post-thumbnail","hentry","category-agropecuaria"],"_links":{"self":[{"href":"https:\/\/www.ocorreionews.com.br\/acervo-correio\/index.php?rest_route=\/wp\/v2\/posts\/247958","targetHints":{"allow":["GET"]}}],"collection":[{"href":"https:\/\/www.ocorreionews.com.br\/acervo-correio\/index.php?rest_route=\/wp\/v2\/posts"}],"about":[{"href":"https:\/\/www.ocorreionews.com.br\/acervo-correio\/index.php?rest_route=\/wp\/v2\/types\/post"}],"author":[{"embeddable":true,"href":"https:\/\/www.ocorreionews.com.br\/acervo-correio\/index.php?rest_route=\/wp\/v2\/users\/4"}],"replies":[{"embeddable":true,"href":"https:\/\/www.ocorreionews.com.br\/acervo-correio\/index.php?rest_route=%2Fwp%2Fv2%2Fcomments&post=247958"}],"version-history":[{"count":1,"href":"https:\/\/www.ocorreionews.com.br\/acervo-correio\/index.php?rest_route=\/wp\/v2\/posts\/247958\/revisions"}],"predecessor-version":[{"id":247960,"href":"https:\/\/www.ocorreionews.com.br\/acervo-correio\/index.php?rest_route=\/wp\/v2\/posts\/247958\/revisions\/247960"}],"wp:featuredmedia":[{"embeddable":true,"href":"https:\/\/www.ocorreionews.com.br\/acervo-correio\/index.php?rest_route=\/wp\/v2\/media\/247959"}],"wp:attachment":[{"href":"https:\/\/www.ocorreionews.com.br\/acervo-correio\/index.php?rest_route=%2Fwp%2Fv2%2Fmedia&parent=247958"}],"wp:term":[{"taxonomy":"category","embeddable":true,"href":"https:\/\/www.ocorreionews.com.br\/acervo-correio\/index.php?rest_route=%2Fwp%2Fv2%2Fcategories&post=247958"},{"taxonomy":"post_tag","embeddable":true,"href":"https:\/\/www.ocorreionews.com.br\/acervo-correio\/index.php?rest_route=%2Fwp%2Fv2%2Ftags&post=247958"}],"curies":[{"name":"wp","href":"https:\/\/api.w.org\/{rel}","templated":true}]}}