{"id":247961,"date":"2023-08-09T07:29:57","date_gmt":"2023-08-09T11:29:57","guid":{"rendered":"https:\/\/www.ocorreionews.com.br\/acervo-correio\/?p=247961"},"modified":"2023-08-09T07:29:57","modified_gmt":"2023-08-09T11:29:57","slug":"paraiso-das-aguas-foi-contemplada-com-r-600-mil-de-emenda-do-ex-senador-moka-para-a-area-do-saneamento-basico","status":"publish","type":"post","link":"https:\/\/www.ocorreionews.com.br\/acervo-correio\/?p=247961","title":{"rendered":"Para\u00edso das \u00c1guas foi contemplada com R$ 600 mil de emenda do ex-senador Moka para a \u00e1rea do Saneamento B\u00e1sico"},"content":{"rendered":"<p>O ex-prefeito de Para\u00edso das \u00c1guas Ivan da Cruz Pereira (Xixi), atual coordenador regional do Governo de Mato Grosso do Sul, informou que o munic\u00edpio de Para\u00edso das \u00c1guas foi contemplado com o valor de R$ 600 mil (seiscentos mil reais) em recursos do Governo Federal, por meio do Minist\u00e9rio das Cidades, atrav\u00e9s da emenda parlamentar do ex-senador da Rep\u00fablica Waldemir Moka (MDB), para investimentos na \u00e1rea do Saneamento B\u00e1sico na Rua Neudi Roberto Tozzo e no Jardim Bom Jesus.<\/p>\n<p><img decoding=\"async\" src=\"https:\/\/www.bncnoticias.com.br\/arquivos\/img-uploads\/imagem_704.jpg\" data-pagespeed-url-hash=\"706484450\" \/><\/p>\n<p>Enquanto prefeito, em 2018, Ivan Xixi e os vereadores a \u00e9poca, estiveram em Bras\u00edlia (DF) pleiteando os recursos para este t\u00e3o importante investimento nesta \u00e1rea.<\/p>\n<p><img decoding=\"async\" src=\"https:\/\/www.bncnoticias.com.br\/arquivos\/img-uploads\/280xNximagem_705.jpg.pagespeed.ic.l420ldAcbl.webp\" data-pagespeed-url-hash=\"81510426\" \/><\/p>\n<p>&#8220;Naquela oportunidade, estivemos juntamente com o meu vice prefeito Ocesino de Oliveira, os vereadores, buscando este recurso, pessoalmente no gabinete do ent\u00e3o senador Waldemir Moka, onde agora, conclui o valor total de R$ 600 mil para o saneamento b\u00e1sico de nosso munic\u00edpio, inclusive na regi\u00e3o atendidas: Rua Neudi Roberto Tozzo e o bairro Jardim Bom Jesus. Ainda, aproveito para parabenizar ao prefeito Aniz\u00edo Andrade, Vice-prefeito Roberto Carlos, pela continuidade neste trabalho e foco na sa\u00fade p\u00fablica de qualidade. Temos a confirma\u00e7\u00e3o do que estamos falando, conforme comprova\u00e7\u00e3o em anexo&#8221;, informou.<\/p>\n<p><span style=\"font-family: Open Sans;\">Conforme a gerente de Conv\u00eanios Luciana Andreia Aimi, ainda falta o repasse do Governo Federal no valor de R$ 180 mil para pagamento da empresa que j\u00e1 executou a obra, ou seja, a obra deste recurso est\u00e1 conclu\u00edda, apenas aguardando o pagamento por por parte do Governo Federal.<\/span><\/p>\n<p><img decoding=\"async\" src=\"https:\/\/www.bncnoticias.com.br\/arquivos\/img-uploads\/imagem_702.jpg\" data-pagespeed-url-hash=\"117484608\" \/><\/p>\n<p><img decoding=\"async\" src=\"https:\/\/www.bncnoticias.com.br\/arquivos\/img-uploads\/imagem_703.jpg\" data-pagespeed-url-hash=\"411984529\" \/><\/p>\n","protected":false},"excerpt":{"rendered":"<p>O ex-prefeito de Para\u00edso das \u00c1guas Ivan da Cruz Pereira (Xixi), atual coordenador regional do Governo de Mato Grosso do Sul, informou que o munic\u00edpio de Para\u00edso das \u00c1guas foi contemplado com o valor de R$ 600 mil (seiscentos mil reais) em recursos do Governo Federal, por meio do Minist\u00e9rio das Cidades, atrav\u00e9s da emenda [&hellip;]<\/p>\n","protected":false},"author":4,"featured_media":247962,"comment_status":"closed","ping_status":"closed","sticky":false,"template":"","format":"standard","meta":{"footnotes":""},"categories":[36],"tags":[],"class_list":["post-247961","post","type-post","status-publish","format-standard","has-post-thumbnail","hentry","category-paraiso-das-aguas"],"_links":{"self":[{"href":"https:\/\/www.ocorreionews.com.br\/acervo-correio\/index.php?rest_route=\/wp\/v2\/posts\/247961","targetHints":{"allow":["GET"]}}],"collection":[{"href":"https:\/\/www.ocorreionews.com.br\/acervo-correio\/index.php?rest_route=\/wp\/v2\/posts"}],"about":[{"href":"https:\/\/www.ocorreionews.com.br\/acervo-correio\/index.php?rest_route=\/wp\/v2\/types\/post"}],"author":[{"embeddable":true,"href":"https:\/\/www.ocorreionews.com.br\/acervo-correio\/index.php?rest_route=\/wp\/v2\/users\/4"}],"replies":[{"embeddable":true,"href":"https:\/\/www.ocorreionews.com.br\/acervo-correio\/index.php?rest_route=%2Fwp%2Fv2%2Fcomments&post=247961"}],"version-history":[{"count":1,"href":"https:\/\/www.ocorreionews.com.br\/acervo-correio\/index.php?rest_route=\/wp\/v2\/posts\/247961\/revisions"}],"predecessor-version":[{"id":247963,"href":"https:\/\/www.ocorreionews.com.br\/acervo-correio\/index.php?rest_route=\/wp\/v2\/posts\/247961\/revisions\/247963"}],"wp:featuredmedia":[{"embeddable":true,"href":"https:\/\/www.ocorreionews.com.br\/acervo-correio\/index.php?rest_route=\/wp\/v2\/media\/247962"}],"wp:attachment":[{"href":"https:\/\/www.ocorreionews.com.br\/acervo-correio\/index.php?rest_route=%2Fwp%2Fv2%2Fmedia&parent=247961"}],"wp:term":[{"taxonomy":"category","embeddable":true,"href":"https:\/\/www.ocorreionews.com.br\/acervo-correio\/index.php?rest_route=%2Fwp%2Fv2%2Fcategories&post=247961"},{"taxonomy":"post_tag","embeddable":true,"href":"https:\/\/www.ocorreionews.com.br\/acervo-correio\/index.php?rest_route=%2Fwp%2Fv2%2Ftags&post=247961"}],"curies":[{"name":"wp","href":"https:\/\/api.w.org\/{rel}","templated":true}]}}