{"id":247964,"date":"2023-08-09T07:34:50","date_gmt":"2023-08-09T11:34:50","guid":{"rendered":"https:\/\/www.ocorreionews.com.br\/acervo-correio\/?p=247964"},"modified":"2023-08-09T09:44:29","modified_gmt":"2023-08-09T13:44:29","slug":"motocross-de-olho-em-etapa-em-paraiso-das-aguas-pilotos-fizeram-bonito-em-etapa-estadual","status":"publish","type":"post","link":"https:\/\/www.ocorreionews.com.br\/acervo-correio\/?p=247964","title":{"rendered":"Pilotos de Para\u00edso das \u00c1guas fizeram bonito em etapa do Estadual de Motocross"},"content":{"rendered":"<p>No \u00faltimo domingo (06), aconteceu na cidade de Sonora (MS), a 6\u00aa Etapa Estadual de Motocross 2023 e mais uma vez, os pilotos de Para\u00edso das \u00c1guas fizeram uma brilhante apresenta\u00e7\u00e3o e se dedicaram.<\/p>\n<p>Os tr\u00eas competidores de Para\u00edso das \u00c1guas\u00a0Fabr\u00edcio Goes, Rhoan Pablo e Andr\u00e9 Luiz j\u00e1\u00a0 est\u00e3o de olho nas pr\u00f3ximas etapas e principalmente, em fazer bonito em casa, no m\u00eas de outubro, quando est\u00e1 prevista a etapa no munic\u00edpio.<\/p>\n<p>O presidente da C\u00e2mara Municipal de Para\u00edso das \u00c1guas, vereador Edson Prechlak de Lima, que \u00e9 pai dos pilotos Rhoan Pablo e Andr\u00e9 Luiz, faz quest\u00e3o de acompanha-los, incentiva-los e apoia-los no esporte em que \u00e9 o grande hobby para eles.<\/p>\n<p>O barbeiro Fabr\u00edcio Goes, que tamb\u00e9m carrega na &#8220;veia\u201d a pr\u00e1tica do esporte, participa h\u00e1 anos e j\u00e1 coleciona t\u00edtulos.<\/p>\n<p>Confira a classifica\u00e7\u00e3o dos pilotos na 6\u00aa Etapa Estadual de Motocross na cidade de Sonora:<\/p>\n<ul>\n<li>Rhoan Pablo 4\u00aa colocado na categoria Junior<\/li>\n<li>Fabr\u00edcio Goes 5\u00aa colocado na categoria Nacional Livre<\/li>\n<li>Andr\u00e9 Luiz\u00a05\u00aa colocado na categoria Nacional Pro<\/li>\n<li>Fabr\u00edcio Goes 3\u00aa colocado na Categoria Nacional\u00a0 Pro<\/li>\n<\/ul>\n<p><img decoding=\"async\" class=\"mfp-img\" src=\"https:\/\/www.bncnoticias.com.br\/arquivos\/noticias\/15918\/galeria\/FB_IMG_1691503567915.jpg\" alt=\"\" \/><\/p>\n<p><em>*Com informa\u00e7\u00f5es de BNC Not\u00edcias<\/em><\/p>\n","protected":false},"excerpt":{"rendered":"<p>No \u00faltimo domingo (06), aconteceu na cidade de Sonora (MS), a 6\u00aa Etapa Estadual de Motocross 2023 e mais uma vez, os pilotos de Para\u00edso das \u00c1guas fizeram uma brilhante apresenta\u00e7\u00e3o e se dedicaram. Os tr\u00eas competidores de Para\u00edso das \u00c1guas\u00a0Fabr\u00edcio Goes, Rhoan Pablo e Andr\u00e9 Luiz j\u00e1\u00a0 est\u00e3o de olho nas pr\u00f3ximas etapas e [&hellip;]<\/p>\n","protected":false},"author":4,"featured_media":247965,"comment_status":"closed","ping_status":"closed","sticky":false,"template":"","format":"standard","meta":{"footnotes":""},"categories":[29,36],"tags":[],"class_list":["post-247964","post","type-post","status-publish","format-standard","has-post-thumbnail","hentry","category-esporte","category-paraiso-das-aguas"],"_links":{"self":[{"href":"https:\/\/www.ocorreionews.com.br\/acervo-correio\/index.php?rest_route=\/wp\/v2\/posts\/247964","targetHints":{"allow":["GET"]}}],"collection":[{"href":"https:\/\/www.ocorreionews.com.br\/acervo-correio\/index.php?rest_route=\/wp\/v2\/posts"}],"about":[{"href":"https:\/\/www.ocorreionews.com.br\/acervo-correio\/index.php?rest_route=\/wp\/v2\/types\/post"}],"author":[{"embeddable":true,"href":"https:\/\/www.ocorreionews.com.br\/acervo-correio\/index.php?rest_route=\/wp\/v2\/users\/4"}],"replies":[{"embeddable":true,"href":"https:\/\/www.ocorreionews.com.br\/acervo-correio\/index.php?rest_route=%2Fwp%2Fv2%2Fcomments&post=247964"}],"version-history":[{"count":3,"href":"https:\/\/www.ocorreionews.com.br\/acervo-correio\/index.php?rest_route=\/wp\/v2\/posts\/247964\/revisions"}],"predecessor-version":[{"id":247998,"href":"https:\/\/www.ocorreionews.com.br\/acervo-correio\/index.php?rest_route=\/wp\/v2\/posts\/247964\/revisions\/247998"}],"wp:featuredmedia":[{"embeddable":true,"href":"https:\/\/www.ocorreionews.com.br\/acervo-correio\/index.php?rest_route=\/wp\/v2\/media\/247965"}],"wp:attachment":[{"href":"https:\/\/www.ocorreionews.com.br\/acervo-correio\/index.php?rest_route=%2Fwp%2Fv2%2Fmedia&parent=247964"}],"wp:term":[{"taxonomy":"category","embeddable":true,"href":"https:\/\/www.ocorreionews.com.br\/acervo-correio\/index.php?rest_route=%2Fwp%2Fv2%2Fcategories&post=247964"},{"taxonomy":"post_tag","embeddable":true,"href":"https:\/\/www.ocorreionews.com.br\/acervo-correio\/index.php?rest_route=%2Fwp%2Fv2%2Ftags&post=247964"}],"curies":[{"name":"wp","href":"https:\/\/api.w.org\/{rel}","templated":true}]}}