{"id":247978,"date":"2023-08-09T08:01:44","date_gmt":"2023-08-09T12:01:44","guid":{"rendered":"https:\/\/www.ocorreionews.com.br\/acervo-correio\/?p=247978"},"modified":"2023-08-09T08:01:44","modified_gmt":"2023-08-09T12:01:44","slug":"curso-gratuito-de-faixa-pantaneira-promove-emprego-e-renda-na-rica-trama-em-costa-rica","status":"publish","type":"post","link":"https:\/\/www.ocorreionews.com.br\/acervo-correio\/?p=247978","title":{"rendered":"Curso gratuito de Faixa Pantaneira promove emprego e renda na Rica Trama em Costa Rica"},"content":{"rendered":"<div class=\"ntc_cont_descricao_noticia sw_txteditor\">A Prefeitura de Costa Rica deu in\u00edcio nesta ter\u00e7a-feira (8), ao curso de Faixa Pantaneira no Projeto Rica Trama. A Faixa Pantaneira, s\u00edmbolo raiz de Mato Grosso do Sul, est\u00e1 gerando emprego e renda para a regi\u00e3o. O curso acontece na Rica Trama e est\u00e1 ensinando a arte do tear para pessoas interessadas em criar esse produto que ficou famoso ap\u00f3s a novela Pantanal.<\/p>\n<p>Para a secret\u00e1ria de Assist\u00eancia Social, Evair Gomes Nogueira, a confec\u00e7\u00e3o da Faixa Pantaneira vai gerar emprego e renda para as mulheres da Rica Trama e para a comunidade em geral. \u201c\u00c9 de extrema import\u00e2ncia ver as pessoas se beneficiarem dessa oportunidade de desenvolvimento pessoal e profissional. N\u00e3o damos o peixe e sim, ensinamos a pescar. Estamos promovendo independ\u00eancia, empoderamento e autossufici\u00eancia\u201d, disse.<\/p><\/div>\n<div class=\"ntc_cont_descricao_noticia sw_txteditor\"><img loading=\"lazy\" decoding=\"async\" class=\"alignnone size-full wp-image-247980\" src=\"https:\/\/www.ocorreionews.com.br\/acervo-correio\/wp-content\/uploads\/2023\/08\/faixa-pantaneira2.jpg\" alt=\"\" width=\"800\" height=\"600\" srcset=\"https:\/\/www.ocorreionews.com.br\/acervo-correio\/wp-content\/uploads\/2023\/08\/faixa-pantaneira2.jpg 800w, https:\/\/www.ocorreionews.com.br\/acervo-correio\/wp-content\/uploads\/2023\/08\/faixa-pantaneira2-300x225.jpg 300w, https:\/\/www.ocorreionews.com.br\/acervo-correio\/wp-content\/uploads\/2023\/08\/faixa-pantaneira2-768x576.jpg 768w, https:\/\/www.ocorreionews.com.br\/acervo-correio\/wp-content\/uploads\/2023\/08\/faixa-pantaneira2-86x64.jpg 86w\" sizes=\"auto, (max-width: 800px) 100vw, 800px\" \/><\/p>\n<p>De acordo com a coordenadora do Projeto Rica Trama, Rute Corr\u00eaa Amorim, o curso \u00e9 gratuito e vai at\u00e9 a pr\u00f3xima sexta-feira, 11 de agosto. A Faixa Pantaneira \u00e9 um dos s\u00edmbolos mais importantes do estado de MS e ganhou destaque ap\u00f3s a exibi\u00e7\u00e3o da novela Pantanal na Rede Globo. Atualmente, ela \u00e9 feita como adere\u00e7os personalizados em bolsas, chap\u00e9us, carteiras, roupas e at\u00e9 mesmo agendas. Al\u00e9m de ser um item que d\u00e1 personalidade \u00e0s pessoas, a confec\u00e7\u00e3o da Faixa Pantaneira tamb\u00e9m promove uma mudan\u00e7a de vida, gerando emprego e renda para mulheres da Rica Trama.<\/p>\n<p>O curso \u00e9 oferecido pela Prefeitura de Costa Rica, Secretaria de Assist\u00eancia Social por meio do Projeto Rica Trama, atrav\u00e9s de uma parceria com o SENAR\/AR-MS (Servi\u00e7o Nacional de Aprendizagem Rural de MS) e o Sindicato Rural de Costa Rica. Os alunos receber\u00e3o um certificado emitido pelo SENAR, v\u00e1lido em todo o territ\u00f3rio nacional.<\/p>\n<p>O professor Sin\u00e9sio Gome ressaltou a import\u00e2ncia do curso e das parcerias para oferecer oportunidades para a popula\u00e7\u00e3o. Ele explicou que o curso tem dura\u00e7\u00e3o de 32 horas, com a participa\u00e7\u00e3o de 8 pessoas. O objetivo \u00e9 resgatar a cultura da Faixa Paraguaia, que foi adotada como Faixa Pantaneira na cultura sul-mato-grossense. O curso foi aberto para toda a comunidade participar.<\/p>\n<p>A confec\u00e7\u00e3o da Faixa Pantaneira \u00e9 um trabalho totalmente artesanal, feito com teares de madeira, barbantes e muita habilidade. O objetivo \u00e9 trazer algo novo, resgatando a cultura local e promovendo o empreendedorismo no campo. \u00c9 necess\u00e1rio ter resili\u00eancia, flexibilidade, organiza\u00e7\u00e3o, persuas\u00e3o e ambi\u00e7\u00e3o. Al\u00e9m disso, \u00e9 importante saber identificar oportunidades de mercado, agregar valor ao produto e investir nas t\u00e9cnicas de produ\u00e7\u00e3o.<\/p>\n<p>O curso de Faixa Pantaneira proporciona uma oportunidade de aprendizado e de gera\u00e7\u00e3o de renda para a popula\u00e7\u00e3o de Costa Rica. O resgate cultural e a valoriza\u00e7\u00e3o do artesanato local s\u00e3o fundamentais para promover o desenvolvimento da comunidade e preservar a tradi\u00e7\u00e3o da Faixa Pantaneira, um s\u00edmbolo t\u00e3o importante para Mato Grosso do Sul.\n<\/p><\/div>\n<div class=\"ntc_area_info_noticia sw_lato\">\n<div>\n<div class=\"ntc_info_noticia\"><strong class=\"sw_lato_black\">Fonte: <\/strong>Assessoria de Comunica\u00e7\u00e3o \/ PMCR<\/div>\n<\/div>\n<\/div>\n","protected":false},"excerpt":{"rendered":"<p>A Prefeitura de Costa Rica deu in\u00edcio nesta ter\u00e7a-feira (8), ao curso de Faixa Pantaneira no Projeto Rica Trama. A Faixa Pantaneira, s\u00edmbolo raiz de Mato Grosso do Sul, est\u00e1 gerando emprego e renda para a regi\u00e3o. O curso acontece na Rica Trama e est\u00e1 ensinando a arte do tear para pessoas interessadas em criar [&hellip;]<\/p>\n","protected":false},"author":4,"featured_media":247979,"comment_status":"closed","ping_status":"closed","sticky":false,"template":"","format":"standard","meta":{"footnotes":""},"categories":[25],"tags":[],"class_list":["post-247978","post","type-post","status-publish","format-standard","has-post-thumbnail","hentry","category-costa-rica"],"_links":{"self":[{"href":"https:\/\/www.ocorreionews.com.br\/acervo-correio\/index.php?rest_route=\/wp\/v2\/posts\/247978","targetHints":{"allow":["GET"]}}],"collection":[{"href":"https:\/\/www.ocorreionews.com.br\/acervo-correio\/index.php?rest_route=\/wp\/v2\/posts"}],"about":[{"href":"https:\/\/www.ocorreionews.com.br\/acervo-correio\/index.php?rest_route=\/wp\/v2\/types\/post"}],"author":[{"embeddable":true,"href":"https:\/\/www.ocorreionews.com.br\/acervo-correio\/index.php?rest_route=\/wp\/v2\/users\/4"}],"replies":[{"embeddable":true,"href":"https:\/\/www.ocorreionews.com.br\/acervo-correio\/index.php?rest_route=%2Fwp%2Fv2%2Fcomments&post=247978"}],"version-history":[{"count":1,"href":"https:\/\/www.ocorreionews.com.br\/acervo-correio\/index.php?rest_route=\/wp\/v2\/posts\/247978\/revisions"}],"predecessor-version":[{"id":247981,"href":"https:\/\/www.ocorreionews.com.br\/acervo-correio\/index.php?rest_route=\/wp\/v2\/posts\/247978\/revisions\/247981"}],"wp:featuredmedia":[{"embeddable":true,"href":"https:\/\/www.ocorreionews.com.br\/acervo-correio\/index.php?rest_route=\/wp\/v2\/media\/247979"}],"wp:attachment":[{"href":"https:\/\/www.ocorreionews.com.br\/acervo-correio\/index.php?rest_route=%2Fwp%2Fv2%2Fmedia&parent=247978"}],"wp:term":[{"taxonomy":"category","embeddable":true,"href":"https:\/\/www.ocorreionews.com.br\/acervo-correio\/index.php?rest_route=%2Fwp%2Fv2%2Fcategories&post=247978"},{"taxonomy":"post_tag","embeddable":true,"href":"https:\/\/www.ocorreionews.com.br\/acervo-correio\/index.php?rest_route=%2Fwp%2Fv2%2Ftags&post=247978"}],"curies":[{"name":"wp","href":"https:\/\/api.w.org\/{rel}","templated":true}]}}