{"id":247989,"date":"2023-08-09T09:07:40","date_gmt":"2023-08-09T13:07:40","guid":{"rendered":"https:\/\/www.ocorreionews.com.br\/acervo-correio\/?p=247989"},"modified":"2023-08-09T09:07:40","modified_gmt":"2023-08-09T13:07:40","slug":"chapadao-do-sul-marca-presenca-no-maior-evento-de-politicas-publicas-do-pais-fortalecendo-os-pequenos-negocios-locais","status":"publish","type":"post","link":"https:\/\/www.ocorreionews.com.br\/acervo-correio\/?p=247989","title":{"rendered":"Chapad\u00e3o do Sul marca presen\u00e7a no maior evento de Pol\u00edticas P\u00fablicas do Pa\u00eds, fortalecendo os pequenos neg\u00f3cios locais"},"content":{"rendered":"<p style=\"font-weight: 400;\">A Prefeitura de Chapad\u00e3o do Sul, demonstrou seu compromisso com o desenvolvimento econ\u00f4mico local ao enviar representantes para participar em um importante evento de capacita\u00e7\u00e3o promovido pelo Sebrae Nacional. Karine Francisquette, Diretora da Sala do Empreendedor, e Francine Maurer, Fiscal de Posturas, representaram o munic\u00edpio no evento &#8220;Transformar Juntos&#8221;, realizado em Bras\u00edlia.<\/p>\n<p style=\"font-weight: 400;\">O &#8220;Transformar Juntos&#8221; \u00e9 considerado o maior evento do pa\u00eds na \u00e1rea de pol\u00edticas p\u00fablicas e teve como objetivo capacitar servidores, gestores p\u00fablicos e profissionais envolvidos, al\u00e9m de estimular discuss\u00f5es para a melhoria do ambiente de neg\u00f3cios em todo o pa\u00eds. A participa\u00e7\u00e3o das servidoras de Chapad\u00e3o do Sul foi viabilizada por meio de uma caravana organizada pelo Sebrae\/MS, que reuniu representantes de 33 munic\u00edpios do Estado.<\/p>\n<p style=\"font-weight: 400;\">Durante o evento, foram promovidos debates, palestras e pain\u00e9is sobre temas relevantes para o desenvolvimento econ\u00f4mico, como compras p\u00fablicas, desburocratiza\u00e7\u00e3o, inova\u00e7\u00e3o, sustentabilidade e boas pr\u00e1ticas implementadas nos munic\u00edpios brasileiros. As servidoras tiveram a oportunidade de adquirir novos conhecimentos e compartilhar experi\u00eancias com profissionais de diversas regi\u00f5es do pa\u00eds.<\/p>\n<p style=\"font-weight: 400;\">A participa\u00e7\u00e3o no evento foi extremamente valiosa tanto para as servidoras quanto para a Prefeitura de Chapad\u00e3o do Sul. Karine Francisquette, Diretora da Sala do Empreendedor, enfatizou a import\u00e2ncia do conte\u00fado apresentado: &#8220;Este evento foi um marco para o meu trabalho como agente de desenvolvimento. Cada t\u00f3pico abordado foi enriquecedor e me sinto revigorada para contribuir ainda mais com o progresso da minha cidade&#8221;.<\/p>\n<p style=\"font-weight: 400;\">Por outro lado, Francine Maurer, Fiscal de Posturas, destacou a relev\u00e2ncia das atualiza\u00e7\u00f5es relacionadas \u00e0 desburocratiza\u00e7\u00e3o: &#8220;Os conhecimentos adquiridos neste evento ser\u00e3o extremamente \u00fateis no meu ambiente de trabalho, pois tive a oportunidade de conhecer novas ferramentas e tecnologias em desenvolvimento. Foi uma experi\u00eancia enriquecedora que certamente ir\u00e1 aprimorar o meu trabalho em benef\u00edcio do munic\u00edpio&#8221;<\/p>\n<p style=\"font-weight: 400;\">A participa\u00e7\u00e3o das servidoras de Chapad\u00e3o do Sul no evento refor\u00e7a o compromisso da Prefeitura com o fortalecimento dos pequenos neg\u00f3cios e o desenvolvimento econ\u00f4mico local. O munic\u00edpio \u00e9 apoiado pelo programa Cidade Empreendedora do Sebrae\/MS, que oferece consultoria nas \u00e1reas de Desburocratiza\u00e7\u00e3o e Compras P\u00fablicas, visando melhorar o ambiente de neg\u00f3cios e incentivar a participa\u00e7\u00e3o do com\u00e9rcio local em licita\u00e7\u00f5es p\u00fablicas.<\/p>\n<p style=\"font-weight: 400;\">Al\u00e9m de Chapad\u00e3o do Sul, outros 36 munic\u00edpios do Mato Grosso do Sul s\u00e3o apoiados pelo programa Cidade Empreendedora, que busca promover o empreendedorismo e o desenvolvimento econ\u00f4mico em todo o estado. A participa\u00e7\u00e3o no evento &#8220;Transformar Juntos&#8221; fortalece ainda mais essa parceria, possibilitando a troca de conhecimentos e experi\u00eancias entre os gestores p\u00fablicos e servidores municipais.<\/p>\n<p>&nbsp;<\/p>\n<p>&nbsp;<\/p>\n<p>*Assecom PMCS<\/p>\n","protected":false},"excerpt":{"rendered":"<p>A Prefeitura de Chapad\u00e3o do Sul, demonstrou seu compromisso com o desenvolvimento econ\u00f4mico local ao enviar representantes para participar em um importante evento de capacita\u00e7\u00e3o promovido pelo Sebrae Nacional. Karine Francisquette, Diretora da Sala do Empreendedor, e Francine Maurer, Fiscal de Posturas, representaram o munic\u00edpio no evento &#8220;Transformar Juntos&#8221;, realizado em Bras\u00edlia. O &#8220;Transformar Juntos&#8221; [&hellip;]<\/p>\n","protected":false},"author":5,"featured_media":247991,"comment_status":"closed","ping_status":"closed","sticky":false,"template":"","format":"standard","meta":{"footnotes":""},"categories":[23],"tags":[],"class_list":["post-247989","post","type-post","status-publish","format-standard","has-post-thumbnail","hentry","category-chapadao-do-sul"],"_links":{"self":[{"href":"https:\/\/www.ocorreionews.com.br\/acervo-correio\/index.php?rest_route=\/wp\/v2\/posts\/247989","targetHints":{"allow":["GET"]}}],"collection":[{"href":"https:\/\/www.ocorreionews.com.br\/acervo-correio\/index.php?rest_route=\/wp\/v2\/posts"}],"about":[{"href":"https:\/\/www.ocorreionews.com.br\/acervo-correio\/index.php?rest_route=\/wp\/v2\/types\/post"}],"author":[{"embeddable":true,"href":"https:\/\/www.ocorreionews.com.br\/acervo-correio\/index.php?rest_route=\/wp\/v2\/users\/5"}],"replies":[{"embeddable":true,"href":"https:\/\/www.ocorreionews.com.br\/acervo-correio\/index.php?rest_route=%2Fwp%2Fv2%2Fcomments&post=247989"}],"version-history":[{"count":1,"href":"https:\/\/www.ocorreionews.com.br\/acervo-correio\/index.php?rest_route=\/wp\/v2\/posts\/247989\/revisions"}],"predecessor-version":[{"id":247993,"href":"https:\/\/www.ocorreionews.com.br\/acervo-correio\/index.php?rest_route=\/wp\/v2\/posts\/247989\/revisions\/247993"}],"wp:featuredmedia":[{"embeddable":true,"href":"https:\/\/www.ocorreionews.com.br\/acervo-correio\/index.php?rest_route=\/wp\/v2\/media\/247991"}],"wp:attachment":[{"href":"https:\/\/www.ocorreionews.com.br\/acervo-correio\/index.php?rest_route=%2Fwp%2Fv2%2Fmedia&parent=247989"}],"wp:term":[{"taxonomy":"category","embeddable":true,"href":"https:\/\/www.ocorreionews.com.br\/acervo-correio\/index.php?rest_route=%2Fwp%2Fv2%2Fcategories&post=247989"},{"taxonomy":"post_tag","embeddable":true,"href":"https:\/\/www.ocorreionews.com.br\/acervo-correio\/index.php?rest_route=%2Fwp%2Fv2%2Ftags&post=247989"}],"curies":[{"name":"wp","href":"https:\/\/api.w.org\/{rel}","templated":true}]}}