{"id":247990,"date":"2023-08-09T09:14:08","date_gmt":"2023-08-09T13:14:08","guid":{"rendered":"https:\/\/www.ocorreionews.com.br\/acervo-correio\/?p=247990"},"modified":"2023-08-09T09:14:08","modified_gmt":"2023-08-09T13:14:08","slug":"19o-subgrupamento-de-bombeiros-militar-em-costa-rica-tem-novo-comandante","status":"publish","type":"post","link":"https:\/\/www.ocorreionews.com.br\/acervo-correio\/?p=247990","title":{"rendered":"19\u00ba Subgrupamento de Bombeiros Militar em Costa Rica tem novo comandante"},"content":{"rendered":"<p>Na \u00faltima sexta-feira (4), foi realizada em Costa Rica a solenidade de passagem de comando do 19\u00ba Subgrupamento de Bombeiros Militar Independente. O evento aconteceu no p\u00e1tio da unidade e contou com a presen\u00e7a de autoridades e familiares dos comandantes.<\/p>\n<p>O comandante-geral do Corpo de Bombeiros Militar do estado de MS, coronel Frederico Reis Pouso Salas, exonerou por necessidade do servi\u00e7o o capit\u00e3o Samuel Pedrozo Borges do cargo de comandante do 19\u00ba SGBM Independente em Costa Rica, a partir de 04 de agosto de 2023. Em seu lugar, foi nomeado o capit\u00e3o Evaldo Nunes de Oliveira para assumir a fun\u00e7\u00e3o de comandante do 19\u00ba Subgrupamento de Bombeiros Militar em Costa Rica, a partir da mesma data. Durante a cerim\u00f4nia, foi feita a leitura do curr\u00edculo do novo comandante.<\/p>\n<p><img loading=\"lazy\" decoding=\"async\" class=\"imgcentraliza aligncenter\" src=\"https:\/\/www.costarica.ms.gov.br\/fotos\/d5fc7ea10fb4c02b0a462f177431584f.jpg\" alt=\"Foto Noticia Principal Grande\" width=\"601\" height=\"451\" \/><\/p>\n<p>A cerim\u00f4nia teve ainda como destaque a inaugura\u00e7\u00e3o do retrato do capit\u00e3o Samuel Pedrozo Borges na galeria de comandantes. Essa galeria tem como objetivo preservar a hist\u00f3ria e as tradi\u00e7\u00f5es militares, sendo uma forma de homenagear aqueles que se dedicaram ao comando da unidade. Al\u00e9m disso, serve como uma fonte de inspira\u00e7\u00e3o para o atual comandante, que pode contar com a sabedoria e experi\u00eancia dos seus antecessores.<\/p>\n<p><img loading=\"lazy\" decoding=\"async\" class=\"imgcentraliza aligncenter\" src=\"https:\/\/www.costarica.ms.gov.br\/fotos\/7dac4c417fe301f77db5d6dde4f8a490.jpg\" alt=\"Foto Noticia Principal Grande\" width=\"601\" height=\"451\" \/><\/p>\n<p>O comandante que assumiu o cargo, capit\u00e3o Evaldo Nunes de Oliveira, conduziu a inaugura\u00e7\u00e3o do retrato do capit\u00e3o Pedrozo. Durante o evento, houve tamb\u00e9m a troca de lembran\u00e7as entre as esposas dos dois comandantes, Let\u00edcia Martins Ayres Ferreira e Bruna Fonseca Faria Pedrozo, como forma de agradecimento e boas-vindas.<\/p>\n<p>O vice-prefeito Roni Cota participou da solenidade e destacou a import\u00e2ncia do corpo de bombeiros em Costa Rica, reconhecendo que o capit\u00e3o Pedrozo liderou e contribuiu para a seguran\u00e7a e bem-estar da comunidade. \u201cParabenizo os comandantes sucedido e sucessor, bombeiros e suas fam\u00edlias e agrade\u00e7o pela atua\u00e7\u00e3o incans\u00e1vel, pelo compromisso e a dedica\u00e7\u00e3o em garantir a seguran\u00e7a da popula\u00e7\u00e3o de Costa Rica. Continuaremos a valorizar e apoiar o trabalho do corpo de bombeiros para o bem-estar da nossa cidade.\u201d, disse o gestor.<\/p>\n<p>O cerimonial agradeceu os pr\u00e9stimos do comandante-geral do Corpo de Bombeiros Militar do estado de MS, coronel Frederico Reis Pouso Salas, e o comandante de Bombeiros do Interior, coronel Denny Augusto Ferreira Cavalcanti. Tamb\u00e9m o capit\u00e3o Samuel Pedrozo Borges, comandante sucedido, e o capit\u00e3o Evaldo Nunes de Oliveira, comandante sucessor do 19\u00ba Subgrupamento.<\/p>\n<p>Durante a solenidade, foram prestadas as honras militares ao comandante do CBMMS. Houve ainda o canto da can\u00e7\u00e3o do CBMMS, com letra e m\u00fasica do soldado Orivaldo de Medeiros, com arranjo e reg\u00eancia do primeiro tenente Waldevino Gomes Pinheiro.<\/p>\n<div class=\"ntc_cont_descricao_noticia sw_txteditor\">A bandeira nacional foi conduzida pelo 2\u00ba tenente Gustavo Erich de Paula Recalde. O capit\u00e3o Pedrozo e o novo comandante, capit\u00e3o Nunes, apresentaram-se ao comandante de Bombeiros do Interior.<\/p>\n<p>O\u00a0novo comandante, capit\u00e3o Evaldo Nunes de Oliveira destacou a import\u00e2ncia de dar continuidade \u00e0s a\u00e7\u00f5es j\u00e1 realizadas e afirmou que a popula\u00e7\u00e3o pode confiar no trabalho do Corpo de Bombeiros Militar.<\/p>\n<p>Diversas autoridades civis e militares tamb\u00e9m estiveram presentes no evento, como a secret\u00e1ria de educa\u00e7\u00e3o Maria Aparecida Francisca de Souza Almeida e representantes da C\u00e2mara de Vereadores. Al\u00e9m disso, estiveram presentes promotores de justi\u00e7a, comandantes da Pol\u00edcia Militar e da Pol\u00edcia Militar Ambiental, e o delegado de Pol\u00edcia Civil de Costa Rica.<\/p>\n<p>Ap\u00f3s a solenidade, foi servido um almo\u00e7o aos presentes nas depend\u00eancias do quartel para fortalecer os la\u00e7os entre todos e proporcionar momentos de confraterniza\u00e7\u00e3o e integra\u00e7\u00e3o desse momento especial. A passagem de comando do 19\u00ba Subgrupamento de Bombeiros Militar Independente em Costa Rica foi marcada por momentos de homenagens, emo\u00e7\u00e3o e expectativa para a nova gest\u00e3o.<\/p><\/div>\n<div class=\"ntc_cont_descricao_noticia sw_txteditor\"><img loading=\"lazy\" decoding=\"async\" class=\"imgcentraliza aligncenter\" src=\"https:\/\/www.costarica.ms.gov.br\/fotos\/b4714300279297d706850e9b59a94406.jpg\" alt=\"Foto Noticia Principal Grande\" width=\"599\" height=\"449\" \/><\/p>\n<p><strong>Resumo do Discurso do capit\u00e3o Pedrozo<\/strong><\/p>\n<p>No seu discurso de despedida, o ex-comandante do 19\u00ba Subgrupamento de Bombeiros Militar Independente de Costa Rica, capit\u00e3o Samuel Pedrozo Borges, expressou sua emo\u00e7\u00e3o ao encerrar seu per\u00edodo de comando e o amor pela cidade e sua gente. Ele destacou a import\u00e2ncia de ser um aluno na universidade da vida, enfatizando a necessidade de aprender constantemente.<\/p>\n<p>Em vez de falar sobre seu pr\u00f3prio legado, o comandante enalteceu o legado da unidade e como ela ser\u00e1 lembrada. Ele mencionou a honra de comandar uma unidade que pertence ao povo de Costa Rica, Alcin\u00f3polis e Figueir\u00e3o. Durante seus 4 anos, 6 meses e 24 dias de comando, ele buscou constantemente conhecimento, pedindo a Deus sa\u00fade, sabedoria e paci\u00eancia. Ele destacou a import\u00e2ncia de buscar a excel\u00eancia para servir bem a sociedade como bombeiro militar.<\/p>\n<p>Ao longo de sua jornada, ele valorizou as li\u00e7\u00f5es aprendidas, o desenvolvimento da intelig\u00eancia emocional, resili\u00eancia e paci\u00eancia. Ele agradeceu a Deus, sua fam\u00edlia, a popula\u00e7\u00e3o dos munic\u00edpios, os bombeiros militares, o executivo e legislativo municipal, o comandante anterior, o comandante de bombeiros do interior, o comandante geral e outros coron\u00e9is do CBI. Ele agradeceu especialmente ao Corpo de Bombeiros Militar do Estado de Mato Grosso do Sul por todas as oportunidades e experi\u00eancias proporcionadas. Por fim, ele desejou ao Capit\u00e3o Nunes, seu colega de turma, sucesso no comando e agradeceu a todos, desejando que fiquem com Deus.<\/p>\n<p><strong>Biografia do novo comandante capit\u00e3o Nunes<\/strong><\/p>\n<p>Evaldo Nunes de Oliveira, nascido na cidade de Gl\u00f3ria de Dourados \u2013 MS, \u00e9 o novo comandante do 19\u00ba Subgrupamento de Bombeiros Militar Independente de Costa Rica\/MS. Ele \u00e9 filho de Livaldo Antonio de Oliveira e Rosimar Nunes de Oliveira e \u00e9 casado com Let\u00edcia Martins Ayres Ferreira.<\/p>\n<p>Evaldo ingressou nas fileiras do Corpo de Bombeiros Militar de Mato Grosso do Sul em 1\u00ba de setembro de 2010, na condi\u00e7\u00e3o de aluno soldado bombeiro militar. Em 5 de maio de 2014, iniciou o curso de forma\u00e7\u00e3o de oficiais e foi promovido ao posto atual de Capit\u00e3o Bombeiro Militar em 25 de setembro de 2021.<\/p>\n<p>Em rela\u00e7\u00e3o \u00e0 sua forma\u00e7\u00e3o militar, ele concluiu o Curso de Forma\u00e7\u00e3o de Soldados no per\u00edodo de 2010 a 2011 no CFAP\/CBMMS. Em seguida, realizou o Curso de Forma\u00e7\u00e3o de Oficiais de 2014 a 2016 na ABM\/CBMGO. Al\u00e9m disso, ele tamb\u00e9m concluiu o Curso B\u00e1sico de Atendimento a Emerg\u00eancias Qu\u00edmicas em 2016 no CBMES, o Curso de Especializa\u00e7\u00e3o em Salvamento em Altura (CESALT) em 2019 no CBMDF e o Curso de Especializa\u00e7\u00e3o em Negocia\u00e7\u00e3o de Crises Bombeiro Militar em 2022 no CBMPR.<\/p>\n<p>No que diz respeito \u00e0 sua forma\u00e7\u00e3o acad\u00eamica, ele \u00e9 bacharel em Ci\u00eancias Biol\u00f3gicas pela UFMS, concluindo o curso em 2009.<\/p>\n<p>Em sua experi\u00eancia profissional, Evaldo atuou como instrutor das disciplinas de salvamento terrestre, atendimento com produtos perigosos, processo de preven\u00e7\u00e3o contra inc\u00eandio e p\u00e2nico, ci\u00eancias aplicadas \u00e0 atividade bombeiro militar. Atualmente, exerce a fun\u00e7\u00e3o de instrutor de salvamento em altura.<\/p>\n<p>No CBMMS, ele serviu como soldado BM no 2\u00baSGBM do 6\u00baGBM em Campo Grande entre 2011 e 2014. Posteriormente, atuou na Diretoria de An\u00e1lise T\u00e9cnica como analista de PSCIP entre 2016 e 2021. Atualmente, est\u00e1 lotado na Academia de Bombeiros Militar, exercendo as fun\u00e7\u00f5es de comandante da Escola Superior de Bombeiros e subcomandante da ABM.<\/p>\n<p><strong>19\u00ba SGBM Independente em Costa Rica<\/strong><\/p>\n<p>Inaugurado em 29 de novembro de 2014, o 19\u00ba SGBM est\u00e1 localizado na Rua Josina Garcia de Melo, 1650, Bairro: Sonho Meu III, Costa Rica\/MS.<\/p>\n<p>Contato\/ Fax: (67) 3247-4199\/3888<\/p>\n<p>O 19\u00ba SGBM \u00e9 respons\u00e1vel ainda pelo atendimento nas regi\u00f5es dos munic\u00edpios de Costa Rica,\u00a0Figueir\u00e3o e Alcin\u00f3polis.\n<\/p><\/div>\n<div class=\"ntc_area_info_noticia sw_lato\">\n<div>\n<div class=\"ntc_info_noticia\"><strong class=\"sw_lato_black\">Fonte: <\/strong>Assessoria de Comunica\u00e7\u00e3o \/ PMCR &#8211; <strong class=\"sw_lato_black\">\u00a0<\/strong>Silvestre de Castro<\/div>\n<\/div>\n<\/div>\n<p>&nbsp;<\/p>\n","protected":false},"excerpt":{"rendered":"<p>Na \u00faltima sexta-feira (4), foi realizada em Costa Rica a solenidade de passagem de comando do 19\u00ba Subgrupamento de Bombeiros Militar Independente. O evento aconteceu no p\u00e1tio da unidade e contou com a presen\u00e7a de autoridades e familiares dos comandantes. O comandante-geral do Corpo de Bombeiros Militar do estado de MS, coronel Frederico Reis Pouso [&hellip;]<\/p>\n","protected":false},"author":5,"featured_media":247992,"comment_status":"closed","ping_status":"closed","sticky":false,"template":"","format":"standard","meta":{"footnotes":""},"categories":[25,41],"tags":[],"class_list":["post-247990","post","type-post","status-publish","format-standard","has-post-thumbnail","hentry","category-costa-rica","category-destaque"],"_links":{"self":[{"href":"https:\/\/www.ocorreionews.com.br\/acervo-correio\/index.php?rest_route=\/wp\/v2\/posts\/247990","targetHints":{"allow":["GET"]}}],"collection":[{"href":"https:\/\/www.ocorreionews.com.br\/acervo-correio\/index.php?rest_route=\/wp\/v2\/posts"}],"about":[{"href":"https:\/\/www.ocorreionews.com.br\/acervo-correio\/index.php?rest_route=\/wp\/v2\/types\/post"}],"author":[{"embeddable":true,"href":"https:\/\/www.ocorreionews.com.br\/acervo-correio\/index.php?rest_route=\/wp\/v2\/users\/5"}],"replies":[{"embeddable":true,"href":"https:\/\/www.ocorreionews.com.br\/acervo-correio\/index.php?rest_route=%2Fwp%2Fv2%2Fcomments&post=247990"}],"version-history":[{"count":1,"href":"https:\/\/www.ocorreionews.com.br\/acervo-correio\/index.php?rest_route=\/wp\/v2\/posts\/247990\/revisions"}],"predecessor-version":[{"id":247994,"href":"https:\/\/www.ocorreionews.com.br\/acervo-correio\/index.php?rest_route=\/wp\/v2\/posts\/247990\/revisions\/247994"}],"wp:featuredmedia":[{"embeddable":true,"href":"https:\/\/www.ocorreionews.com.br\/acervo-correio\/index.php?rest_route=\/wp\/v2\/media\/247992"}],"wp:attachment":[{"href":"https:\/\/www.ocorreionews.com.br\/acervo-correio\/index.php?rest_route=%2Fwp%2Fv2%2Fmedia&parent=247990"}],"wp:term":[{"taxonomy":"category","embeddable":true,"href":"https:\/\/www.ocorreionews.com.br\/acervo-correio\/index.php?rest_route=%2Fwp%2Fv2%2Fcategories&post=247990"},{"taxonomy":"post_tag","embeddable":true,"href":"https:\/\/www.ocorreionews.com.br\/acervo-correio\/index.php?rest_route=%2Fwp%2Fv2%2Ftags&post=247990"}],"curies":[{"name":"wp","href":"https:\/\/api.w.org\/{rel}","templated":true}]}}