{"id":248000,"date":"2023-08-09T10:08:02","date_gmt":"2023-08-09T14:08:02","guid":{"rendered":"https:\/\/www.ocorreionews.com.br\/acervo-correio\/?p=248000"},"modified":"2023-08-09T10:08:02","modified_gmt":"2023-08-09T14:08:02","slug":"bebe-de-5-meses-morre-apos-tomar-injecao-com-dipirona-em-upa-de-goias","status":"publish","type":"post","link":"https:\/\/www.ocorreionews.com.br\/acervo-correio\/?p=248000","title":{"rendered":"Beb\u00ea de 5 meses morre ap\u00f3s tomar inje\u00e7\u00e3o com dipirona em UPA de Goi\u00e1s"},"content":{"rendered":"<div id=\"chunk-3ct8u\">\n<div class=\"mc-column content-text active-extra-styles \" data-block-type=\"unstyled\" data-block-weight=\"54\" data-block-id=\"3\">\n<p class=\"content-text__container \" data-track-category=\"Link no Texto\" data-track-links=\"\">A fam\u00edlia da pequena Ayslla Helena Souza Lopes, de 5 meses, denunciou \u00e0 Pol\u00edcia Civil que a beb\u00ea morreu ap\u00f3s tomar uma inje\u00e7\u00e3o com dipirona em Trindade, na Regi\u00e3o Metropolitana da Capital. Ao site g1, a prefeitura explicou que apura um suposto erro na aplica\u00e7\u00e3o, que foi feita em uma Unidade de Pronto Atendimento (UPA).<\/p>\n<p data-track-category=\"Link no Texto\" data-track-links=\"\">\n<\/div>\n<\/div>\n<div class=\"wall protected-content\">\n<div id=\"chunk-7regh\">\n<div class=\"mc-column content-text active-extra-styles\" data-block-type=\"raw\" data-block-weight=\"25\" data-block-id=\"4\">\n<p class=\"content-text__container\">\n<blockquote class=\"content-blockquote theme-border-color-primary-before\"><p>\u201cA \u00fanica filha que eu tenho se foi por neglig\u00eancia m\u00e9dica, eu quero justi\u00e7a. Minha filha era s\u00f3 um beb\u00ea\u201d, desabafou Andr\u00e9ia Lopes, a m\u00e3e.<\/p><\/blockquote>\n<p>&nbsp;<\/p>\n<\/div>\n<\/div>\n<div id=\"chunk-e75u2\">\n<div class=\"mc-column content-text active-extra-styles\" data-block-type=\"raw\" data-block-weight=\"6\" data-block-id=\"5\">\n<p>&nbsp;<\/p>\n<p>&nbsp;<\/p>\n<\/div>\n<\/div>\n<div id=\"chunk-af0ae\">\n<div class=\"mc-column content-text active-extra-styles \" data-block-type=\"unstyled\" data-block-weight=\"60\" data-block-id=\"6\">\n<p class=\"content-text__container \" data-track-category=\"Link no Texto\" data-track-links=\"\">Segundo a fam\u00edlia, a menina foi diagnosticada com a doen\u00e7a \u201cm\u00e3o-p\u00e9-boca\u201d e, entre as prescri\u00e7\u00f5es, a m\u00e9dica passou o medicamento para ser injetado, mas a enfermeira n\u00e3o encontrou a veia e pediu para aplicar no m\u00fasculo, o que foi autorizado.<\/p>\n<p class=\"content-text__container \" data-track-category=\"Link no Texto\" data-track-links=\"\">Andr\u00e9ia disse que surgiu uma ferida com secre\u00e7\u00e3o no lugar da aplica\u00e7\u00e3o, a menina piorou e morreu na segunda-feira (7).<\/p>\n<\/div>\n<\/div>\n<div id=\"chunk-7mras\">\n<div class=\"content-ads content-ads--reveal\" data-block-type=\"ads\" data-block-id=\"7\">\n<div><\/div>\n<\/div>\n<\/div>\n<div id=\"chunk-92hac\">\n<div class=\"mc-column content-text active-extra-styles \" data-block-type=\"unstyled\" data-block-weight=\"43\" data-block-id=\"8\">\n<p class=\"content-text__container \" data-track-category=\"Link no Texto\" data-track-links=\"\">\u201cA enfermeira que aplicou a inje\u00e7\u00e3o pegou a receita que a m\u00e9dica passou e foi na sala dela perguntar se podia dar intramuscular, a doutora autorizou e ela deu. S\u00f3 que ela deu muito em cima da regi\u00e3o que era pra fazer\u201d, explicou.<\/p>\n<div id=\"chunk-dh8al\">\n<div class=\"mc-column content-text active-extra-styles \" data-block-type=\"unstyled\" data-block-weight=\"42\" data-block-id=\"11\">\n<p class=\"content-text__container \" data-track-category=\"Link no Texto\" data-track-links=\"\">Um boletim m\u00e9dico indica que Ayslla morreu por insufici\u00eancia respirat\u00f3ria e choque s\u00e9ptico e que a inje\u00e7\u00e3o aplicada contribuiu para a morte. A delegada C\u00e1ssia Borges explicou que ser\u00e1 feita uma per\u00edcia no corpo da menina e o caso est\u00e1 sendo investigado.<\/p>\n<\/div>\n<\/div>\n<div id=\"chunk-2iba6\">\n<div class=\"row medium-uncollapsed content-media content-photo\" data-block-type=\"backstage-photo\" data-block-id=\"12\">\n<div class=\" mc-column  content-media__container\">\n<div class=\"content-media-container glb-skeleton-box\">\n<figure class=\"content-media-figure\">\n<p><figure style=\"width: 647px\" class=\"wp-caption aligncenter\"><img loading=\"lazy\" decoding=\"async\" class=\"i-amphtml-fill-content i-amphtml-replaced-content\" src=\"https:\/\/s2-g1.glbimg.com\/J8MYjIK7QZFdlMtSNC3WCqnJGY0=\/0x0:1700x1065\/984x0\/smart\/filters:strip_icc()\/i.s3.glbimg.com\/v1\/AUTH_59edd422c0c84a879bd37670ae4f538a\/internal_photos\/bs\/2023\/5\/E\/DPc94HTuO0PQdFJWWARQ\/ayslla3.jpg\" sizes=\"auto, (max-width: 1366px) 648px, 100vw\" srcset=\"https:\/\/s2-g1.glbimg.com\/A7lNb5-Y3_yNgp83hewPWXxt6TI=\/0x0:1700x1065\/1000x0\/smart\/filters:strip_icc()\/i.s3.glbimg.com\/v1\/AUTH_59edd422c0c84a879bd37670ae4f538a\/internal_photos\/bs\/2023\/5\/E\/DPc94HTuO0PQdFJWWARQ\/ayslla3.jpg 1000w, https:\/\/s2-g1.glbimg.com\/J8MYjIK7QZFdlMtSNC3WCqnJGY0=\/0x0:1700x1065\/984x0\/smart\/filters:strip_icc()\/i.s3.glbimg.com\/v1\/AUTH_59edd422c0c84a879bd37670ae4f538a\/internal_photos\/bs\/2023\/5\/E\/DPc94HTuO0PQdFJWWARQ\/ayslla3.jpg 984w, https:\/\/s2-g1.glbimg.com\/-Ov-dd2n0xHD3wOi7QEChoY6d7s=\/0x0:1700x1065\/640x0\/smart\/filters:strip_icc()\/i.s3.glbimg.com\/v1\/AUTH_59edd422c0c84a879bd37670ae4f538a\/internal_photos\/bs\/2023\/5\/E\/DPc94HTuO0PQdFJWWARQ\/ayslla3.jpg 640w, https:\/\/s2-g1.glbimg.com\/zYa6HCpfykNpDvLqjiTrFqsNCQI=\/0x0:1700x1065\/600x0\/smart\/filters:strip_icc()\/i.s3.glbimg.com\/v1\/AUTH_59edd422c0c84a879bd37670ae4f538a\/internal_photos\/bs\/2023\/5\/E\/DPc94HTuO0PQdFJWWARQ\/ayslla3.jpg 600w\" alt=\"Ferimento onde Ayslla Helena Souza Lopes tomou inje\u00e7\u00e3o, ela morreu em Trindade, Goi\u00e1s \u2014 Foto: Reprodu\u00e7\u00e3o\/TV Anhanguera\" width=\"647\" height=\"405\" \/><figcaption class=\"wp-caption-text\">Ferimento onde Ayslla Helena Souza Lopes tomou inje\u00e7\u00e3o, ela morreu em Trindade, Goi\u00e1s \u2014 Foto: Reprodu\u00e7\u00e3o\/TV Anhanguera<\/figcaption><\/figure><\/figure>\n<\/div>\n<p class=\"content-media__description  \">\n<\/div>\n<\/div>\n<\/div>\n<div id=\"chunk-fddvo\">\n<div class=\"mc-column content-text active-extra-styles \" data-block-type=\"unstyled\" data-block-weight=\"40\" data-block-id=\"14\">\n<p data-track-category=\"Link no Texto\" data-track-links=\"\">\n<p class=\"content-text__container \" data-track-category=\"Link no Texto\" data-track-links=\"\">Em nota, a Prefeitura de Trindade disse que instaurou sindic\u00e2ncia administrativa interna, junto ao N\u00facleo de Seguran\u00e7a do Paciente, para verificar se houve \u201calgum equ\u00edvoco na assist\u00eancia prestada \u00e0 paciente em rela\u00e7\u00e3o \u00e0s prescri\u00e7\u00f5es e modo de administra\u00e7\u00e3o de medicamentos\u201d.<\/p>\n<p data-track-category=\"Link no Texto\" data-track-links=\"\">\n<\/div>\n<\/div>\n<div id=\"chunk-cgegl\">\n<div class=\"mc-column content-text active-extra-styles \" data-block-type=\"unstyled\" data-block-weight=\"38\" data-block-id=\"15\">\n<p class=\"content-text__container \" data-track-category=\"Link no Texto\" data-track-links=\"\">Al\u00e9m disso, a prefeitura informou que \u201ca equipe envolvida no caso j\u00e1 foi afastada de suas atribui\u00e7\u00f5es, ou seja, n\u00e3o trabalham na UPA 24h at\u00e9 que os fatos sejam todos apurados\u201d <em>(leia nota completa no fim da reportagem).<\/em><\/p>\n<p data-track-category=\"Link no Texto\" data-track-links=\"\">\n<\/div>\n<\/div>\n<div id=\"chunk-49thl\">\n<div class=\"mc-column content-text active-extra-styles \" data-block-type=\"unstyled\" data-block-weight=\"44\" data-block-id=\"16\">\n<p class=\"content-text__container \" data-track-category=\"Link no Texto\" data-track-links=\"\">Ao g1, o Conselho Regional de Medicina do Estado de Goi\u00e1s (Cremego) explicou que \u201ctodas as den\u00fancias relacionadas \u00e0 conduta \u00e9tica de m\u00e9dicos recebidas, ou das quais tomam conhecimento s\u00e3o apuradas e tramitam em total sigilo, conforme determina o C\u00f3digo de Processo \u00c9tico-Profissional M\u00e9dico\u201d.<\/p>\n<p data-track-category=\"Link no Texto\" data-track-links=\"\">\n<\/div>\n<\/div>\n<div id=\"chunk-7snb7\">\n<div class=\"mc-column content-text active-extra-styles \" data-block-type=\"unstyled\" data-block-weight=\"19\" data-block-id=\"17\">\n<p class=\"content-text__container \" data-track-category=\"Link no Texto\" data-track-links=\"\">O g1 n\u00e3o conseguiu contato com a defesa dos m\u00e9dicos e da enfermeira at\u00e9 a \u00faltima atualiza\u00e7\u00e3o desta reportagem.<\/p>\n<p data-track-category=\"Link no Texto\" data-track-links=\"\">\n<\/div>\n<\/div>\n<div id=\"chunk-a54ev\">\n<div class=\"row medium-uncollapsed content-media content-photo\" data-block-type=\"backstage-photo\" data-block-id=\"18\">\n<div class=\" mc-column  content-media__container\">\n<div class=\"content-media-container glb-skeleton-box\">\n<figure class=\"content-media-figure\">\n<p><figure style=\"width: 647px\" class=\"wp-caption aligncenter\"><img loading=\"lazy\" decoding=\"async\" class=\"i-amphtml-fill-content i-amphtml-replaced-content\" src=\"https:\/\/s2-g1.glbimg.com\/xVZVBl-yYlvhmDbha3Ped90-O3k=\/0x0:1700x1065\/984x0\/smart\/filters:strip_icc()\/i.s3.glbimg.com\/v1\/AUTH_59edd422c0c84a879bd37670ae4f538a\/internal_photos\/bs\/2023\/z\/r\/R2CTbORGWMMOXFDfAdMg\/ayslla2.jpg\" sizes=\"auto, (max-width: 1366px) 648px, 100vw\" srcset=\"https:\/\/s2-g1.glbimg.com\/UBrNRTxtU47QTYlNaQ1UHNZfRP8=\/0x0:1700x1065\/1000x0\/smart\/filters:strip_icc()\/i.s3.glbimg.com\/v1\/AUTH_59edd422c0c84a879bd37670ae4f538a\/internal_photos\/bs\/2023\/z\/r\/R2CTbORGWMMOXFDfAdMg\/ayslla2.jpg 1000w, https:\/\/s2-g1.glbimg.com\/xVZVBl-yYlvhmDbha3Ped90-O3k=\/0x0:1700x1065\/984x0\/smart\/filters:strip_icc()\/i.s3.glbimg.com\/v1\/AUTH_59edd422c0c84a879bd37670ae4f538a\/internal_photos\/bs\/2023\/z\/r\/R2CTbORGWMMOXFDfAdMg\/ayslla2.jpg 984w, https:\/\/s2-g1.glbimg.com\/PQ9TgR3Dz1nbodRa6PMEk7rrjAE=\/0x0:1700x1065\/640x0\/smart\/filters:strip_icc()\/i.s3.glbimg.com\/v1\/AUTH_59edd422c0c84a879bd37670ae4f538a\/internal_photos\/bs\/2023\/z\/r\/R2CTbORGWMMOXFDfAdMg\/ayslla2.jpg 640w, https:\/\/s2-g1.glbimg.com\/wvXnmxp-L0AFRar0agfmE5HaNtE=\/0x0:1700x1065\/600x0\/smart\/filters:strip_icc()\/i.s3.glbimg.com\/v1\/AUTH_59edd422c0c84a879bd37670ae4f538a\/internal_photos\/bs\/2023\/z\/r\/R2CTbORGWMMOXFDfAdMg\/ayslla2.jpg 600w\" alt=\"Ferimentos em Ayslla Helena Souza Lopes, que morreu em Trindade, Goi\u00e1s \u2014 Foto: Reprodu\u00e7\u00e3o\/TV Anhanguera\" width=\"647\" height=\"405\" \/><figcaption class=\"wp-caption-text\">Ferimentos em Ayslla Helena Souza Lopes, que morreu em Trindade, Goi\u00e1s \u2014 Foto: Reprodu\u00e7\u00e3o\/TV Anhanguera<\/figcaption><\/figure><\/figure>\n<\/div>\n<p class=\"content-media__description  \">\n<\/div>\n<\/div>\n<\/div>\n<\/div>\n<\/div>\n<\/div>\n<p>&nbsp;<\/p>\n<div id=\"chunk-7qjsf\">\n<div class=\"mc-column content-text active-extra-styles\" data-block-type=\"raw\" data-block-weight=\"3\" data-block-id=\"20\">\n<div class=\"content-intertitle\">\n<h2>Detalhes do caso<\/h2>\n<p>&nbsp;<\/p>\n<\/div>\n<p>&nbsp;<\/p>\n<\/div>\n<\/div>\n<div id=\"chunk-87uda\">\n<div class=\"mc-column content-text active-extra-styles \" data-block-type=\"unstyled\" data-block-weight=\"30\" data-block-id=\"21\">\n<p class=\"content-text__container \" data-track-category=\"Link no Texto\" data-track-links=\"\">A primeira consulta de Ayslla aconteceu na \u00faltima sexta-feira (4), a m\u00e9dica receitou dipirona, ibuprofeno e soro para reidrata\u00e7\u00e3o oral. A menina piorou e voltou \u00e0 UPA no domingo (6).<\/p>\n<p data-track-category=\"Link no Texto\" data-track-links=\"\">\n<\/div>\n<\/div>\n<div id=\"chunk-d4mdo\">\n<div class=\"mc-column content-text active-extra-styles \" data-block-type=\"unstyled\" data-block-weight=\"34\" data-block-id=\"22\">\n<p class=\"content-text__container \" data-track-category=\"Link no Texto\" data-track-links=\"\">Desta vez, ela foi atendida por um m\u00e9dico de plant\u00e3o, que prescreveu anti-inflamat\u00f3rio e mandou a beb\u00ea de volta para casa, com a orienta\u00e7\u00e3o para os pais fazerem compressa e depois drenarem a secre\u00e7\u00e3o.<\/p>\n<p data-track-category=\"Link no Texto\" data-track-links=\"\">\n<\/div>\n<\/div>\n<div id=\"chunk-4qrhs\">\n<div class=\"mc-column content-text active-extra-styles\" data-block-type=\"raw\" data-block-weight=\"18\" data-block-id=\"23\">\n<p class=\"content-text__container\">\n<blockquote class=\"content-blockquote theme-border-color-primary-before\"><p>\u201cEu n\u00e3o fiz isso, eu j\u00e1 estava colocando a \u00e1gua morna, porque estava muito feio\u201d, explicou a m\u00e3e.<\/p><\/blockquote>\n<\/div>\n<p>&nbsp;<\/p>\n<\/div>\n<div id=\"chunk-a1bhq\">\n<div class=\"mc-column content-text active-extra-styles \" data-block-type=\"unstyled\" data-block-weight=\"25\" data-block-id=\"24\">\n<p class=\"content-text__container \" data-track-category=\"Link no Texto\" data-track-links=\"\">Na segunda-feira (7), a fam\u00edlia voltou \u00e0 UPA pela terceira vez, porque a beb\u00ea havia piorado. A menina deu entrada na unidade \u00e0s 10h05.<\/p>\n<p data-track-category=\"Link no Texto\" data-track-links=\"\">\n<\/div>\n<\/div>\n<div id=\"chunk-f0db9\">\n<div class=\"mc-column content-text active-extra-styles \" data-block-type=\"unstyled\" data-block-weight=\"29\" data-block-id=\"25\">\n<p class=\"content-text__container \" data-track-category=\"Link no Texto\" data-track-links=\"\">O relat\u00f3rio m\u00e9dico detalhou que ela estava com \u201ctaquidispneia grave\u201d, que \u00e9 quando a respira\u00e7\u00e3o fica acelerada e dif\u00edcil, al\u00e9m de apresentar baixa satura\u00e7\u00e3o, desconforto para respirar e sonol\u00eancia.<\/p>\n<p data-track-category=\"Link no Texto\" data-track-links=\"\">\n<\/div>\n<\/div>\n<div id=\"chunk-q1m7\">\n<div class=\"mc-column content-text active-extra-styles \" data-block-type=\"unstyled\" data-block-weight=\"31\" data-block-id=\"26\">\n<p class=\"content-text__container \" data-track-category=\"Link no Texto\" data-track-links=\"\">10 minutos depois o quadro da menina piorou e ela teve uma parada cardiorrespirat\u00f3ria, segundo o relat\u00f3rio. A equipe m\u00e9dica detalhou que tentou reanimar Ayslla por 1h10, mas ela n\u00e3o resistiu.<\/p>\n<p data-track-category=\"Link no Texto\" data-track-links=\"\">\n<\/div>\n<\/div>\n<div id=\"chunk-3kmgf\">\n<div class=\"mc-column content-text active-extra-styles\" data-block-type=\"raw\" data-block-weight=\"4\" data-block-id=\"27\">\n<p class=\"content-text__container\">\n<div class=\"content-intertitle\">\n<h2>Nota Prefeitura de Trindade<\/h2>\n<p>&nbsp;<\/p>\n<\/div>\n<p>&nbsp;<\/p>\n<\/div>\n<\/div>\n<div id=\"chunk-e801p\">\n<div class=\"mc-column content-text active-extra-styles \" data-block-type=\"unstyled\" data-block-weight=\"41\" data-block-id=\"28\">\n<p class=\"content-text__container \" data-track-category=\"Link no Texto\" data-track-links=\"\"><em>A Prefeitura de Trindade informa que j\u00e1 instaurou sindic\u00e2ncia administrativa interna, junto ao N\u00facleo de Seguran\u00e7a do Paciente, para que seja verificado se houve algum equ\u00edvoco na assist\u00eancia prestada \u00e0 paciente em rela\u00e7\u00e3o \u00e0s prescri\u00e7\u00f5es e modo de administra\u00e7\u00e3o de medicamentos.<\/em><\/p>\n<\/div>\n<\/div>\n<div id=\"chunk-e4j5\">\n<div class=\"mc-column content-text active-extra-styles \" data-block-type=\"unstyled\" data-block-weight=\"35\" data-block-id=\"30\">\n<p class=\"content-text__container \" data-track-category=\"Link no Texto\" data-track-links=\"\"><em>O diretor cl\u00ednico da UPA 24 Horas Dilson Alberto de Souza, Rog\u00e9rio Taveira, solicitou todos os documentos que descrevem os procedimentos realizados na paciente durante o per\u00edodo em que esteve na unidade de sa\u00fade. <\/em><\/p>\n<\/div>\n<\/div>\n<div id=\"chunk-2modf\">\n<div class=\"mc-column content-text active-extra-styles \" data-block-type=\"unstyled\" data-block-weight=\"27\" data-block-id=\"31\">\n<p class=\"content-text__container \" data-track-category=\"Link no Texto\" data-track-links=\"\"><em>A equipe envolvida no caso j\u00e1 foi afastada de suas atribui\u00e7\u00f5es, ou seja, n\u00e3o trabalham na UPA 24h at\u00e9 que os fatos sejam todos apurados. <\/em><\/p>\n<\/div>\n<\/div>\n<div id=\"chunk-cvv7s\">\n<div class=\"mc-column content-text active-extra-styles \" data-block-type=\"unstyled\" data-block-weight=\"33\" data-block-id=\"32\">\n<p class=\"content-text__container \" data-track-category=\"Link no Texto\" data-track-links=\"\"><em>A Prefeitura de Trindade presta total apoio \u00e0 fam\u00edlia por meio da Secretaria Municipal de Assist\u00eancia Social. Foram disponibilizadas profissionais de assist\u00eancia social para atender as necessidades dos pais e servi\u00e7o funer\u00e1rio. <\/em><\/p>\n<\/div>\n<\/div>\n<div id=\"chunk-2cn63\">\n<div class=\"mc-column content-text active-extra-styles \" data-block-type=\"unstyled\" data-block-weight=\"37\" data-block-id=\"33\">\n<p class=\"content-text__container \" data-track-category=\"Link no Texto\" data-track-links=\"\"><em>\u00c9 com imenso pesar que a Prefeitura de Trindade recebe a not\u00edcia do falecimento da paciente, e roga ao Pai Eterno conforto para os familiares. Todas as investiga\u00e7\u00f5es necess\u00e1rias ser\u00e3o realizadas para elucidar a causa da morte.<\/em><\/p>\n<\/div>\n<p data-track-category=\"Link no Texto\" data-track-links=\"\">\n<div class=\"mc-column content-text active-extra-styles \" data-block-type=\"unstyled\" data-block-weight=\"37\" data-block-id=\"33\">\n<p class=\"content-publication-data__from\" title=\"Michel Gomes e Patr\u00edcia Bringel, g1 Goi\u00e1s e TV Anhanguera\">Por Michel Gomes e Patr\u00edcia Bringel, g1 Goi\u00e1s e TV Anhanguera<\/p>\n<\/div>\n<\/div>\n","protected":false},"excerpt":{"rendered":"<p>A fam\u00edlia da pequena Ayslla Helena Souza Lopes, de 5 meses, denunciou \u00e0 Pol\u00edcia Civil que a beb\u00ea morreu ap\u00f3s tomar uma inje\u00e7\u00e3o com dipirona em Trindade, na Regi\u00e3o Metropolitana da Capital. Ao site g1, a prefeitura explicou que apura um suposto erro na aplica\u00e7\u00e3o, que foi feita em uma Unidade de Pronto Atendimento (UPA). [&hellip;]<\/p>\n","protected":false},"author":5,"featured_media":248001,"comment_status":"closed","ping_status":"closed","sticky":false,"template":"","format":"standard","meta":{"footnotes":""},"categories":[38],"tags":[],"class_list":["post-248000","post","type-post","status-publish","format-standard","has-post-thumbnail","hentry","category-policia"],"_links":{"self":[{"href":"https:\/\/www.ocorreionews.com.br\/acervo-correio\/index.php?rest_route=\/wp\/v2\/posts\/248000","targetHints":{"allow":["GET"]}}],"collection":[{"href":"https:\/\/www.ocorreionews.com.br\/acervo-correio\/index.php?rest_route=\/wp\/v2\/posts"}],"about":[{"href":"https:\/\/www.ocorreionews.com.br\/acervo-correio\/index.php?rest_route=\/wp\/v2\/types\/post"}],"author":[{"embeddable":true,"href":"https:\/\/www.ocorreionews.com.br\/acervo-correio\/index.php?rest_route=\/wp\/v2\/users\/5"}],"replies":[{"embeddable":true,"href":"https:\/\/www.ocorreionews.com.br\/acervo-correio\/index.php?rest_route=%2Fwp%2Fv2%2Fcomments&post=248000"}],"version-history":[{"count":1,"href":"https:\/\/www.ocorreionews.com.br\/acervo-correio\/index.php?rest_route=\/wp\/v2\/posts\/248000\/revisions"}],"predecessor-version":[{"id":248003,"href":"https:\/\/www.ocorreionews.com.br\/acervo-correio\/index.php?rest_route=\/wp\/v2\/posts\/248000\/revisions\/248003"}],"wp:featuredmedia":[{"embeddable":true,"href":"https:\/\/www.ocorreionews.com.br\/acervo-correio\/index.php?rest_route=\/wp\/v2\/media\/248001"}],"wp:attachment":[{"href":"https:\/\/www.ocorreionews.com.br\/acervo-correio\/index.php?rest_route=%2Fwp%2Fv2%2Fmedia&parent=248000"}],"wp:term":[{"taxonomy":"category","embeddable":true,"href":"https:\/\/www.ocorreionews.com.br\/acervo-correio\/index.php?rest_route=%2Fwp%2Fv2%2Fcategories&post=248000"},{"taxonomy":"post_tag","embeddable":true,"href":"https:\/\/www.ocorreionews.com.br\/acervo-correio\/index.php?rest_route=%2Fwp%2Fv2%2Ftags&post=248000"}],"curies":[{"name":"wp","href":"https:\/\/api.w.org\/{rel}","templated":true}]}}