{"id":248004,"date":"2023-08-09T10:21:09","date_gmt":"2023-08-09T14:21:09","guid":{"rendered":"https:\/\/www.ocorreionews.com.br\/acervo-correio\/?p=248004"},"modified":"2023-08-09T10:21:09","modified_gmt":"2023-08-09T14:21:09","slug":"inaugura-nesta-quinta-feira-a-otica-popular-em-chapadao-do-sul","status":"publish","type":"post","link":"https:\/\/www.ocorreionews.com.br\/acervo-correio\/?p=248004","title":{"rendered":"Inaugura nesta quinta-feira a \u00d3tica Popular em Chapad\u00e3o do Sul"},"content":{"rendered":"<p>Acontece nesta quinta-feira (10) a grande inaugura\u00e7\u00e3o da \u00d3tica Popular na cidade de Chapad\u00e3o do Sul.<\/p>\n<p>A \u00d3tica Popular est\u00e1 localizada na Avenida Oito 823, no Centro de Chapad\u00e3o do Sul e a inaugura\u00e7\u00e3o acontecer\u00e1 a partir das 9h(local).<\/p>\n<p>Venha prestigiar e conferir as variedades em arma\u00e7\u00e3o, \u00f3culos de graus e solar, com melhores pre\u00e7os da cidade.<\/p>\n","protected":false},"excerpt":{"rendered":"<p>Acontece nesta quinta-feira (10) a grande inaugura\u00e7\u00e3o da \u00d3tica Popular na cidade de Chapad\u00e3o do Sul. A \u00d3tica Popular est\u00e1 localizada na Avenida Oito 823, no Centro de Chapad\u00e3o do Sul e a inaugura\u00e7\u00e3o acontecer\u00e1 a partir das 9h(local). Venha prestigiar e conferir as variedades em arma\u00e7\u00e3o, \u00f3culos de graus e solar, com melhores pre\u00e7os [&hellip;]<\/p>\n","protected":false},"author":5,"featured_media":248002,"comment_status":"closed","ping_status":"closed","sticky":false,"template":"","format":"standard","meta":{"footnotes":""},"categories":[23,41],"tags":[],"class_list":["post-248004","post","type-post","status-publish","format-standard","has-post-thumbnail","hentry","category-chapadao-do-sul","category-destaque"],"_links":{"self":[{"href":"https:\/\/www.ocorreionews.com.br\/acervo-correio\/index.php?rest_route=\/wp\/v2\/posts\/248004","targetHints":{"allow":["GET"]}}],"collection":[{"href":"https:\/\/www.ocorreionews.com.br\/acervo-correio\/index.php?rest_route=\/wp\/v2\/posts"}],"about":[{"href":"https:\/\/www.ocorreionews.com.br\/acervo-correio\/index.php?rest_route=\/wp\/v2\/types\/post"}],"author":[{"embeddable":true,"href":"https:\/\/www.ocorreionews.com.br\/acervo-correio\/index.php?rest_route=\/wp\/v2\/users\/5"}],"replies":[{"embeddable":true,"href":"https:\/\/www.ocorreionews.com.br\/acervo-correio\/index.php?rest_route=%2Fwp%2Fv2%2Fcomments&post=248004"}],"version-history":[{"count":1,"href":"https:\/\/www.ocorreionews.com.br\/acervo-correio\/index.php?rest_route=\/wp\/v2\/posts\/248004\/revisions"}],"predecessor-version":[{"id":248012,"href":"https:\/\/www.ocorreionews.com.br\/acervo-correio\/index.php?rest_route=\/wp\/v2\/posts\/248004\/revisions\/248012"}],"wp:featuredmedia":[{"embeddable":true,"href":"https:\/\/www.ocorreionews.com.br\/acervo-correio\/index.php?rest_route=\/wp\/v2\/media\/248002"}],"wp:attachment":[{"href":"https:\/\/www.ocorreionews.com.br\/acervo-correio\/index.php?rest_route=%2Fwp%2Fv2%2Fmedia&parent=248004"}],"wp:term":[{"taxonomy":"category","embeddable":true,"href":"https:\/\/www.ocorreionews.com.br\/acervo-correio\/index.php?rest_route=%2Fwp%2Fv2%2Fcategories&post=248004"},{"taxonomy":"post_tag","embeddable":true,"href":"https:\/\/www.ocorreionews.com.br\/acervo-correio\/index.php?rest_route=%2Fwp%2Fv2%2Ftags&post=248004"}],"curies":[{"name":"wp","href":"https:\/\/api.w.org\/{rel}","templated":true}]}}