{"id":248005,"date":"2023-08-09T10:23:15","date_gmt":"2023-08-09T14:23:15","guid":{"rendered":"https:\/\/www.ocorreionews.com.br\/acervo-correio\/?p=248005"},"modified":"2023-08-09T10:50:06","modified_gmt":"2023-08-09T14:50:06","slug":"camara-municipal-de-chapadao-do-sul-retoma-sessoes-ordinarias-do-segundo-semestre","status":"publish","type":"post","link":"https:\/\/www.ocorreionews.com.br\/acervo-correio\/?p=248005","title":{"rendered":"C\u00e2mara Municipal de Chapad\u00e3o do Sul retoma sess\u00f5es ordin\u00e1rias do segundo semestre"},"content":{"rendered":"<p dir=\"ltr\">Ap\u00f3s o recesso de julho, a C\u00e2mara Municipal de Chapad\u00e3o do Sul retomou as sess\u00f5es ordin\u00e1rias na segunda-feira (07). A sess\u00e3o 1424 foi realizada \u00e0s 19h, abrindo oficialmente o segundo per\u00edodo dos trabalhos legislativos da Casa de Leis.<\/p>\n<p dir=\"ltr\">O pastor Jackson Lombardo Garcez, da Igreja Presbiteriana do Brasil, e o di\u00e1cono Armando de Jesus, da Igreja Cat\u00f3lica, fizeram a leitura de vers\u00edculos da B\u00edblia Sagrada, proferiram palavras de b\u00ean\u00e7\u00e3os e prosperidade para a cidade e para os trabalhos que ser\u00e3o realizados na C\u00e2mara Municipal, neste semestre e finalizaram suas participa\u00e7\u00f5es com ora\u00e7\u00f5es.<\/p>\n<figure id=\"attachment_248008\" aria-describedby=\"caption-attachment-248008\" style=\"width: 599px\" class=\"wp-caption aligncenter\"><img loading=\"lazy\" decoding=\"async\" class=\"wp-image-248008 \" src=\"https:\/\/www.ocorreionews.com.br\/acervo-correio\/wp-content\/uploads\/2023\/08\/daicomo.jpg\" alt=\"\" width=\"599\" height=\"397\" srcset=\"https:\/\/www.ocorreionews.com.br\/acervo-correio\/wp-content\/uploads\/2023\/08\/daicomo.jpg 1080w, https:\/\/www.ocorreionews.com.br\/acervo-correio\/wp-content\/uploads\/2023\/08\/daicomo-300x199.jpg 300w, https:\/\/www.ocorreionews.com.br\/acervo-correio\/wp-content\/uploads\/2023\/08\/daicomo-1024x679.jpg 1024w, https:\/\/www.ocorreionews.com.br\/acervo-correio\/wp-content\/uploads\/2023\/08\/daicomo-768x509.jpg 768w\" sizes=\"auto, (max-width: 599px) 100vw, 599px\" \/><figcaption id=\"caption-attachment-248008\" class=\"wp-caption-text\">\u00a0Diacomo Armando de Jesus<\/figcaption><\/figure>\n<figure id=\"attachment_248010\" aria-describedby=\"caption-attachment-248010\" style=\"width: 600px\" class=\"wp-caption aligncenter\"><img loading=\"lazy\" decoding=\"async\" class=\"wp-image-248010 \" src=\"https:\/\/www.ocorreionews.com.br\/acervo-correio\/wp-content\/uploads\/2023\/08\/pastor.jpg\" alt=\"\" width=\"600\" height=\"395\" srcset=\"https:\/\/www.ocorreionews.com.br\/acervo-correio\/wp-content\/uploads\/2023\/08\/pastor.jpg 1080w, https:\/\/www.ocorreionews.com.br\/acervo-correio\/wp-content\/uploads\/2023\/08\/pastor-300x198.jpg 300w, https:\/\/www.ocorreionews.com.br\/acervo-correio\/wp-content\/uploads\/2023\/08\/pastor-1024x674.jpg 1024w, https:\/\/www.ocorreionews.com.br\/acervo-correio\/wp-content\/uploads\/2023\/08\/pastor-768x506.jpg 768w\" sizes=\"auto, (max-width: 600px) 100vw, 600px\" \/><figcaption id=\"caption-attachment-248010\" class=\"wp-caption-text\">Pastor Jackson Lombardo Garcez\u00a0<\/figcaption><\/figure>\n<p dir=\"ltr\">Durante o primeiro semestre, os vereadores participaram de 23 sess\u00f5es, apresentaram 249 indica\u00e7\u00f5es e 40 requerimentos, al\u00e9m de projetos de leis e leis sancionadas. A participa\u00e7\u00e3o de 12 escolas, municipais, estaduais e particulares da primeira fase do projeto C\u00e2mara Vai \u00e0 Escola tamb\u00e9m compuseram\u00a0 parte dos trabalhos legislativos do primeiro semestre de 2023.<\/p>\n<p dir=\"ltr\">O presidente da Casa de Leis, vereador Airton Ant\u00f4nio Schwantes (Tucano) desejou boas-vindas a todos os vereadores e equipe da C\u00e2mara, parabenizou os alunos que receberam certificados de qualifica\u00e7\u00e3o profissional oferecidos pela Prefeitura Municipal de Chapad\u00e3o do Sul, por meio da Secretaria de Desenvolvimento Econ\u00f4mico e Meio Ambiente (SEDEMA), durante o recesso de julho.<\/p>\n<p><img loading=\"lazy\" decoding=\"async\" class=\"wp-image-248009  aligncenter\" src=\"https:\/\/www.ocorreionews.com.br\/acervo-correio\/wp-content\/uploads\/2023\/08\/mesa-vereadores.jpg\" alt=\"\" width=\"599\" height=\"399\" srcset=\"https:\/\/www.ocorreionews.com.br\/acervo-correio\/wp-content\/uploads\/2023\/08\/mesa-vereadores.jpg 1920w, https:\/\/www.ocorreionews.com.br\/acervo-correio\/wp-content\/uploads\/2023\/08\/mesa-vereadores-300x200.jpg 300w, https:\/\/www.ocorreionews.com.br\/acervo-correio\/wp-content\/uploads\/2023\/08\/mesa-vereadores-1024x683.jpg 1024w, https:\/\/www.ocorreionews.com.br\/acervo-correio\/wp-content\/uploads\/2023\/08\/mesa-vereadores-768x512.jpg 768w, https:\/\/www.ocorreionews.com.br\/acervo-correio\/wp-content\/uploads\/2023\/08\/mesa-vereadores-1536x1024.jpg 1536w\" sizes=\"auto, (max-width: 599px) 100vw, 599px\" \/><\/p>\n<p dir=\"ltr\">Tucano tamb\u00e9m falou sobre o projeto C\u00e2mara Vai \u00e0 Escola. \u201cEsse projeto tem dado muita \u00eanfase ao nosso trabalho, nesta casa de leis. Na semana passada, estivemos em Campo Grande, onde esses meninos e meninas tiveram uma oportunidade \u00edmpar de conhecer os nossos poderes, em esfera estadual, e ficaram muito contentes com essa viagem\u201d.<\/p>\n<p dir=\"ltr\">O presidente da C\u00e2mara finalizou seu discurso, desejando boas-vindas ao novo promotor de justi\u00e7a de Chapad\u00e3o do Sul, Thiago Barile, que palestrou no evento de lan\u00e7amento do Programa Integrado pela Garantia dos Direitos da Primeira Inf\u00e2ncia, em Campo Grande, no \u00faltimo dia 04. Os vereadores Tucano, Alline Tontini, Andr\u00e9 dos Anjos e o consultor jur\u00eddico da Casa de Leis, Dr. Junior Patini, tamb\u00e9m estiveram presentes no Lan\u00e7amento do programa.<\/p>\n<p dir=\"ltr\">Para o segundo semestre, al\u00e9m das sess\u00f5es ordin\u00e1rias, ocorrer\u00e3o as pr\u00f3ximas etapas do projeto \u201cC\u00e2mara Vai \u00e0 Escola\u201d, com viagens para Campo Grande, que aconteceu no dia 02 de agosto, viagem para Bras\u00edlia, no dia 08 de agosto e o evento de encerramento, com data a ser definida.<\/p>\n<p>&nbsp;<\/p>\n<p dir=\"ltr\">Assista<\/p>\n<p dir=\"ltr\">As sess\u00f5es ordin\u00e1rias acontecem \u00e0s segundas-feiras, a partir das 19 horas, com transmiss\u00f5es simult\u00e2neas pelo YouTube e Facebook da C\u00e2mara.<\/p>\n<p dir=\"ltr\">Confira as indica\u00e7\u00f5es e requerimentos da Sess\u00e3o Ordin\u00e1ria n\u00ba1424, clicando no link:\u00a0<a href=\"https:\/\/www.camarachapadaodosul.ms.gov.br\/noticiasView\/?id=4030\" target=\"_blank\" rel=\"noopener noreferrer\" data-auth=\"NotApplicable\" data-linkindex=\"0\">C\u00e2mara Municipal Chapad\u00e3o do Sul &#8211; MS (camarachapadaodosul.ms.gov.br)<\/a><\/p>\n<p>*Assessoria C\u00e2mara Municipal<\/p>\n","protected":false},"excerpt":{"rendered":"<p>Ap\u00f3s o recesso de julho, a C\u00e2mara Municipal de Chapad\u00e3o do Sul retomou as sess\u00f5es ordin\u00e1rias na segunda-feira (07). A sess\u00e3o 1424 foi realizada \u00e0s 19h, abrindo oficialmente o segundo per\u00edodo dos trabalhos legislativos da Casa de Leis. O pastor Jackson Lombardo Garcez, da Igreja Presbiteriana do Brasil, e o di\u00e1cono Armando de Jesus, da [&hellip;]<\/p>\n","protected":false},"author":4,"featured_media":248011,"comment_status":"closed","ping_status":"closed","sticky":false,"template":"","format":"standard","meta":{"footnotes":""},"categories":[20,23,41],"tags":[],"class_list":["post-248005","post","type-post","status-publish","format-standard","has-post-thumbnail","hentry","category-camara-municipal","category-chapadao-do-sul","category-destaque"],"_links":{"self":[{"href":"https:\/\/www.ocorreionews.com.br\/acervo-correio\/index.php?rest_route=\/wp\/v2\/posts\/248005","targetHints":{"allow":["GET"]}}],"collection":[{"href":"https:\/\/www.ocorreionews.com.br\/acervo-correio\/index.php?rest_route=\/wp\/v2\/posts"}],"about":[{"href":"https:\/\/www.ocorreionews.com.br\/acervo-correio\/index.php?rest_route=\/wp\/v2\/types\/post"}],"author":[{"embeddable":true,"href":"https:\/\/www.ocorreionews.com.br\/acervo-correio\/index.php?rest_route=\/wp\/v2\/users\/4"}],"replies":[{"embeddable":true,"href":"https:\/\/www.ocorreionews.com.br\/acervo-correio\/index.php?rest_route=%2Fwp%2Fv2%2Fcomments&post=248005"}],"version-history":[{"count":3,"href":"https:\/\/www.ocorreionews.com.br\/acervo-correio\/index.php?rest_route=\/wp\/v2\/posts\/248005\/revisions"}],"predecessor-version":[{"id":248023,"href":"https:\/\/www.ocorreionews.com.br\/acervo-correio\/index.php?rest_route=\/wp\/v2\/posts\/248005\/revisions\/248023"}],"wp:featuredmedia":[{"embeddable":true,"href":"https:\/\/www.ocorreionews.com.br\/acervo-correio\/index.php?rest_route=\/wp\/v2\/media\/248011"}],"wp:attachment":[{"href":"https:\/\/www.ocorreionews.com.br\/acervo-correio\/index.php?rest_route=%2Fwp%2Fv2%2Fmedia&parent=248005"}],"wp:term":[{"taxonomy":"category","embeddable":true,"href":"https:\/\/www.ocorreionews.com.br\/acervo-correio\/index.php?rest_route=%2Fwp%2Fv2%2Fcategories&post=248005"},{"taxonomy":"post_tag","embeddable":true,"href":"https:\/\/www.ocorreionews.com.br\/acervo-correio\/index.php?rest_route=%2Fwp%2Fv2%2Ftags&post=248005"}],"curies":[{"name":"wp","href":"https:\/\/api.w.org\/{rel}","templated":true}]}}