{"id":248013,"date":"2023-08-09T10:32:03","date_gmt":"2023-08-09T14:32:03","guid":{"rendered":"https:\/\/www.ocorreionews.com.br\/acervo-correio\/?p=248013"},"modified":"2023-08-09T10:32:03","modified_gmt":"2023-08-09T14:32:03","slug":"carreta-da-beleza-traz-dia-de-beleza-e-cuidados-para-as-mulheres-de-paraiso-das-aguas","status":"publish","type":"post","link":"https:\/\/www.ocorreionews.com.br\/acervo-correio\/?p=248013","title":{"rendered":"Carreta da beleza traz dia de beleza e cuidados para as mulheres de Para\u00edso das \u00c1guas"},"content":{"rendered":"<p>A Prefeitura de Para\u00edso das \u00c1guas por meio da Secretaria de Assist\u00eancia Social e da Coordenadoria de Pol\u00edticas P\u00fablicas para Mulheres, em alus\u00e3o ao \u201cAgosto Lil\u00e1s\u201d, realiza ente os dias 9 e 11 deste m\u00eas uma a\u00e7\u00e3o que pretende trazer mais confian\u00e7a, mais autoestima para as mulheres do munic\u00edpio.<\/p>\n<p>Trata-se da carreta da beleza; um ve\u00edculo adaptado para sal\u00e3o de beleza que at\u00e9 a pr\u00f3xima sexta-feira deve realizar cerca de 200 atendimentos gratuitos em Para\u00edso das \u00c1guas.<\/p>\n<p>Participam da a\u00e7\u00e3o mulheres, preferencialmente, usu\u00e1rias de programas sociais como o Bolsa Fam\u00edlia e Mais Social.<\/p>\n<p><img decoding=\"async\" src=\"https:\/\/www.paraisodasaguas.ms.gov.br\/uploads\/noticia\/whatsapp-image-2023-08-09-at-100944.jpeg\" \/><\/p>\n<p>O in\u00edcio dos atendimentos foi na manh\u00e3 desta quarta-feira (09) e contou com a presen\u00e7a do Prefeito, An\u00edzio Andrade; da secret\u00e1ria de assist\u00eancia social do munic\u00edpio, Rozilda Pereira; da coordenadora de pol\u00edticas p\u00fablicas para as mulheres, Alexia Nogueira; da vereadora In\u00eas Londero; da primeira-dama do munic\u00edpio de Costa Rica, Marcia Alves; al\u00e9m da presen\u00e7a de servidoras do munic\u00edpio e dos profissionais de beleza da Carreta.<\/p>\n<p>Ser\u00e3o ofertados atendimentos gratuitos como corte, colora\u00e7\u00e3o, hidrata\u00e7\u00e3o, entre outros.<\/p>\n<p>O projeto faz parte de uma s\u00e9rie de a\u00e7\u00f5es programadas para o m\u00eas de agosto, m\u00eas que se celebra o combate \u00e0 viol\u00eancia contra a mulher.<\/p>\n<p>\u201cEssa a\u00e7\u00e3o tem o objetivo de trazer ainda mais autoestima para as mulheres de nossa cidade. Estamos imensamente agradecidos pela presen\u00e7a dos profissionais da carreta que vieram de S\u00e3o Jos\u00e9 do Rio Preto para serem parceiros desta importante a\u00e7\u00e3o de nossa cidade\u201d, afirmou o prefeito An\u00edzio.<\/p>\n<p>A carreta fica estacionada em frete ao pa\u00e7o municipal at\u00e9 a pr\u00f3xima sexta-feira (11).<\/p>\n<p><img decoding=\"async\" src=\"https:\/\/www.paraisodasaguas.ms.gov.br\/uploads\/noticia\/whatsapp-image-2023-08-09-at-100925.jpeg\" \/><\/p>\n<p><img decoding=\"async\" src=\"https:\/\/www.paraisodasaguas.ms.gov.br\/uploads\/noticia\/whatsapp-image-2023-08-09-at-101025.jpeg\" \/><\/p>\n<p>Fonte:\u00a0 Diogo Rondon &#8211; ASSECOM \/ Prefeitura Municipal de Para\u00edso das \u00c1guas<\/p>\n","protected":false},"excerpt":{"rendered":"<p>A Prefeitura de Para\u00edso das \u00c1guas por meio da Secretaria de Assist\u00eancia Social e da Coordenadoria de Pol\u00edticas P\u00fablicas para Mulheres, em alus\u00e3o ao \u201cAgosto Lil\u00e1s\u201d, realiza ente os dias 9 e 11 deste m\u00eas uma a\u00e7\u00e3o que pretende trazer mais confian\u00e7a, mais autoestima para as mulheres do munic\u00edpio. Trata-se da carreta da beleza; um [&hellip;]<\/p>\n","protected":false},"author":5,"featured_media":248015,"comment_status":"closed","ping_status":"closed","sticky":false,"template":"","format":"standard","meta":{"footnotes":""},"categories":[36],"tags":[],"class_list":["post-248013","post","type-post","status-publish","format-standard","has-post-thumbnail","hentry","category-paraiso-das-aguas"],"_links":{"self":[{"href":"https:\/\/www.ocorreionews.com.br\/acervo-correio\/index.php?rest_route=\/wp\/v2\/posts\/248013","targetHints":{"allow":["GET"]}}],"collection":[{"href":"https:\/\/www.ocorreionews.com.br\/acervo-correio\/index.php?rest_route=\/wp\/v2\/posts"}],"about":[{"href":"https:\/\/www.ocorreionews.com.br\/acervo-correio\/index.php?rest_route=\/wp\/v2\/types\/post"}],"author":[{"embeddable":true,"href":"https:\/\/www.ocorreionews.com.br\/acervo-correio\/index.php?rest_route=\/wp\/v2\/users\/5"}],"replies":[{"embeddable":true,"href":"https:\/\/www.ocorreionews.com.br\/acervo-correio\/index.php?rest_route=%2Fwp%2Fv2%2Fcomments&post=248013"}],"version-history":[{"count":1,"href":"https:\/\/www.ocorreionews.com.br\/acervo-correio\/index.php?rest_route=\/wp\/v2\/posts\/248013\/revisions"}],"predecessor-version":[{"id":248016,"href":"https:\/\/www.ocorreionews.com.br\/acervo-correio\/index.php?rest_route=\/wp\/v2\/posts\/248013\/revisions\/248016"}],"wp:featuredmedia":[{"embeddable":true,"href":"https:\/\/www.ocorreionews.com.br\/acervo-correio\/index.php?rest_route=\/wp\/v2\/media\/248015"}],"wp:attachment":[{"href":"https:\/\/www.ocorreionews.com.br\/acervo-correio\/index.php?rest_route=%2Fwp%2Fv2%2Fmedia&parent=248013"}],"wp:term":[{"taxonomy":"category","embeddable":true,"href":"https:\/\/www.ocorreionews.com.br\/acervo-correio\/index.php?rest_route=%2Fwp%2Fv2%2Fcategories&post=248013"},{"taxonomy":"post_tag","embeddable":true,"href":"https:\/\/www.ocorreionews.com.br\/acervo-correio\/index.php?rest_route=%2Fwp%2Fv2%2Ftags&post=248013"}],"curies":[{"name":"wp","href":"https:\/\/api.w.org\/{rel}","templated":true}]}}