{"id":248017,"date":"2023-08-09T10:33:56","date_gmt":"2023-08-09T14:33:56","guid":{"rendered":"https:\/\/www.ocorreionews.com.br\/acervo-correio\/?p=248017"},"modified":"2023-08-09T10:33:56","modified_gmt":"2023-08-09T14:33:56","slug":"governo-de-ms-planeja-aplicar-pavimento-de-concreto-em-rodovias-com-movimento-intenso-de-cargas","status":"publish","type":"post","link":"https:\/\/www.ocorreionews.com.br\/acervo-correio\/?p=248017","title":{"rendered":"Governo de MS planeja aplicar pavimento de concreto em rodovias com movimento intenso de cargas"},"content":{"rendered":"<p dir=\"ltr\">Com vida \u00fatil de at\u00e9 20 anos e baixo custo de manuten\u00e7\u00e3o, o pavimento r\u00edgido de concreto tem sido utilizado h\u00e1 anos em rodovias brasileiras. Segundo engenheiros, a t\u00e9cnica supera o asfalto quando se trata de benef\u00edcios \u00e0s rodovias e tamb\u00e9m aos motoristas. Al\u00e9m de durar mais, o concreto proporciona maior resist\u00eancia da estrada ao tr\u00e1fego de ve\u00edculos pesados, mais seguran\u00e7a contra derrapagens e melhores condi\u00e7\u00f5es de drenagem de \u00e1guas da chuva.<\/p>\n<p dir=\"ltr\">Embora seja comum em estados como S\u00e3o Paulo, Rio de Janeiro, Minas Gerais e at\u00e9 Mato Grosso, a t\u00e9cnica do pavimento de concreto ainda \u00e9 novidade para Mato Grosso do Sul. \u201c\u00c9 uma modernidade em termos de pavimenta\u00e7\u00e3o que o governador Eduardo Riedel quer usar no nosso Estado, principalmente nas regi\u00f5es produtoras onde existe muito movimento de caminh\u00f5es com cargas pesadas\u201d, explicou, nesta ter\u00e7a-feira (8), o secret\u00e1rio H\u00e9lio Peluffo, da Seilog (Secretaria Estadual de Infraestrutura e Log\u00edstica).<\/p>\n<figure id=\"attachment_445666\" class=\"wp-caption alignnone\" style=\"width: 603px;\" aria-describedby=\"caption-attachment-445666\"><a href=\"https:\/\/agenciadenoticias.ms.gov.br\/wp-content\/uploads\/2023\/08\/Secretario-Peluffo.jpg\"><img loading=\"lazy\" decoding=\"async\" class=\"wp-image-445666 \" src=\"https:\/\/agenciadenoticias.ms.gov.br\/wp-content\/uploads\/2023\/08\/Secretario-Peluffo-1024x652.jpg\" sizes=\"auto, (max-width: 1024px) 100vw, 1024px\" srcset=\"https:\/\/agenciadenoticias.ms.gov.br\/wp-content\/uploads\/2023\/08\/Secretario-Peluffo-1024x652.jpg 1024w, https:\/\/agenciadenoticias.ms.gov.br\/wp-content\/uploads\/2023\/08\/Secretario-Peluffo-300x191.jpg 300w, https:\/\/agenciadenoticias.ms.gov.br\/wp-content\/uploads\/2023\/08\/Secretario-Peluffo-768x489.jpg 768w, https:\/\/agenciadenoticias.ms.gov.br\/wp-content\/uploads\/2023\/08\/Secretario-Peluffo-350x223.jpg 350w, https:\/\/agenciadenoticias.ms.gov.br\/wp-content\/uploads\/2023\/08\/Secretario-Peluffo.jpg 1455w\" alt=\"\" width=\"603\" height=\"384\" \/><\/a><figcaption id=\"caption-attachment-445666\" class=\"wp-caption-text\"><em>Secret\u00e1rio de Infraestrutura H\u00e9lio Peluffo <\/em><\/figcaption><\/figure>\n<p dir=\"ltr\">Acompanhado dos diretores da Agesul (Ag\u00eancia Estadual de Gest\u00e3o de Empreendimentos), Peluffo fez visita t\u00e9cnica \u00e0 rodovia paranaense PRC-280, que passou recentemente por obra de restaura\u00e7\u00e3o em pavimento r\u00edgido de concreto, no trecho entre as cidades de Palmas (PR) e General Carneiro (PR), no acesso a Santa Catarina. A estrada, que liga o Sudoeste paranaense ao Porto de Paranagu\u00e1, \u00e9 considerada um dos principais corredores log\u00edsticos do Estado.<\/p>\n<p dir=\"ltr\">\u201cNessa rodovia, foi utilizada a t\u00e9cnica\u00a0whitetopping, que consiste na restaura\u00e7\u00e3o do pavimento onde a estrutura existente (asfalto) foi aproveitada como base para a implanta\u00e7\u00e3o de uma camada r\u00edgida de concreto, que d\u00e1 maior durabilidade, maior resist\u00eancia e maior capacidade de tr\u00e1fego. A expectativa \u00e9 implementar isso em nosso Estado\u201d, explicou o diretor de Projetos e Or\u00e7amentos da Agesul, Dalvim Rom\u00e3o Junior.<\/p>\n<p dir=\"ltr\">Atualmente, Mato Grosso do Sul n\u00e3o possui nenhuma rodovia com pavimento r\u00edgido de concreto.<\/p>\n<div id=\"gallery-1\" class=\"gallery galleryid-445657 gallery-columns-3 gallery-size-large\">\n<figure class=\"gallery-item\">\n<div class=\"gallery-icon landscape\"><a href=\"https:\/\/agenciadenoticias.ms.gov.br\/governo-planeja-aplicar-pavimento-de-concreto-em-rodovias-com-movimento-intenso-de-cargas\/piso-rigido-palmas-fto-chico-ribeiro-197\/\"><img loading=\"lazy\" decoding=\"async\" class=\"attachment-large size-large\" src=\"https:\/\/agenciadenoticias.ms.gov.br\/wp-content\/uploads\/2023\/08\/Piso-rigido-Palmas-Fto-Chico-Ribeiro-197-1024x601.jpg\" sizes=\"auto, (max-width: 1024px) 100vw, 1024px\" srcset=\"https:\/\/agenciadenoticias.ms.gov.br\/wp-content\/uploads\/2023\/08\/Piso-rigido-Palmas-Fto-Chico-Ribeiro-197-1024x601.jpg 1024w, https:\/\/agenciadenoticias.ms.gov.br\/wp-content\/uploads\/2023\/08\/Piso-rigido-Palmas-Fto-Chico-Ribeiro-197-300x176.jpg 300w, https:\/\/agenciadenoticias.ms.gov.br\/wp-content\/uploads\/2023\/08\/Piso-rigido-Palmas-Fto-Chico-Ribeiro-197-768x451.jpg 768w, https:\/\/agenciadenoticias.ms.gov.br\/wp-content\/uploads\/2023\/08\/Piso-rigido-Palmas-Fto-Chico-Ribeiro-197-1536x902.jpg 1536w, https:\/\/agenciadenoticias.ms.gov.br\/wp-content\/uploads\/2023\/08\/Piso-rigido-Palmas-Fto-Chico-Ribeiro-197-350x205.jpg 350w, https:\/\/agenciadenoticias.ms.gov.br\/wp-content\/uploads\/2023\/08\/Piso-rigido-Palmas-Fto-Chico-Ribeiro-197.jpg 1920w\" alt=\"\" width=\"1024\" height=\"601\" \/><\/a><\/div>\n<\/figure>\n<figure class=\"gallery-item\">\n<div class=\"gallery-icon landscape\"><a href=\"https:\/\/agenciadenoticias.ms.gov.br\/governo-planeja-aplicar-pavimento-de-concreto-em-rodovias-com-movimento-intenso-de-cargas\/piso-rigido-palmas-fto-chico-ribeiro-266\/\"><img loading=\"lazy\" decoding=\"async\" class=\"attachment-large size-large\" src=\"https:\/\/agenciadenoticias.ms.gov.br\/wp-content\/uploads\/2023\/08\/Piso-rigido-Palmas-Fto-Chico-Ribeiro-266-1024x601.jpg\" sizes=\"auto, (max-width: 1024px) 100vw, 1024px\" srcset=\"https:\/\/agenciadenoticias.ms.gov.br\/wp-content\/uploads\/2023\/08\/Piso-rigido-Palmas-Fto-Chico-Ribeiro-266-1024x601.jpg 1024w, https:\/\/agenciadenoticias.ms.gov.br\/wp-content\/uploads\/2023\/08\/Piso-rigido-Palmas-Fto-Chico-Ribeiro-266-300x176.jpg 300w, https:\/\/agenciadenoticias.ms.gov.br\/wp-content\/uploads\/2023\/08\/Piso-rigido-Palmas-Fto-Chico-Ribeiro-266-768x451.jpg 768w, https:\/\/agenciadenoticias.ms.gov.br\/wp-content\/uploads\/2023\/08\/Piso-rigido-Palmas-Fto-Chico-Ribeiro-266-1536x902.jpg 1536w, https:\/\/agenciadenoticias.ms.gov.br\/wp-content\/uploads\/2023\/08\/Piso-rigido-Palmas-Fto-Chico-Ribeiro-266-350x205.jpg 350w, https:\/\/agenciadenoticias.ms.gov.br\/wp-content\/uploads\/2023\/08\/Piso-rigido-Palmas-Fto-Chico-Ribeiro-266.jpg 1920w\" alt=\"\" width=\"1024\" height=\"601\" \/><\/a><\/div>\n<\/figure>\n<figure class=\"gallery-item\">\n<div class=\"gallery-icon landscape\"><a href=\"https:\/\/agenciadenoticias.ms.gov.br\/governo-planeja-aplicar-pavimento-de-concreto-em-rodovias-com-movimento-intenso-de-cargas\/piso-rigido-palmas-fto-chico-ribeiro-240\/\"><img loading=\"lazy\" decoding=\"async\" class=\"attachment-large size-large\" src=\"https:\/\/agenciadenoticias.ms.gov.br\/wp-content\/uploads\/2023\/08\/Piso-rigido-Palmas-Fto-Chico-Ribeiro-240-1024x601.jpg\" sizes=\"auto, (max-width: 1024px) 100vw, 1024px\" srcset=\"https:\/\/agenciadenoticias.ms.gov.br\/wp-content\/uploads\/2023\/08\/Piso-rigido-Palmas-Fto-Chico-Ribeiro-240-1024x601.jpg 1024w, https:\/\/agenciadenoticias.ms.gov.br\/wp-content\/uploads\/2023\/08\/Piso-rigido-Palmas-Fto-Chico-Ribeiro-240-300x176.jpg 300w, https:\/\/agenciadenoticias.ms.gov.br\/wp-content\/uploads\/2023\/08\/Piso-rigido-Palmas-Fto-Chico-Ribeiro-240-768x451.jpg 768w, https:\/\/agenciadenoticias.ms.gov.br\/wp-content\/uploads\/2023\/08\/Piso-rigido-Palmas-Fto-Chico-Ribeiro-240-1536x902.jpg 1536w, https:\/\/agenciadenoticias.ms.gov.br\/wp-content\/uploads\/2023\/08\/Piso-rigido-Palmas-Fto-Chico-Ribeiro-240-350x205.jpg 350w, https:\/\/agenciadenoticias.ms.gov.br\/wp-content\/uploads\/2023\/08\/Piso-rigido-Palmas-Fto-Chico-Ribeiro-240.jpg 1920w\" alt=\"\" width=\"1024\" height=\"601\" \/><\/a><\/div>\n<\/figure>\n<\/div>\n<p><em>Bruno Chaves, Comunica\u00e7\u00e3o Seilog <\/em><br \/>\n<em>Fotos: Chico Ribeiro<\/em><\/p>\n","protected":false},"excerpt":{"rendered":"<p>Com vida \u00fatil de at\u00e9 20 anos e baixo custo de manuten\u00e7\u00e3o, o pavimento r\u00edgido de concreto tem sido utilizado h\u00e1 anos em rodovias brasileiras. Segundo engenheiros, a t\u00e9cnica supera o asfalto quando se trata de benef\u00edcios \u00e0s rodovias e tamb\u00e9m aos motoristas. Al\u00e9m de durar mais, o concreto proporciona maior resist\u00eancia da estrada ao [&hellip;]<\/p>\n","protected":false},"author":5,"featured_media":248006,"comment_status":"closed","ping_status":"closed","sticky":false,"template":"","format":"standard","meta":{"footnotes":""},"categories":[23,37],"tags":[],"class_list":["post-248017","post","type-post","status-publish","format-standard","has-post-thumbnail","hentry","category-chapadao-do-sul","category-politica"],"_links":{"self":[{"href":"https:\/\/www.ocorreionews.com.br\/acervo-correio\/index.php?rest_route=\/wp\/v2\/posts\/248017","targetHints":{"allow":["GET"]}}],"collection":[{"href":"https:\/\/www.ocorreionews.com.br\/acervo-correio\/index.php?rest_route=\/wp\/v2\/posts"}],"about":[{"href":"https:\/\/www.ocorreionews.com.br\/acervo-correio\/index.php?rest_route=\/wp\/v2\/types\/post"}],"author":[{"embeddable":true,"href":"https:\/\/www.ocorreionews.com.br\/acervo-correio\/index.php?rest_route=\/wp\/v2\/users\/5"}],"replies":[{"embeddable":true,"href":"https:\/\/www.ocorreionews.com.br\/acervo-correio\/index.php?rest_route=%2Fwp%2Fv2%2Fcomments&post=248017"}],"version-history":[{"count":1,"href":"https:\/\/www.ocorreionews.com.br\/acervo-correio\/index.php?rest_route=\/wp\/v2\/posts\/248017\/revisions"}],"predecessor-version":[{"id":248018,"href":"https:\/\/www.ocorreionews.com.br\/acervo-correio\/index.php?rest_route=\/wp\/v2\/posts\/248017\/revisions\/248018"}],"wp:featuredmedia":[{"embeddable":true,"href":"https:\/\/www.ocorreionews.com.br\/acervo-correio\/index.php?rest_route=\/wp\/v2\/media\/248006"}],"wp:attachment":[{"href":"https:\/\/www.ocorreionews.com.br\/acervo-correio\/index.php?rest_route=%2Fwp%2Fv2%2Fmedia&parent=248017"}],"wp:term":[{"taxonomy":"category","embeddable":true,"href":"https:\/\/www.ocorreionews.com.br\/acervo-correio\/index.php?rest_route=%2Fwp%2Fv2%2Fcategories&post=248017"},{"taxonomy":"post_tag","embeddable":true,"href":"https:\/\/www.ocorreionews.com.br\/acervo-correio\/index.php?rest_route=%2Fwp%2Fv2%2Ftags&post=248017"}],"curies":[{"name":"wp","href":"https:\/\/api.w.org\/{rel}","templated":true}]}}